{"id":68535,"date":"2024-12-11T14:42:36","date_gmt":"2024-12-11T20:42:36","guid":{"rendered":"https:\/\/diarioavanzada.com.mx\/?p=68535"},"modified":"2024-12-11T14:42:36","modified_gmt":"2024-12-11T20:42:36","slug":"dos-adultos-mayores-resultan-gravemente-heridos-tras-ser-atacados-a-balazos-en-tecoman","status":"publish","type":"post","link":"https:\/\/diarioavanzada.com.mx\/?p=68535","title":{"rendered":"Dos adultos mayores resultan gravemente heridos tras ser atacados a balazos en Tecom\u00e1n"},"content":{"rendered":"\n<p class=\"wp-block-paragraph\"><em>No hay ninguna receta m\u00e1gica, ni descubriremos el hilo negro, se requiere convicci\u00f3n, compromiso, honestidad y sobretodo constancia, para alcanzar los niveles de paz y bienestar que anhelamos: Indira Vizca\u00edno Silva.<\/em><\/p>\n\n\n\n<p class=\"wp-block-paragraph\">Colima, M\u00e9xico, Avanzada (11\/12\/2025).- Este martes, una pareja de adultos mayores de 71 y 67 a\u00f1os fue atacada a balazos mientras circulaban en una camioneta Nissan de redilas sobre la carretera Cerro de Ortega-Tecom\u00e1n, en Colima. La agresi\u00f3n ocurri\u00f3 a unos 400 metros del crucero de San Miguel Ojo de Agua, aproximadamente a 2 kil\u00f3metros de Cerro de Ortega, en direcci\u00f3n hacia Tecom\u00e1n.<\/p>\n\n\n\n<p class=\"wp-block-paragraph\">De acuerdo con los primeros informes, sujetos desconocidos a bordo de una motocicleta interceptaron a la pareja y dispararon en su contra, dej\u00e1ndolos gravemente heridos. Las autoridades no han revelado las posibles causas de la agresi\u00f3n, mientras que los responsables lograron huir del lugar.<\/p>\n\n\n\n<p class=\"wp-block-paragraph\">Las v\u00edctimas, un hombre y una mujer, fueron trasladadas de urgencia a un hospital para recibir atenci\u00f3n m\u00e9dica, donde su estado de salud se reporta como grave. La Fiscal\u00eda General del Estado de Colima, con el apoyo de corporaciones de seguridad, acordon\u00f3 la zona y recab\u00f3 evidencias para la integraci\u00f3n de la carpeta de investigaci\u00f3n.<\/p>\n\n\n\n<p class=\"wp-block-paragraph\">La carretera Cerro de Ortega-Tecom\u00e1n es conocida por ser una de las zonas con mayores problemas de violencia en el estado, donde tambi\u00e9n se han localizado fosas clandestinas. Este incidente se suma a la escalada de violencia en Colima, donde las agresiones armadas no respetan edad ni condici\u00f3n de las v\u00edctimas.<\/p>\n\n\n\n<p class=\"wp-block-paragraph\">Cabe recordar que esta no es la \u00fanica agresi\u00f3n reciente que ha conmocionado a la entidad. El pasado martes 3 de diciembre, un menor de 13 a\u00f1os que vend\u00eda pan en la poblaci\u00f3n de El Colomo, en Manzanillo, perdi\u00f3 la vida tras recibir un impacto de bala. Seg\u00fan testigos, un grupo armado dispar\u00f3 contra un hombre y una de las balas alcanz\u00f3 al menor, quien falleci\u00f3 en el lugar.<\/p>\n\n\n\n<p class=\"wp-block-paragraph\"><\/p>\n<div class=\"fb-background-color\">\n\t\t\t  <div \n\t\t\t  \tclass = \"fb-comments\" \n\t\t\t  \tdata-href = \"https:\/\/diarioavanzada.com.mx\/?p=68535\"\n\t\t\t  \tdata-numposts = \"10\"\n\t\t\t  \tdata-lazy = \"true\"\n\t\t\t\tdata-colorscheme = \"light\"\n\t\t\t\tdata-order-by = \"social\"\n\t\t\t\tdata-mobile=true>\n\t\t\t  <\/div><\/div>\n\t\t  <style>\n\t\t    .fb-background-color {\n\t\t\t\tbackground:  !important;\n\t\t\t}\n\t\t\t.fb_iframe_widget_fluid_desktop iframe {\n\t\t\t    width: 100% !important;\n\t\t\t}\n\t\t  <\/style>\n\t\t  ","protected":false},"excerpt":{"rendered":"<p>No hay ninguna receta m\u00e1gica, ni descubriremos el hilo negro, se requiere convicci\u00f3n, compromiso, honestidad y sobretodo constancia, para alcanzar los niveles de paz y bienestar que anhelamos: Indira Vizca\u00edno Silva. Colima, M\u00e9xico, Avanzada (11\/12\/2025).- Este martes, una pareja de adultos mayores de 71 y 67 a\u00f1os fue atacada a balazos mientras circulaban en una [&hellip;]<\/p>\n","protected":false},"author":7,"featured_media":68570,"comment_status":"closed","ping_status":"closed","sticky":false,"template":"","format":"standard","meta":{"_coblocks_attr":"","_coblocks_dimensions":"","_coblocks_responsive_height":"","_coblocks_accordion_ie_support":"","_crdt_document":"","advanced_seo_description":"","jetpack_seo_html_title":"","jetpack_seo_noindex":false,"_jetpack_memberships_contains_paid_content":false,"footnotes":""},"categories":[19,209,7,231],"tags":[],"class_list":["post-68535","post","type-post","status-publish","format-standard","has-post-thumbnail","hentry","category-colima","category-importantes","category-noticias","category-seguridad"],"jetpack_featured_media_url":"https:\/\/diarioavanzada.com.mx\/wp-content\/uploads\/2024\/12\/img_1405-1.jpg","jetpack-related-posts":[],"jetpack_sharing_enabled":true,"amp_enabled":true,"_links":{"self":[{"href":"https:\/\/diarioavanzada.com.mx\/index.php?rest_route=\/wp\/v2\/posts\/68535","targetHints":{"allow":["GET"]}}],"collection":[{"href":"https:\/\/diarioavanzada.com.mx\/index.php?rest_route=\/wp\/v2\/posts"}],"about":[{"href":"https:\/\/diarioavanzada.com.mx\/index.php?rest_route=\/wp\/v2\/types\/post"}],"author":[{"embeddable":true,"href":"https:\/\/diarioavanzada.com.mx\/index.php?rest_route=\/wp\/v2\/users\/7"}],"replies":[{"embeddable":true,"href":"https:\/\/diarioavanzada.com.mx\/index.php?rest_route=%2Fwp%2Fv2%2Fcomments&post=68535"}],"version-history":[{"count":2,"href":"https:\/\/diarioavanzada.com.mx\/index.php?rest_route=\/wp\/v2\/posts\/68535\/revisions"}],"predecessor-version":[{"id":68571,"href":"https:\/\/diarioavanzada.com.mx\/index.php?rest_route=\/wp\/v2\/posts\/68535\/revisions\/68571"}],"wp:featuredmedia":[{"embeddable":true,"href":"https:\/\/diarioavanzada.com.mx\/index.php?rest_route=\/wp\/v2\/media\/68570"}],"wp:attachment":[{"href":"https:\/\/diarioavanzada.com.mx\/index.php?rest_route=%2Fwp%2Fv2%2Fmedia&parent=68535"}],"wp:term":[{"taxonomy":"category","embeddable":true,"href":"https:\/\/diarioavanzada.com.mx\/index.php?rest_route=%2Fwp%2Fv2%2Fcategories&post=68535"},{"taxonomy":"post_tag","embeddable":true,"href":"https:\/\/diarioavanzada.com.mx\/index.php?rest_route=%2Fwp%2Fv2%2Ftags&post=68535"}],"curies":[{"name":"wp","href":"https:\/\/api.w.org\/{rel}","templated":true}]}}