{"id":68521,"date":"2024-12-11T08:00:02","date_gmt":"2024-12-11T14:00:02","guid":{"rendered":"https:\/\/diarioavanzada.com.mx\/?p=68521"},"modified":"2024-12-11T08:05:10","modified_gmt":"2024-12-11T14:05:10","slug":"talan-parotas-para-beneficio-economico-privado","status":"publish","type":"post","link":"https:\/\/diarioavanzada.com.mx\/?p=68521","title":{"rendered":"Talan parotas para beneficio econ\u00f3mico privado"},"content":{"rendered":"\n<p class=\"wp-block-paragraph\">Columna<\/p>\n\n\n\n<p class=\"wp-block-paragraph\">El Puercoesp\u00edn&nbsp;<\/p>\n\n\n\n<p class=\"s4 wp-block-paragraph\">Recuerdo a la directora del Instituto del Medio Ambiente y Desarrollo Sustentable del Estado de Colima (Imades) en una entrevista que le hicieron en Exa 99.7 donde expres\u00f3que la flora que se encontraban en la Zona Natural Protegida de La Campana eran unos cuantos&nbsp;\u201cguizacillos\u201d&nbsp;y no hab\u00eda que hacer mayor esc\u00e1ndalo. Lo dijo cuando fue duramente criticado un concierto&nbsp;de rock&nbsp;que se hizo all\u00ed,&nbsp;con fines&nbsp;estrictamente&nbsp;comerciales, la zona para su mantenimiento recibi\u00f3 la fabulosa&nbsp;y generosa&nbsp;cantidad de 40 mil pesos.&nbsp;<\/p>\n\n\n\n<p class=\"s4 wp-block-paragraph\">Lo anterior vino a mi mente porque actualmente est\u00e1n haciendo podas severas y talando parotas en un predio ubicado en la zona sur de la ciudad de Colima, exactamente frente a las instalaciones de la cl\u00ednica 19 del IMSS.<\/p>\n\n\n\n<p class=\"s4 wp-block-paragraph\">Cuando se realizan este tipo de podas severas el siguiente paso es el derribo del \u00e1rbol.&nbsp;No est\u00e1 dem\u00e1s recordar que la parota es una especie natural protegida. Lo cual significa que quien da\u00f1e o tale ilegalmente una parota puede recibir como castigo la c\u00e1rcel.&nbsp;<\/p>\n\n\n\n<p class=\"s4 wp-block-paragraph\">Se trata de un conjunto de espl\u00e9ndidos ejemplares de parotas, especie end\u00e9mica del estado de Colima y toda la regi\u00f3n centro occidente. Una especie end\u00e9mica es cualquier especie (animal, vegetal o de otro reino biol\u00f3gico) que habita en una regi\u00f3n geogr\u00e1fica restringida y, por tanto, no puede hallarse de manera natural fuera de esa \u00e1rea de distribuci\u00f3n.El \u00e1rea de distribuci\u00f3n de una especie end\u00e9mica es aquella que tiene las condiciones adecuadas para su supervivencia.<br \/><br \/>El 11 de agosto de 2011 fue publicado el decreto que declara a las parotas como una especie protegida, en su&nbsp;art\u00edculo primero dice textualmente: \u201cSe declara a la especie Enterolobium cyclocarpum (Jacq Griseb) m\u00e1s conocida como &#8220;Parota&#8221;, como una especie protegida para su conservaci\u00f3n, por la legislaci\u00f3n del Estado de Colima, por las cualidades que la misma contiene para el desarrollo y bienestar del hombre en su contacto con el medio ambiente.\u201d<\/p>\n\n\n\n<p class=\"s4 wp-block-paragraph\">El mismo decreto estable las condiciones cu\u00e1ndo un ejemplar puede ser podado severamente o talado para el aprovechamiento de un determinado predio o causa de utilidad p\u00fablica.&nbsp;<\/p>\n\n\n\n<p class=\"s4 wp-block-paragraph\">ART\u00cdCULO 6.- Los ejemplares ubicados en el predio a aprovechar, deber\u00e1n ser valorados mediante un Dictamen T\u00e9cnico que emitir\u00e1 la autoridad ambiental competente, avalando la factibilidad de derribo, poda o trasplante de \u00e1rboles; estableciendo el buen estado vegetativo y est\u00e9tico de la especie Enterolobium cyclocarpum. Los ejemplares aptos para su trasplante, se har\u00e1 hacia terrenos que no vayan a ser afectados por el desarrollo urbano o en predios donde la autoridad lo indique, asesorando t\u00e9cnicamente a los propietarios de las medidas para el trasplante; y los costos ser\u00e1n a cargo del promovente.&nbsp;Si el promovente desea omitir el Programa de Reforestaci\u00f3n mencionado anteriormente, con relaci\u00f3n a la especie Enterolobium cyclocarpum, deber\u00e1 realizar la obra o actividad pretendida sin afectar a la especie, respetando su conservaci\u00f3n, debiendo de quedar ubicados ejemplares en \u00e1reas de destino para espacios verdes.&nbsp;La poda y derribo de ejemplares&nbsp;de&nbsp;Parota s\u00f3lo podr\u00e1 realizarse previa obtenci\u00f3n del permiso o autorizaci\u00f3n correspondiente de la autoridad Ambiental competente.&nbsp;No pueden ser talados ni perjudicados en ninguna v\u00eda, ni se podr\u00e1 alterar su entorno inmediato, excepto por motivos de conservaci\u00f3n del propio \u00e1rbol; a excepci\u00f3n que se de alguno de los criterios siguientes: I. II. III. IV. V. VI. Cuando el ejemplar arb\u00f3reo padezca una enfermedad fatal que pueda afectar a otros ejemplares arb\u00f3reos o se trate de un ejemplar muerto; Cuando su ubicaci\u00f3n y condiciones fitosanitarias o inclinaci\u00f3n representen un peligro inminente para los ciudadanos, peatones, automovilistas, la comunidad o los vecinos del lugar; Cuando sea nocivo para otras especies o ejemplares alrededor de \u00e9l;&nbsp;Cuando se trate de proyectos urbanos o viales municipales o del Gobierno Estatal,previo el estudio y aprobaci\u00f3n por parte de la autoridad competente. En dicho caso deber\u00e1 especificarse el tratamiento y compensaci\u00f3n de ejemplares; Cuando se compruebe que existe riesgo de alg\u00fan desastre causado por el desplome de uno o varios ejemplares; Todas las dem\u00e1s en que se requiera la salvaguarda de la integridad de las personas o sus bienes; VII. Presentar solicitud por escrito, en los formatos y con los lineamientos que al efecto emita la autoridad ambiental competente; y VIII. Para el caso de poda, s\u00f3lo se autorizar\u00e1 para aquellos espec\u00edmenes que por sus caracter\u00edsticas puedan causar da\u00f1o a personas o bienes, estableci\u00e9ndose como medidas de compensaci\u00f3n la obligaci\u00f3n del promovente de donar diez especies por cada \u00e1rbol podado, a la autoridad competente, los cuales deber\u00e1n tener una altura m\u00ednima de un metro con cincuenta cent\u00edmetros. Los supuestos anteriores, deber\u00e1n ser debidamente consultados y autorizados por el Comit\u00e9 para la Conservaci\u00f3n y Protecci\u00f3n de la Parota.<\/p>\n\n\n\n<p class=\"s4 wp-block-paragraph\">Las parotas podadas severamente enfrente de la cl\u00ednica 19 del IMSS a simple vista se ven saludables&nbsp;y aparentemente no caen en ninguno de los supuestos establecidos en el art\u00edculo seis y sus ocho fracciones.<\/p>\n\n\n\n<p class=\"s4 wp-block-paragraph\">Es obvio que la poda severa es el pre\u00e1mbulo a su derribamiento,&nbsp;violando, ante los ojos de todos los habitantes de Colima, la ley que las protege.&nbsp;De las autoridades ni que hablar: no ven, no oyen, fingen demencia y el patrimonio ecol\u00f3gico es destruido ante la indolencia del gobierno que son los responsables de proteger la flora end\u00e9mica de la regi\u00f3n y sobre todo la protegida legalmente.<\/p>\n\n\n\n<p class=\"s4 wp-block-paragraph\">Est\u00e1 claro que la poda y el derribo de las parotas es un crimen ecol\u00f3gico que a todos nos ofende.&nbsp;<\/p>\n\n\n\n<p class=\"s4 wp-block-paragraph\">\u00bfA qu\u00e9 empresarios estar\u00e1 beneficiando el gobierno? Pregunta pertinente.&nbsp;<\/p>\n\n\n\n<p class=\"s4 wp-block-paragraph\">Si derriban esas parotas despu\u00e9s no nos quejemos de la falta de agua, porque frente a nuestros ojos se est\u00e1 destruyendo el medio natural y nada estamos haciendo para evitarlo.&nbsp;<\/p>\n\n\n\n<p class=\"s4 wp-block-paragraph\">\u00bfD\u00f3nde est\u00e1n las autoridades?<\/p>\n\n\n\n<p class=\"s4 wp-block-paragraph\">&nbsp;<\/p>\n<div class=\"fb-background-color\">\n\t\t\t  <div \n\t\t\t  \tclass = \"fb-comments\" \n\t\t\t  \tdata-href = \"https:\/\/diarioavanzada.com.mx\/?p=68521\"\n\t\t\t  \tdata-numposts = \"10\"\n\t\t\t  \tdata-lazy = \"true\"\n\t\t\t\tdata-colorscheme = \"light\"\n\t\t\t\tdata-order-by = \"social\"\n\t\t\t\tdata-mobile=true>\n\t\t\t  <\/div><\/div>\n\t\t  <style>\n\t\t    .fb-background-color {\n\t\t\t\tbackground:  !important;\n\t\t\t}\n\t\t\t.fb_iframe_widget_fluid_desktop iframe {\n\t\t\t    width: 100% !important;\n\t\t\t}\n\t\t  <\/style>\n\t\t  ","protected":false},"excerpt":{"rendered":"<p>Columna El Puercoesp\u00edn&nbsp; Recuerdo a la directora del Instituto del Medio Ambiente y Desarrollo Sustentable del Estado de Colima (Imades) en una entrevista que le hicieron en Exa 99.7 donde expres\u00f3que la flora que se encontraban en la Zona Natural Protegida de La Campana eran unos cuantos&nbsp;\u201cguizacillos\u201d&nbsp;y no hab\u00eda que hacer mayor esc\u00e1ndalo. Lo dijo [&hellip;]<\/p>\n","protected":false},"author":9,"featured_media":68520,"comment_status":"closed","ping_status":"closed","sticky":false,"template":"","format":"standard","meta":{"_coblocks_attr":"","_coblocks_dimensions":"","_coblocks_responsive_height":"","_coblocks_accordion_ie_support":"","advanced_seo_description":"","jetpack_seo_html_title":"","jetpack_seo_noindex":false,"jetpack_seo_schema_type":"","_jetpack_newsletter_access":"","_jetpack_dont_email_post_to_subs":false,"_jetpack_newsletter_tier_id":0,"_jetpack_memberships_contains_paywalled_content":false,"_wpcom_ai_launchpad_first_post":false,"_jetpack_feature_clip_id":0,"_jetpack_memberships_contains_paid_content":false,"footnotes":"","jetpack_post_was_ever_published":false},"categories":[19,209,24],"tags":[],"class_list":["post-68521","post","type-post","status-publish","format-standard","has-post-thumbnail","hentry","category-colima","category-importantes","category-opinion"],"jetpack-related-posts":[],"jetpack_sharing_enabled":true,"amp_enabled":true,"jetpack_featured_media_url":"https:\/\/diarioavanzada.com.mx\/wp-content\/uploads\/2024\/12\/3bb2b5ad-0fc1-403f-9f23-41dd2ad6e1a0-1.jpg","_links":{"self":[{"href":"https:\/\/diarioavanzada.com.mx\/index.php?rest_route=\/wp\/v2\/posts\/68521","targetHints":{"allow":["GET"]}}],"collection":[{"href":"https:\/\/diarioavanzada.com.mx\/index.php?rest_route=\/wp\/v2\/posts"}],"about":[{"href":"https:\/\/diarioavanzada.com.mx\/index.php?rest_route=\/wp\/v2\/types\/post"}],"author":[{"embeddable":true,"href":"https:\/\/diarioavanzada.com.mx\/index.php?rest_route=\/wp\/v2\/users\/9"}],"replies":[{"embeddable":true,"href":"https:\/\/diarioavanzada.com.mx\/index.php?rest_route=%2Fwp%2Fv2%2Fcomments&post=68521"}],"version-history":[{"count":3,"href":"https:\/\/diarioavanzada.com.mx\/index.php?rest_route=\/wp\/v2\/posts\/68521\/revisions"}],"predecessor-version":[{"id":68547,"href":"https:\/\/diarioavanzada.com.mx\/index.php?rest_route=\/wp\/v2\/posts\/68521\/revisions\/68547"}],"wp:featuredmedia":[{"embeddable":true,"href":"https:\/\/diarioavanzada.com.mx\/index.php?rest_route=\/wp\/v2\/media\/68520"}],"wp:attachment":[{"href":"https:\/\/diarioavanzada.com.mx\/index.php?rest_route=%2Fwp%2Fv2%2Fmedia&parent=68521"}],"wp:term":[{"taxonomy":"category","embeddable":true,"href":"https:\/\/diarioavanzada.com.mx\/index.php?rest_route=%2Fwp%2Fv2%2Fcategories&post=68521"},{"taxonomy":"post_tag","embeddable":true,"href":"https:\/\/diarioavanzada.com.mx\/index.php?rest_route=%2Fwp%2Fv2%2Ftags&post=68521"}],"curies":[{"name":"wp","href":"https:\/\/api.w.org\/{rel}","templated":true}]}}