{"id":68463,"date":"2024-12-10T21:07:44","date_gmt":"2024-12-11T03:07:44","guid":{"rendered":"https:\/\/diarioavanzada.com.mx\/?p=68463"},"modified":"2024-12-10T21:08:19","modified_gmt":"2024-12-11T03:08:19","slug":"convocan-a-la-semana-de-las-ingenierias-para-estudiantes-de-bachillerato","status":"publish","type":"post","link":"https:\/\/diarioavanzada.com.mx\/?p=68463","title":{"rendered":"Convocan a la Semana de las Ingenier\u00edas para estudiantes de bachillerato"},"content":{"rendered":"\n<p class=\"wp-block-paragraph\"><em>La Semana de las Ingenier\u00edas busca apoyar a los y las estudiantes en la toma de decisiones fundamentadas al elegir una carrera profesional.<\/em><\/p>\n\n\n\n<p class=\"wp-block-paragraph\">Colima, M\u00e9xico, Avanzada (10\/12\/2024).- La Universidad de Colima, a trav\u00e9s de su Direcci\u00f3n General de Educaci\u00f3n Media Superior (DGEMS), invita a estudiantes de tercero y quinto semestre de bachillerato a participar en la Semana de las Ingenier\u00edas, un evento dise\u00f1ado para orientar vocaciones profesionales. Este evento se llevar\u00e1 a cabo del 20 al 24 de enero en el campus Coquimatl\u00e1n, de 10 de la ma\u00f1ana a 2 de la tarde.<\/p>\n\n\n\n<p class=\"wp-block-paragraph\">La Semana de las Ingenier\u00edas busca apoyar a los y las estudiantes en la toma de decisiones fundamentadas al elegir una carrera profesional. Durante esta actividad, los y las participantes podr\u00e1n conocer las diversas carreras en las \u00e1reas de Qu\u00edmico-Biol\u00f3gicas, Dise\u00f1o e Ingenier\u00edas Mec\u00e1nica y Civil que ofrece la Universidad de Colima. Adem\u00e1s, tendr\u00e1n la oportunidad de realizar pr\u00e1cticas en laboratorios y conversar con investigadores, obteniendo as\u00ed una experiencia inmersiva en el entorno acad\u00e9mico.<\/p>\n\n\n\n<p class=\"wp-block-paragraph\">El titular de la DGEMS, Mart\u00edn Jes\u00fas Robles de Anda, destac\u00f3 que esta iniciativa busca generar un v\u00ednculo entre las facultades y los bachilleratos universitarios, permitiendo a los estudiantes conocer de cerca las opciones acad\u00e9micas de la Universidad y avanzar en un discernimiento vocacional informado.<\/p>\n\n\n\n<p class=\"wp-block-paragraph\">Esta primera edici\u00f3n est\u00e1 considerando la participaci\u00f3n de 145 alumnos de los bachilleratos 1, 2, 3, 4, 15, 16, 18, 30, 33 y 34, que pertenecen a las delegaciones de Colima y Villa de \u00c1lvarez. Posteriormente, se planea replicar el evento en otras delegaciones.<\/p>\n\n\n\n<p class=\"wp-block-paragraph\">Durante la Semana de las Ingenier\u00edas, los y las estudiantes participar\u00e1n en actividades como: Charlas de divulgaci\u00f3n, desarrollo de pr\u00e1cticas guiadas en los laboratorios, recorridos por las instalaciones de las facultades y conversaciones con investigadores.<\/p>\n\n\n\n<p class=\"wp-block-paragraph\">Las facultades que participar\u00e1n son las de Ingenier\u00eda Mec\u00e1nica y El\u00e9ctrica, Ciencias Qu\u00edmicas, de Ingenier\u00eda Civil y de Arquitectura y Dise\u00f1o.<\/p>\n\n\n\n<p class=\"wp-block-paragraph\">Para participar, las y los estudiantes deben cumplir con los siguientes requisitos: Ser alumnos regulares (no adeudar materias), estar inscritos en tercero o quinto semestre de bachillerato, contar con disponibilidad para participar en el programa durante toda la semana, asistir puntualmente a las actividades programadas y tener la autorizaci\u00f3n de sus padres o tutores.<\/p>\n\n\n\n<p class=\"wp-block-paragraph\">El periodo de inscripci\u00f3n estar\u00e1 abierto del 9 de diciembre al 15 de enero. El cupo es limitado, por lo que se recomienda a los interesados inscribirse lo antes posible.<\/p>\n\n\n\n<p class=\"wp-block-paragraph\">Esta actividad se realizar\u00e1 anualmente y representa una oportunidad \u00fanica para los estudiantes de vivir una experiencia acad\u00e9mica enriquecedora en las ingenier\u00edas y \u00e1reas de dise\u00f1o que ofrece la Universidad de Colima.<\/p>\n\n\n\n<figure class=\"wp-block-image size-large\"><img loading=\"lazy\" decoding=\"async\" width=\"1024\" height=\"683\" src=\"https:\/\/diarioavanzada.com.mx\/wp-content\/uploads\/2024\/12\/Convocan-a-Semana-de-las-Ingenierias-para-estudiantes-de-bachillerato_Martin-Robles_a-1024x683.jpg\" alt=\"\" class=\"wp-image-68468\" srcset=\"https:\/\/diarioavanzada.com.mx\/wp-content\/uploads\/2024\/12\/Convocan-a-Semana-de-las-Ingenierias-para-estudiantes-de-bachillerato_Martin-Robles_a-1024x683.jpg 1024w, https:\/\/diarioavanzada.com.mx\/wp-content\/uploads\/2024\/12\/Convocan-a-Semana-de-las-Ingenierias-para-estudiantes-de-bachillerato_Martin-Robles_a-300x200.jpg 300w, https:\/\/diarioavanzada.com.mx\/wp-content\/uploads\/2024\/12\/Convocan-a-Semana-de-las-Ingenierias-para-estudiantes-de-bachillerato_Martin-Robles_a-768x512.jpg 768w, https:\/\/diarioavanzada.com.mx\/wp-content\/uploads\/2024\/12\/Convocan-a-Semana-de-las-Ingenierias-para-estudiantes-de-bachillerato_Martin-Robles_a-1200x800.jpg 1200w, https:\/\/diarioavanzada.com.mx\/wp-content\/uploads\/2024\/12\/Convocan-a-Semana-de-las-Ingenierias-para-estudiantes-de-bachillerato_Martin-Robles_a.jpg 1224w\" sizes=\"auto, (max-width: 1024px) 100vw, 1024px\" \/><\/figure>\n\n\n\n<figure class=\"wp-block-image size-large\"><img loading=\"lazy\" decoding=\"async\" width=\"1024\" height=\"683\" src=\"https:\/\/diarioavanzada.com.mx\/wp-content\/uploads\/2024\/12\/Convocan-a-Semana-de-las-Ingenierias-para-estudiantes-de-bachillerato-1024x683.jpg\" alt=\"\" class=\"wp-image-68470\" srcset=\"https:\/\/diarioavanzada.com.mx\/wp-content\/uploads\/2024\/12\/Convocan-a-Semana-de-las-Ingenierias-para-estudiantes-de-bachillerato-1024x683.jpg 1024w, https:\/\/diarioavanzada.com.mx\/wp-content\/uploads\/2024\/12\/Convocan-a-Semana-de-las-Ingenierias-para-estudiantes-de-bachillerato-300x200.jpg 300w, https:\/\/diarioavanzada.com.mx\/wp-content\/uploads\/2024\/12\/Convocan-a-Semana-de-las-Ingenierias-para-estudiantes-de-bachillerato-768x512.jpg 768w, https:\/\/diarioavanzada.com.mx\/wp-content\/uploads\/2024\/12\/Convocan-a-Semana-de-las-Ingenierias-para-estudiantes-de-bachillerato-1200x800.jpg 1200w, https:\/\/diarioavanzada.com.mx\/wp-content\/uploads\/2024\/12\/Convocan-a-Semana-de-las-Ingenierias-para-estudiantes-de-bachillerato.jpg 1224w\" sizes=\"auto, (max-width: 1024px) 100vw, 1024px\" \/><\/figure>\n\n\n\n<figure class=\"wp-block-image size-large\"><img loading=\"lazy\" decoding=\"async\" width=\"1024\" height=\"683\" src=\"https:\/\/diarioavanzada.com.mx\/wp-content\/uploads\/2024\/12\/Convocan-a-Semana-de-las-Ingenierias-para-estudiantes-de-bachillerato_Martin-Robles-1024x683.jpg\" alt=\"\" class=\"wp-image-68472\" srcset=\"https:\/\/diarioavanzada.com.mx\/wp-content\/uploads\/2024\/12\/Convocan-a-Semana-de-las-Ingenierias-para-estudiantes-de-bachillerato_Martin-Robles-1024x683.jpg 1024w, https:\/\/diarioavanzada.com.mx\/wp-content\/uploads\/2024\/12\/Convocan-a-Semana-de-las-Ingenierias-para-estudiantes-de-bachillerato_Martin-Robles-300x200.jpg 300w, https:\/\/diarioavanzada.com.mx\/wp-content\/uploads\/2024\/12\/Convocan-a-Semana-de-las-Ingenierias-para-estudiantes-de-bachillerato_Martin-Robles-768x512.jpg 768w, https:\/\/diarioavanzada.com.mx\/wp-content\/uploads\/2024\/12\/Convocan-a-Semana-de-las-Ingenierias-para-estudiantes-de-bachillerato_Martin-Robles-1200x800.jpg 1200w, https:\/\/diarioavanzada.com.mx\/wp-content\/uploads\/2024\/12\/Convocan-a-Semana-de-las-Ingenierias-para-estudiantes-de-bachillerato_Martin-Robles.jpg 1224w\" sizes=\"auto, (max-width: 1024px) 100vw, 1024px\" \/><\/figure>\n\n\n\n<p class=\"wp-block-paragraph\"><\/p>\n<div class=\"fb-background-color\">\n\t\t\t  <div \n\t\t\t  \tclass = \"fb-comments\" \n\t\t\t  \tdata-href = \"https:\/\/diarioavanzada.com.mx\/?p=68463\"\n\t\t\t  \tdata-numposts = \"10\"\n\t\t\t  \tdata-lazy = \"true\"\n\t\t\t\tdata-colorscheme = \"light\"\n\t\t\t\tdata-order-by = \"social\"\n\t\t\t\tdata-mobile=true>\n\t\t\t  <\/div><\/div>\n\t\t  <style>\n\t\t    .fb-background-color {\n\t\t\t\tbackground:  !important;\n\t\t\t}\n\t\t\t.fb_iframe_widget_fluid_desktop iframe {\n\t\t\t    width: 100% !important;\n\t\t\t}\n\t\t  <\/style>\n\t\t  ","protected":false},"excerpt":{"rendered":"<p>La Semana de las Ingenier\u00edas busca apoyar a los y las estudiantes en la toma de decisiones fundamentadas al elegir una carrera profesional. Colima, M\u00e9xico, Avanzada (10\/12\/2024).- La Universidad de Colima, a trav\u00e9s de su Direcci\u00f3n General de Educaci\u00f3n Media Superior (DGEMS), invita a estudiantes de tercero y quinto semestre de bachillerato a participar en [&hellip;]<\/p>\n","protected":false},"author":7,"featured_media":68509,"comment_status":"closed","ping_status":"closed","sticky":false,"template":"","format":"standard","meta":{"_coblocks_attr":"","_coblocks_dimensions":"","_coblocks_responsive_height":"","_coblocks_accordion_ie_support":"","_crdt_document":"","advanced_seo_description":"","jetpack_seo_html_title":"","jetpack_seo_noindex":false,"_jetpack_memberships_contains_paid_content":false,"footnotes":""},"categories":[7],"tags":[],"class_list":["post-68463","post","type-post","status-publish","format-standard","has-post-thumbnail","hentry","category-noticias"],"jetpack_featured_media_url":"https:\/\/diarioavanzada.com.mx\/wp-content\/uploads\/2024\/12\/img_5582-1.jpg","jetpack-related-posts":[],"jetpack_sharing_enabled":true,"amp_enabled":true,"_links":{"self":[{"href":"https:\/\/diarioavanzada.com.mx\/index.php?rest_route=\/wp\/v2\/posts\/68463","targetHints":{"allow":["GET"]}}],"collection":[{"href":"https:\/\/diarioavanzada.com.mx\/index.php?rest_route=\/wp\/v2\/posts"}],"about":[{"href":"https:\/\/diarioavanzada.com.mx\/index.php?rest_route=\/wp\/v2\/types\/post"}],"author":[{"embeddable":true,"href":"https:\/\/diarioavanzada.com.mx\/index.php?rest_route=\/wp\/v2\/users\/7"}],"replies":[{"embeddable":true,"href":"https:\/\/diarioavanzada.com.mx\/index.php?rest_route=%2Fwp%2Fv2%2Fcomments&post=68463"}],"version-history":[{"count":5,"href":"https:\/\/diarioavanzada.com.mx\/index.php?rest_route=\/wp\/v2\/posts\/68463\/revisions"}],"predecessor-version":[{"id":68508,"href":"https:\/\/diarioavanzada.com.mx\/index.php?rest_route=\/wp\/v2\/posts\/68463\/revisions\/68508"}],"wp:featuredmedia":[{"embeddable":true,"href":"https:\/\/diarioavanzada.com.mx\/index.php?rest_route=\/wp\/v2\/media\/68509"}],"wp:attachment":[{"href":"https:\/\/diarioavanzada.com.mx\/index.php?rest_route=%2Fwp%2Fv2%2Fmedia&parent=68463"}],"wp:term":[{"taxonomy":"category","embeddable":true,"href":"https:\/\/diarioavanzada.com.mx\/index.php?rest_route=%2Fwp%2Fv2%2Fcategories&post=68463"},{"taxonomy":"post_tag","embeddable":true,"href":"https:\/\/diarioavanzada.com.mx\/index.php?rest_route=%2Fwp%2Fv2%2Ftags&post=68463"}],"curies":[{"name":"wp","href":"https:\/\/api.w.org\/{rel}","templated":true}]}}