{"id":68368,"date":"2024-12-10T06:47:11","date_gmt":"2024-12-10T12:47:11","guid":{"rendered":"https:\/\/diarioavanzada.com.mx\/?p=68368"},"modified":"2024-12-10T06:52:19","modified_gmt":"2024-12-10T12:52:19","slug":"gobernadora-asume-el-caracter-de-alcaldesa-de-manzanillo","status":"publish","type":"post","link":"https:\/\/diarioavanzada.com.mx\/?p=68368","title":{"rendered":"Gobernadora asume el car\u00e1cter de Alcaldesa de Manzanillo"},"content":{"rendered":"\n<p class=\"wp-block-paragraph\"><strong>Bajo el lente de Ana Rosa Garc\u00eda.<\/strong><\/p>\n\n\n\n<p class=\"wp-block-paragraph\">Todos los colimenses recuerdan que en tiempos de Griselda Mart\u00ednez, en Manzanillo, se daban cita con los titulares de ASIPONA, las dos damas que ten\u00edan facultades para llegar a acuerdos relativos al mejoramiento de la zona adyacente al centro y litoral de ese municipio.<\/p>\n\n\n\n<p class=\"wp-block-paragraph\">ASIPONA funciona como un peque\u00f1o banco que auxilia en obras conjuntas relacionadas con las competencias del Estado.<\/p>\n\n\n\n<p class=\"wp-block-paragraph\">La misma Griselda Mart\u00ednez ejerci\u00f3 ese control y se realizaron mejoras en el acceso al corredor tur\u00edstico, como el \u00e1rea destinada a actividades al aire libre dentro del mismo.<\/p>\n\n\n\n<p class=\"wp-block-paragraph\">Hoy podemos observar que quien asume el control administrativo del puerto es la propia Ejecutiva, sin la asistencia de su disc\u00edpula Rosy Bayardo. Ella controla el tim\u00f3n porque siente que ese barco llamado Manzanillo es lo que m\u00e1s le interesa.<\/p>\n\n\n\n<p class=\"wp-block-paragraph\">\u00bfC\u00f3mo no le va a interesar, si se trata de 800 millones de pesos de deuda a corto plazo que deben pagarse en 2025?<\/p>\n\n\n\n<p class=\"wp-block-paragraph\">Esto significa que la Mandataria Sheinbaum no puede resolver compromisos financieros en Colima, y a\u00fan no se han ventilado cu\u00e1les obras se lograr\u00e1n en los primeros tres a\u00f1os del segundo piso y los \u00faltimos del \u201cIndirato\u201d.<\/p>\n\n\n\n<p class=\"wp-block-paragraph\">La realidad supera la ficci\u00f3n de lo que se present\u00f3 en el informe de gobierno: una serie de anuncios comerciales mostrando im\u00e1genes de grandes avances que, en realidad, son un enga\u00f1o.<\/p>\n\n\n\n<p class=\"wp-block-paragraph\">Lo dijo la misma Griselda Mart\u00ednez: \u201cIndira minti\u00f3 en su informe\u201d, ya que, al parecer, se enunciaron acciones que fueron logros de Mart\u00ednez y otras que a\u00fan no se han concretado ni est\u00e1n en proceso de transformaci\u00f3n.<\/p>\n\n\n\n<p class=\"wp-block-paragraph\">\u00bfCu\u00e1les de manera significativa? La del sector salud, que ha causado molestias y ha sido objeto de se\u00f1alamientos por parte de exfuncionarios desde la legislatura pasada, como el caso denunciado por Chuy Due\u00f1as, quien acudi\u00f3 a los tribunales para elevar denuncias de esa naturaleza.<\/p>\n\n\n\n<p class=\"wp-block-paragraph\">Sumemos la carest\u00eda actual: cada vez es m\u00e1s dif\u00edcil para los colimenses completar sus necesidades b\u00e1sicas, y por m\u00e1s \u201ccoli-apoyos\u201d que se otorguen, no hay forma de equilibrar el ingreso del trabajador con los gastos de manutenci\u00f3n.<\/p>\n\n\n\n<p class=\"wp-block-paragraph\">Aqu\u00ed el tema central es: \u00bfqui\u00e9n gobierna Colima? \u00bfQui\u00e9n administra Manzanillo? Por lo pronto, de nada sirvieron los aplausos dados al director de Seguridad P\u00fablica del Estado hace un par de d\u00edas en el recinto legislativo, cuando hoy fue privado de la vida el subdirector del Centro de Reinserci\u00f3n Social del puerto. Esto, queridos amigos, no est\u00e1 en la mira de la Ejecutiva, no le interesa y no har\u00e1 pronunciamiento al respecto.<\/p>\n\n\n\n<p class=\"wp-block-paragraph\">Colima no es Manzanillo. Manzanillo no es Colima. \u00bfQu\u00e9 trato de decir? Que estamos sufriendo la incapacidad de quien fue designada por mero capricho para dedicarse \u00fanicamente a asuntos mar\u00edtimo-mercantiles y no a las necesidades de los porte\u00f1os.<\/p>\n\n\n\n<p class=\"wp-block-paragraph\">Hay un sinn\u00famero de quejas en servicios p\u00fablicos.<\/p>\n\n\n\n<p class=\"wp-block-paragraph\">Vuelvo a preguntar: \u00bfqui\u00e9n es la titular de Manzanillo?<\/p>\n\n\n\n<p class=\"wp-block-paragraph\">Se los dejo de tarea. Observen cada movimiento.<\/p>\n<div class=\"fb-background-color\">\n\t\t\t  <div \n\t\t\t  \tclass = \"fb-comments\" \n\t\t\t  \tdata-href = \"https:\/\/diarioavanzada.com.mx\/?p=68368\"\n\t\t\t  \tdata-numposts = \"10\"\n\t\t\t  \tdata-lazy = \"true\"\n\t\t\t\tdata-colorscheme = \"light\"\n\t\t\t\tdata-order-by = \"social\"\n\t\t\t\tdata-mobile=true>\n\t\t\t  <\/div><\/div>\n\t\t  <style>\n\t\t    .fb-background-color {\n\t\t\t\tbackground:  !important;\n\t\t\t}\n\t\t\t.fb_iframe_widget_fluid_desktop iframe {\n\t\t\t    width: 100% !important;\n\t\t\t}\n\t\t  <\/style>\n\t\t  ","protected":false},"excerpt":{"rendered":"<p>Bajo el lente de Ana Rosa Garc\u00eda. Todos los colimenses recuerdan que en tiempos de Griselda Mart\u00ednez, en Manzanillo, se daban cita con los titulares de ASIPONA, las dos damas que ten\u00edan facultades para llegar a acuerdos relativos al mejoramiento de la zona adyacente al centro y litoral de ese municipio. ASIPONA funciona como un [&hellip;]<\/p>\n","protected":false},"author":7,"featured_media":68367,"comment_status":"closed","ping_status":"closed","sticky":false,"template":"","format":"standard","meta":{"_coblocks_attr":"","_coblocks_dimensions":"","_coblocks_responsive_height":"","_coblocks_accordion_ie_support":"","_crdt_document":"","advanced_seo_description":"","jetpack_seo_html_title":"","jetpack_seo_noindex":false,"_jetpack_memberships_contains_paid_content":false,"footnotes":""},"categories":[19,209,24],"tags":[],"class_list":["post-68368","post","type-post","status-publish","format-standard","has-post-thumbnail","hentry","category-colima","category-importantes","category-opinion"],"jetpack_featured_media_url":"https:\/\/diarioavanzada.com.mx\/wp-content\/uploads\/2024\/12\/img_1309-1.jpg","jetpack-related-posts":[],"jetpack_sharing_enabled":true,"amp_enabled":true,"_links":{"self":[{"href":"https:\/\/diarioavanzada.com.mx\/index.php?rest_route=\/wp\/v2\/posts\/68368","targetHints":{"allow":["GET"]}}],"collection":[{"href":"https:\/\/diarioavanzada.com.mx\/index.php?rest_route=\/wp\/v2\/posts"}],"about":[{"href":"https:\/\/diarioavanzada.com.mx\/index.php?rest_route=\/wp\/v2\/types\/post"}],"author":[{"embeddable":true,"href":"https:\/\/diarioavanzada.com.mx\/index.php?rest_route=\/wp\/v2\/users\/7"}],"replies":[{"embeddable":true,"href":"https:\/\/diarioavanzada.com.mx\/index.php?rest_route=%2Fwp%2Fv2%2Fcomments&post=68368"}],"version-history":[{"count":1,"href":"https:\/\/diarioavanzada.com.mx\/index.php?rest_route=\/wp\/v2\/posts\/68368\/revisions"}],"predecessor-version":[{"id":68370,"href":"https:\/\/diarioavanzada.com.mx\/index.php?rest_route=\/wp\/v2\/posts\/68368\/revisions\/68370"}],"wp:featuredmedia":[{"embeddable":true,"href":"https:\/\/diarioavanzada.com.mx\/index.php?rest_route=\/wp\/v2\/media\/68367"}],"wp:attachment":[{"href":"https:\/\/diarioavanzada.com.mx\/index.php?rest_route=%2Fwp%2Fv2%2Fmedia&parent=68368"}],"wp:term":[{"taxonomy":"category","embeddable":true,"href":"https:\/\/diarioavanzada.com.mx\/index.php?rest_route=%2Fwp%2Fv2%2Fcategories&post=68368"},{"taxonomy":"post_tag","embeddable":true,"href":"https:\/\/diarioavanzada.com.mx\/index.php?rest_route=%2Fwp%2Fv2%2Ftags&post=68368"}],"curies":[{"name":"wp","href":"https:\/\/api.w.org\/{rel}","templated":true}]}}