{"id":68337,"date":"2024-12-09T22:22:06","date_gmt":"2024-12-10T04:22:06","guid":{"rendered":"https:\/\/diarioavanzada.com.mx\/?p=68337"},"modified":"2024-12-09T22:25:11","modified_gmt":"2024-12-10T04:25:11","slug":"escritura-empodera-a-las-mujeres-veronica-zamora-barrios-poeta","status":"publish","type":"post","link":"https:\/\/diarioavanzada.com.mx\/?p=68337","title":{"rendered":"Escritura empodera a las mujeres: Ver\u00f3nica Zamora Barrios, poeta"},"content":{"rendered":"\n<p class=\"wp-block-paragraph\"><em>El taller \u201cMujeres escribiendo\u201d, que dirige la poeta Ver\u00f3nica Zamora, es un espacio dedicado a mujeres mayores de 50 a\u00f1os que busca fomentar su expresi\u00f3n y el empoderamiento a trav\u00e9s de la escritura.<\/em><\/p>\n\n\n\n<p class=\"wp-block-paragraph\">Colima, M\u00e9xico, Comunicado (09\/12\/2024).- El taller permanente de escritura personal \u201cMujeres escribiendo\u201d, dirigido por la poeta Ver\u00f3nica Zamora Barrios, celebrar\u00e1 su sesi\u00f3n de cierre de semestre este martes 10 de diciembre en la explanada del Teatro Universitario, a las 6 de la tarde. El evento es de entrada libre y abierto a todo p\u00fablico.<\/p>\n\n\n\n<p class=\"wp-block-paragraph\">\u201cMujeres escribiendo\u201d <a>es un espacio dedicado a mujeres mayores de 50 a\u00f1os que busca fomentar su expresi\u00f3n y el empoderamiento a trav\u00e9s de la escritura. <\/a>Durante las sesiones, las participantes exploran diversas formas de comunicaci\u00f3n, como la lectura en voz alta, la poes\u00eda, los cuentos, las cartas y otras actividades art\u00edsticas.<\/p>\n\n\n\n<p class=\"wp-block-paragraph\">Ver\u00f3nica Zamora es una reconocida poeta y promotora cultural en Colima. Su trayectoria incluye haber sido becaria del Programa para J\u00f3venes Creadores del Fondo Estatal para la Cultura y las Artes de Colima (1997-1999) y haber impartido talleres de poes\u00eda en el Instituto Colimense de Cultura.<\/p>\n\n\n\n<p class=\"wp-block-paragraph\">Adem\u00e1s, ha desempe\u00f1ado roles clave en la promoci\u00f3n cultural, como la coordinaci\u00f3n del Centro Cultural Casa Griselda \u00c1lvarez y la direcci\u00f3n de la Red Estatal de Bibliotecas. Entre sus reconocimientos literarios destacan el Premio Estatal de Poes\u00eda de Colima por <em>El libro de los conjuros<\/em> y el Premio Estatal de Poes\u00eda del Diario de Colima en 2014 por su poemario <em>Alexandr\u00edas<\/em>.<\/p>\n\n\n\n<p class=\"wp-block-paragraph\">En entrevista, Ver\u00f3nica dijo que la escritura es una herramienta de empoderamiento para las mujeres. \u201cEs una forma de darles poder sobre s\u00ed mismas\u201d. A lo largo del semestre, el taller abord\u00f3 temas como la lucha contra la violencia hacia las mujeres, la historia de las hermanas Mirabal y la reflexi\u00f3n sobre c\u00f3mo estas problem\u00e1ticas han impactado los sue\u00f1os y deseos de las participantes.<\/p>\n\n\n\n<p class=\"wp-block-paragraph\">El taller se realiza semanalmente los martes de 5:30 a 7:30 de la noche en el Museo Fernando del Paso. Adem\u00e1s, una vez al mes, el taller abre sus puertas a estudiantes universitarios, generando un intercambio intergeneracional enriquecedor.<\/p>\n\n\n\n<p class=\"wp-block-paragraph\">Zamora Barrios destaca que este proyecto crea una \u201csemilla colectiva\u201d que florece en la producci\u00f3n de textos literarios. A trav\u00e9s de ejercicios de escritura, ferias de lectura y retroalimentaci\u00f3n, las participantes desarrollan sus habilidades y conectan con otras generaciones, formando lo que describe como \u201cun c\u00edrculo virtuoso\u201d que deja un valioso testimonio literario.<\/p>\n\n\n\n<figure class=\"wp-block-image size-large\"><img loading=\"lazy\" decoding=\"async\" width=\"1024\" height=\"683\" src=\"https:\/\/diarioavanzada.com.mx\/wp-content\/uploads\/2024\/12\/Cierra-semestre-taller-Mujeres-Escribiendo_a-1024x683.jpg\" alt=\"\" class=\"wp-image-68338\" srcset=\"https:\/\/diarioavanzada.com.mx\/wp-content\/uploads\/2024\/12\/Cierra-semestre-taller-Mujeres-Escribiendo_a-1024x683.jpg 1024w, https:\/\/diarioavanzada.com.mx\/wp-content\/uploads\/2024\/12\/Cierra-semestre-taller-Mujeres-Escribiendo_a-300x200.jpg 300w, https:\/\/diarioavanzada.com.mx\/wp-content\/uploads\/2024\/12\/Cierra-semestre-taller-Mujeres-Escribiendo_a-768x512.jpg 768w, https:\/\/diarioavanzada.com.mx\/wp-content\/uploads\/2024\/12\/Cierra-semestre-taller-Mujeres-Escribiendo_a-1536x1024.jpg 1536w, https:\/\/diarioavanzada.com.mx\/wp-content\/uploads\/2024\/12\/Cierra-semestre-taller-Mujeres-Escribiendo_a-1200x800.jpg 1200w, https:\/\/diarioavanzada.com.mx\/wp-content\/uploads\/2024\/12\/Cierra-semestre-taller-Mujeres-Escribiendo_a.jpg 1920w\" sizes=\"auto, (max-width: 1024px) 100vw, 1024px\" \/><\/figure>\n\n\n\n<figure class=\"wp-block-image size-large\"><img loading=\"lazy\" decoding=\"async\" width=\"1024\" height=\"683\" src=\"https:\/\/diarioavanzada.com.mx\/wp-content\/uploads\/2024\/12\/Cierra-semestre-taller-Mujeres-Escribiendo_b-1024x683.jpg\" alt=\"\" class=\"wp-image-68340\" srcset=\"https:\/\/diarioavanzada.com.mx\/wp-content\/uploads\/2024\/12\/Cierra-semestre-taller-Mujeres-Escribiendo_b-1024x683.jpg 1024w, https:\/\/diarioavanzada.com.mx\/wp-content\/uploads\/2024\/12\/Cierra-semestre-taller-Mujeres-Escribiendo_b-300x200.jpg 300w, https:\/\/diarioavanzada.com.mx\/wp-content\/uploads\/2024\/12\/Cierra-semestre-taller-Mujeres-Escribiendo_b-768x512.jpg 768w, https:\/\/diarioavanzada.com.mx\/wp-content\/uploads\/2024\/12\/Cierra-semestre-taller-Mujeres-Escribiendo_b-1536x1024.jpg 1536w, https:\/\/diarioavanzada.com.mx\/wp-content\/uploads\/2024\/12\/Cierra-semestre-taller-Mujeres-Escribiendo_b-1200x800.jpg 1200w, https:\/\/diarioavanzada.com.mx\/wp-content\/uploads\/2024\/12\/Cierra-semestre-taller-Mujeres-Escribiendo_b.jpg 1920w\" sizes=\"auto, (max-width: 1024px) 100vw, 1024px\" \/><\/figure>\n\n\n\n<figure class=\"wp-block-image size-large\"><img loading=\"lazy\" decoding=\"async\" width=\"1024\" height=\"683\" src=\"https:\/\/diarioavanzada.com.mx\/wp-content\/uploads\/2024\/12\/Cierra-semestre-taller-Mujeres-Escribiendo_c-1024x683.jpg\" alt=\"\" class=\"wp-image-68343\" srcset=\"https:\/\/diarioavanzada.com.mx\/wp-content\/uploads\/2024\/12\/Cierra-semestre-taller-Mujeres-Escribiendo_c-1024x683.jpg 1024w, https:\/\/diarioavanzada.com.mx\/wp-content\/uploads\/2024\/12\/Cierra-semestre-taller-Mujeres-Escribiendo_c-300x200.jpg 300w, https:\/\/diarioavanzada.com.mx\/wp-content\/uploads\/2024\/12\/Cierra-semestre-taller-Mujeres-Escribiendo_c-768x512.jpg 768w, https:\/\/diarioavanzada.com.mx\/wp-content\/uploads\/2024\/12\/Cierra-semestre-taller-Mujeres-Escribiendo_c-1536x1024.jpg 1536w, https:\/\/diarioavanzada.com.mx\/wp-content\/uploads\/2024\/12\/Cierra-semestre-taller-Mujeres-Escribiendo_c-1200x800.jpg 1200w, https:\/\/diarioavanzada.com.mx\/wp-content\/uploads\/2024\/12\/Cierra-semestre-taller-Mujeres-Escribiendo_c.jpg 1920w\" sizes=\"auto, (max-width: 1024px) 100vw, 1024px\" \/><\/figure>\n\n\n\n<p class=\"wp-block-paragraph\"><\/p>\n<div class=\"fb-background-color\">\n\t\t\t  <div \n\t\t\t  \tclass = \"fb-comments\" \n\t\t\t  \tdata-href = \"https:\/\/diarioavanzada.com.mx\/?p=68337\"\n\t\t\t  \tdata-numposts = \"10\"\n\t\t\t  \tdata-lazy = \"true\"\n\t\t\t\tdata-colorscheme = \"light\"\n\t\t\t\tdata-order-by = \"social\"\n\t\t\t\tdata-mobile=true>\n\t\t\t  <\/div><\/div>\n\t\t  <style>\n\t\t    .fb-background-color {\n\t\t\t\tbackground:  !important;\n\t\t\t}\n\t\t\t.fb_iframe_widget_fluid_desktop iframe {\n\t\t\t    width: 100% !important;\n\t\t\t}\n\t\t  <\/style>\n\t\t  ","protected":false},"excerpt":{"rendered":"<p>El taller \u201cMujeres escribiendo\u201d, que dirige la poeta Ver\u00f3nica Zamora, es un espacio dedicado a mujeres mayores de 50 a\u00f1os que busca fomentar su expresi\u00f3n y el empoderamiento a trav\u00e9s de la escritura. Colima, M\u00e9xico, Comunicado (09\/12\/2024).- El taller permanente de escritura personal \u201cMujeres escribiendo\u201d, dirigido por la poeta Ver\u00f3nica Zamora Barrios, celebrar\u00e1 su sesi\u00f3n [&hellip;]<\/p>\n","protected":false},"author":7,"featured_media":68351,"comment_status":"closed","ping_status":"closed","sticky":false,"template":"","format":"standard","meta":{"_coblocks_attr":"","_coblocks_dimensions":"","_coblocks_responsive_height":"","_coblocks_accordion_ie_support":"","_crdt_document":"","advanced_seo_description":"","jetpack_seo_html_title":"","jetpack_seo_noindex":false,"_jetpack_memberships_contains_paid_content":false,"footnotes":""},"categories":[25,209,7],"tags":[],"class_list":["post-68337","post","type-post","status-publish","format-standard","has-post-thumbnail","hentry","category-cultura","category-importantes","category-noticias"],"jetpack_featured_media_url":"https:\/\/diarioavanzada.com.mx\/wp-content\/uploads\/2024\/12\/img_1296-2-1.png","jetpack-related-posts":[],"jetpack_sharing_enabled":true,"amp_enabled":true,"_links":{"self":[{"href":"https:\/\/diarioavanzada.com.mx\/index.php?rest_route=\/wp\/v2\/posts\/68337","targetHints":{"allow":["GET"]}}],"collection":[{"href":"https:\/\/diarioavanzada.com.mx\/index.php?rest_route=\/wp\/v2\/posts"}],"about":[{"href":"https:\/\/diarioavanzada.com.mx\/index.php?rest_route=\/wp\/v2\/types\/post"}],"author":[{"embeddable":true,"href":"https:\/\/diarioavanzada.com.mx\/index.php?rest_route=\/wp\/v2\/users\/7"}],"replies":[{"embeddable":true,"href":"https:\/\/diarioavanzada.com.mx\/index.php?rest_route=%2Fwp%2Fv2%2Fcomments&post=68337"}],"version-history":[{"count":5,"href":"https:\/\/diarioavanzada.com.mx\/index.php?rest_route=\/wp\/v2\/posts\/68337\/revisions"}],"predecessor-version":[{"id":68355,"href":"https:\/\/diarioavanzada.com.mx\/index.php?rest_route=\/wp\/v2\/posts\/68337\/revisions\/68355"}],"wp:featuredmedia":[{"embeddable":true,"href":"https:\/\/diarioavanzada.com.mx\/index.php?rest_route=\/wp\/v2\/media\/68351"}],"wp:attachment":[{"href":"https:\/\/diarioavanzada.com.mx\/index.php?rest_route=%2Fwp%2Fv2%2Fmedia&parent=68337"}],"wp:term":[{"taxonomy":"category","embeddable":true,"href":"https:\/\/diarioavanzada.com.mx\/index.php?rest_route=%2Fwp%2Fv2%2Fcategories&post=68337"},{"taxonomy":"post_tag","embeddable":true,"href":"https:\/\/diarioavanzada.com.mx\/index.php?rest_route=%2Fwp%2Fv2%2Ftags&post=68337"}],"curies":[{"name":"wp","href":"https:\/\/api.w.org\/{rel}","templated":true}]}}