{"id":68328,"date":"2024-12-09T22:22:56","date_gmt":"2024-12-10T04:22:56","guid":{"rendered":"https:\/\/diarioavanzada.com.mx\/?p=68328"},"modified":"2024-12-09T22:25:42","modified_gmt":"2024-12-10T04:25:42","slug":"presentan-genealogias","status":"publish","type":"post","link":"https:\/\/diarioavanzada.com.mx\/?p=68328","title":{"rendered":"Presentan Genealog\u00edas comparadas, en la FIL 2024"},"content":{"rendered":"\n<p class=\"wp-block-paragraph\"><em>Un esfuerzo editorial y de investigaci\u00f3n de las universidades de Colima y la Mesoamericana de Oaxaca<\/em><\/p>\n\n\n\n<p class=\"wp-block-paragraph\">Colima, M\u00e9xico, Comunicado (09\/12\/2024).- En el marco de la Feria Internacional del Libro (FIL) Guadalajara 2024, se llev\u00f3 a cabo la presentaci\u00f3n de <em>Genealog\u00edas comparadas. An\u00e1lisis cultural de habitus educativo en familias de Oaxaca<\/em>, un trabajo colectivo coordinado por Gisela Josefina Ignacio D\u00edaz, Rafaela Andr\u00e9s Ortiz, Nolasco Mor\u00e1n P\u00e9rez, Jorge Mario Galv\u00e1n Ariza y Karla Covarrubias Cu\u00e9llar.<\/p>\n\n\n\n<p class=\"wp-block-paragraph\">La obra, resultado de una colaboraci\u00f3n entre la Universidad de Colima y la Universidad Mesoamericana de Oaxaca, se present\u00f3 en el stand de la Red Nacional Altexto, congregando a un p\u00fablico entusiasta y diverso.<\/p>\n\n\n\n<p class=\"wp-block-paragraph\">El libro es fruto de una extensa labor investigativa realizada por la red del Programa Cultura del Centro Universitario de Investigaciones Sociales (CUIS) de la Universidad de Colima y el Grupo Emergente de Investigaci\u00f3n de la Universidad Mesoamericana (GEIUMA).<\/p>\n\n\n\n<p class=\"wp-block-paragraph\">Las y los autores dise\u00f1aron y desarrollaron un proyecto colaborativo para explorar las genealog\u00edas culturales y las historias de familia en Oaxaca, fortaleciendo sus conocimientos en m\u00e9todos cualitativos y creando un an\u00e1lisis profundo de las trayectorias educativas de diversas familias.<\/p>\n\n\n\n<p class=\"wp-block-paragraph\">Durante el evento participaron como comentaristas la Dra. Karla Y. Covarrubias Cu\u00e9llar, investigadora del CUIS de la Universidad de Colima, doctora en Sociolog\u00eda por la Universidad Complutense de Madrid e integrante del Sistema Nacional de Investigadores, quien destac\u00f3 la importancia del estudio interdisciplinario y el an\u00e1lisis de las disposiciones educativas a lo largo del siglo XX.<\/p>\n\n\n\n<p class=\"wp-block-paragraph\">Covarrubias describi\u00f3 esta investigaci\u00f3n como \u201cun esfuerzo colectivo sustentado en narrativas orales y registros hist\u00f3ricos, que aborda la pregunta de c\u00f3mo las disposiciones educativas han cambiado a lo largo del tiempo en un contexto sociocultural complejo\u201d. Dijo que la obra combina antropolog\u00eda, sociolog\u00eda e historia desde un enfoque constructivista, y se\u00f1al\u00f3 que, adem\u00e1s de ser un estudio exhaustivo, es tambi\u00e9n una herramienta metodol\u00f3gica que detalla los procedimientos seguidos durante la investigaci\u00f3n, incluyendo registros que datan desde 1880.<\/p>\n\n\n\n<p class=\"wp-block-paragraph\">Tambi\u00e9n intervino la Dra. Ana Mar\u00eda de la O Castellanos, rectora del Centro Universitario de la Costa Sur y profesora investigadora del CUCSH de la Universidad de Guadalajara, quien se\u00f1al\u00f3 la relevancia del enfoque geneal\u00f3gico como eje central de la investigaci\u00f3n. Ella destac\u00f3 la relevancia del uso de la genealog\u00eda como eje central en esta investigaci\u00f3n de largo aliento, \u201cque analiza c\u00f3mo los entornos sociales, culturales y econ\u00f3micos moldean las trayectorias educativas de las familias\u201d.<\/p>\n\n\n\n<p class=\"wp-block-paragraph\">Por su parte, el Dr. Miguel \u00c1ngel Le\u00f3n Govea, editor en la Direcci\u00f3n General de Publicaciones de la UdeC y doctor en Ciencias Sociales, destac\u00f3 que este libro ofrece una oportunidad \u00fanica para comprender las historias de cuatro familias oaxaque\u00f1as -L\u00f3pez Bourguett, Sald\u00edvar Mart\u00ednez, Cruz Esper\u00f3n y Garc\u00eda Pinacho-, \u201ccuyos relatos ilustran c\u00f3mo los entornos sociales, culturales, econ\u00f3micos y religiosos moldean nuestra identidad\u201d.<\/p>\n\n\n\n<p class=\"wp-block-paragraph\">Le\u00f3n Govea resalt\u00f3 que <em>Genealog\u00edas comparadas\u2026<\/em> \u201cnos invita a reflexionar sobre nuestra propia historia familiar y sobre c\u00f3mo, a trav\u00e9s de nuestras familias, adquirimos nociones fundamentales que nos definen como individuos\u201d.<\/p>\n\n\n\n<p class=\"wp-block-paragraph\">La moderaci\u00f3n del evento estuvo a cargo de Er\u00e9ndira Cort\u00e9s Ventura, responsable del programa editorial de la Direcci\u00f3n General de Publicaciones de la UdeC.<\/p>\n\n\n\n<p class=\"wp-block-paragraph\">El evento concluy\u00f3 con el agradecimiento de la Dra. Karla Covarrubias Cu\u00e9llar a las instituciones y al equipo editorial que hicieron posible esta publicaci\u00f3n, y con la invitaci\u00f3n a consultar el libro, el cual est\u00e1 disponible en acceso libre en la p\u00e1gina de la Direcci\u00f3n General de Publicaciones de la Universidad de Colima.<\/p>\n\n\n\n<figure class=\"wp-block-image size-large\"><img loading=\"lazy\" decoding=\"async\" width=\"1024\" height=\"683\" src=\"https:\/\/diarioavanzada.com.mx\/wp-content\/uploads\/2024\/12\/Presentan-en-la-FIL-libro-Genealogias-comparadas_Karla-1-1024x683.jpg\" alt=\"\" class=\"wp-image-68330\" srcset=\"https:\/\/diarioavanzada.com.mx\/wp-content\/uploads\/2024\/12\/Presentan-en-la-FIL-libro-Genealogias-comparadas_Karla-1-1024x683.jpg 1024w, https:\/\/diarioavanzada.com.mx\/wp-content\/uploads\/2024\/12\/Presentan-en-la-FIL-libro-Genealogias-comparadas_Karla-1-300x200.jpg 300w, https:\/\/diarioavanzada.com.mx\/wp-content\/uploads\/2024\/12\/Presentan-en-la-FIL-libro-Genealogias-comparadas_Karla-1-768x512.jpg 768w, https:\/\/diarioavanzada.com.mx\/wp-content\/uploads\/2024\/12\/Presentan-en-la-FIL-libro-Genealogias-comparadas_Karla-1-1200x800.jpg 1200w, https:\/\/diarioavanzada.com.mx\/wp-content\/uploads\/2024\/12\/Presentan-en-la-FIL-libro-Genealogias-comparadas_Karla-1.jpg 1224w\" sizes=\"auto, (max-width: 1024px) 100vw, 1024px\" \/><\/figure>\n\n\n\n<figure class=\"wp-block-image size-large\"><img loading=\"lazy\" decoding=\"async\" width=\"1024\" height=\"683\" src=\"https:\/\/diarioavanzada.com.mx\/wp-content\/uploads\/2024\/12\/Presentan-en-la-FIL-libro-Genealogias-comparadas_Ana-Maria-1024x683.jpg\" alt=\"\" class=\"wp-image-68331\" srcset=\"https:\/\/diarioavanzada.com.mx\/wp-content\/uploads\/2024\/12\/Presentan-en-la-FIL-libro-Genealogias-comparadas_Ana-Maria-1024x683.jpg 1024w, https:\/\/diarioavanzada.com.mx\/wp-content\/uploads\/2024\/12\/Presentan-en-la-FIL-libro-Genealogias-comparadas_Ana-Maria-300x200.jpg 300w, https:\/\/diarioavanzada.com.mx\/wp-content\/uploads\/2024\/12\/Presentan-en-la-FIL-libro-Genealogias-comparadas_Ana-Maria-768x512.jpg 768w, https:\/\/diarioavanzada.com.mx\/wp-content\/uploads\/2024\/12\/Presentan-en-la-FIL-libro-Genealogias-comparadas_Ana-Maria-1200x800.jpg 1200w, https:\/\/diarioavanzada.com.mx\/wp-content\/uploads\/2024\/12\/Presentan-en-la-FIL-libro-Genealogias-comparadas_Ana-Maria.jpg 1224w\" sizes=\"auto, (max-width: 1024px) 100vw, 1024px\" \/><\/figure>\n\n\n\n<figure class=\"wp-block-image size-large\"><img loading=\"lazy\" decoding=\"async\" width=\"1024\" height=\"683\" src=\"https:\/\/diarioavanzada.com.mx\/wp-content\/uploads\/2024\/12\/Presentan-en-la-FIL-libro-Genealogias-comparadas_Miguel-1024x683.jpg\" alt=\"\" class=\"wp-image-68332\" srcset=\"https:\/\/diarioavanzada.com.mx\/wp-content\/uploads\/2024\/12\/Presentan-en-la-FIL-libro-Genealogias-comparadas_Miguel-1024x683.jpg 1024w, https:\/\/diarioavanzada.com.mx\/wp-content\/uploads\/2024\/12\/Presentan-en-la-FIL-libro-Genealogias-comparadas_Miguel-300x200.jpg 300w, https:\/\/diarioavanzada.com.mx\/wp-content\/uploads\/2024\/12\/Presentan-en-la-FIL-libro-Genealogias-comparadas_Miguel-768x512.jpg 768w, https:\/\/diarioavanzada.com.mx\/wp-content\/uploads\/2024\/12\/Presentan-en-la-FIL-libro-Genealogias-comparadas_Miguel-1200x800.jpg 1200w, https:\/\/diarioavanzada.com.mx\/wp-content\/uploads\/2024\/12\/Presentan-en-la-FIL-libro-Genealogias-comparadas_Miguel.jpg 1224w\" sizes=\"auto, (max-width: 1024px) 100vw, 1024px\" \/><\/figure>\n\n\n\n<figure class=\"wp-block-image size-large\"><img loading=\"lazy\" decoding=\"async\" width=\"1024\" height=\"683\" src=\"https:\/\/diarioavanzada.com.mx\/wp-content\/uploads\/2024\/12\/Presentan-en-la-FIL-libro-Genealogias-comparadas_a-1024x683.jpg\" alt=\"\" class=\"wp-image-68334\" srcset=\"https:\/\/diarioavanzada.com.mx\/wp-content\/uploads\/2024\/12\/Presentan-en-la-FIL-libro-Genealogias-comparadas_a-1024x683.jpg 1024w, https:\/\/diarioavanzada.com.mx\/wp-content\/uploads\/2024\/12\/Presentan-en-la-FIL-libro-Genealogias-comparadas_a-300x200.jpg 300w, https:\/\/diarioavanzada.com.mx\/wp-content\/uploads\/2024\/12\/Presentan-en-la-FIL-libro-Genealogias-comparadas_a-768x512.jpg 768w, https:\/\/diarioavanzada.com.mx\/wp-content\/uploads\/2024\/12\/Presentan-en-la-FIL-libro-Genealogias-comparadas_a-1200x800.jpg 1200w, https:\/\/diarioavanzada.com.mx\/wp-content\/uploads\/2024\/12\/Presentan-en-la-FIL-libro-Genealogias-comparadas_a.jpg 1224w\" sizes=\"auto, (max-width: 1024px) 100vw, 1024px\" \/><\/figure>\n\n\n\n<p class=\"wp-block-paragraph\"><\/p>\n<div class=\"fb-background-color\">\n\t\t\t  <div \n\t\t\t  \tclass = \"fb-comments\" \n\t\t\t  \tdata-href = \"https:\/\/diarioavanzada.com.mx\/?p=68328\"\n\t\t\t  \tdata-numposts = \"10\"\n\t\t\t  \tdata-lazy = \"true\"\n\t\t\t\tdata-colorscheme = \"light\"\n\t\t\t\tdata-order-by = \"social\"\n\t\t\t\tdata-mobile=true>\n\t\t\t  <\/div><\/div>\n\t\t  <style>\n\t\t    .fb-background-color {\n\t\t\t\tbackground:  !important;\n\t\t\t}\n\t\t\t.fb_iframe_widget_fluid_desktop iframe {\n\t\t\t    width: 100% !important;\n\t\t\t}\n\t\t  <\/style>\n\t\t  ","protected":false},"excerpt":{"rendered":"<p>Un esfuerzo editorial y de investigaci\u00f3n de las universidades de Colima y la Mesoamericana de Oaxaca Colima, M\u00e9xico, Comunicado (09\/12\/2024).- En el marco de la Feria Internacional del Libro (FIL) Guadalajara 2024, se llev\u00f3 a cabo la presentaci\u00f3n de Genealog\u00edas comparadas. An\u00e1lisis cultural de habitus educativo en familias de Oaxaca, un trabajo colectivo coordinado por [&hellip;]<\/p>\n","protected":false},"author":7,"featured_media":68353,"comment_status":"closed","ping_status":"closed","sticky":false,"template":"","format":"standard","meta":{"_coblocks_attr":"","_coblocks_dimensions":"","_coblocks_responsive_height":"","_coblocks_accordion_ie_support":"","_crdt_document":"","advanced_seo_description":"","jetpack_seo_html_title":"","jetpack_seo_noindex":false,"_jetpack_memberships_contains_paid_content":false,"footnotes":""},"categories":[25,209,7],"tags":[],"class_list":["post-68328","post","type-post","status-publish","format-standard","has-post-thumbnail","hentry","category-cultura","category-importantes","category-noticias"],"jetpack_featured_media_url":"https:\/\/diarioavanzada.com.mx\/wp-content\/uploads\/2024\/12\/img_1297-1.png","jetpack-related-posts":[],"jetpack_sharing_enabled":true,"amp_enabled":true,"_links":{"self":[{"href":"https:\/\/diarioavanzada.com.mx\/index.php?rest_route=\/wp\/v2\/posts\/68328","targetHints":{"allow":["GET"]}}],"collection":[{"href":"https:\/\/diarioavanzada.com.mx\/index.php?rest_route=\/wp\/v2\/posts"}],"about":[{"href":"https:\/\/diarioavanzada.com.mx\/index.php?rest_route=\/wp\/v2\/types\/post"}],"author":[{"embeddable":true,"href":"https:\/\/diarioavanzada.com.mx\/index.php?rest_route=\/wp\/v2\/users\/7"}],"replies":[{"embeddable":true,"href":"https:\/\/diarioavanzada.com.mx\/index.php?rest_route=%2Fwp%2Fv2%2Fcomments&post=68328"}],"version-history":[{"count":6,"href":"https:\/\/diarioavanzada.com.mx\/index.php?rest_route=\/wp\/v2\/posts\/68328\/revisions"}],"predecessor-version":[{"id":68356,"href":"https:\/\/diarioavanzada.com.mx\/index.php?rest_route=\/wp\/v2\/posts\/68328\/revisions\/68356"}],"wp:featuredmedia":[{"embeddable":true,"href":"https:\/\/diarioavanzada.com.mx\/index.php?rest_route=\/wp\/v2\/media\/68353"}],"wp:attachment":[{"href":"https:\/\/diarioavanzada.com.mx\/index.php?rest_route=%2Fwp%2Fv2%2Fmedia&parent=68328"}],"wp:term":[{"taxonomy":"category","embeddable":true,"href":"https:\/\/diarioavanzada.com.mx\/index.php?rest_route=%2Fwp%2Fv2%2Fcategories&post=68328"},{"taxonomy":"post_tag","embeddable":true,"href":"https:\/\/diarioavanzada.com.mx\/index.php?rest_route=%2Fwp%2Fv2%2Ftags&post=68328"}],"curies":[{"name":"wp","href":"https:\/\/api.w.org\/{rel}","templated":true}]}}