{"id":68313,"date":"2024-12-09T22:30:56","date_gmt":"2024-12-10T04:30:56","guid":{"rendered":"https:\/\/diarioavanzada.com.mx\/?p=68313"},"modified":"2024-12-09T22:31:37","modified_gmt":"2024-12-10T04:31:37","slug":"dan-a-conocer-lineamientos-de-vinculacion-de-la-udec","status":"publish","type":"post","link":"https:\/\/diarioavanzada.com.mx\/?p=68313","title":{"rendered":"Dan a conocer lineamientos de vinculaci\u00f3n de la UdeC"},"content":{"rendered":"\n<p class=\"wp-block-paragraph\"><em>\u201cEs importante que conozcamos estos lineamientos para que nos ayuden a generar proyectos que sean rentables no s\u00f3lo en lo financiero, sino en la interacci\u00f3n con la sociedad\u201d, Juan Diego Gayt\u00e1n, delegado universitario en Colima.<\/em><\/p>\n\n\n\n<p class=\"wp-block-paragraph\">Colima, M\u00e9xico, Comunicado (09\/12\/2024).- Este lunes, personal administrativo y directivos de dependencias del campus central de la Universidad de Colima conoci\u00f3 m\u00e1s a fondo los \u201cLineamientos de las actividades de vinculaci\u00f3n\u201d, que entrar\u00e1n en vigor el 1 de enero de 2025. Este documento normativo, de 26 cuartillas, es una iniciativa que busca garantizar la transparencia, legalidad y eficiencia en las actividades de vinculaci\u00f3n, que incluyen educaci\u00f3n continua, transferencia de tecnolog\u00eda y prestaci\u00f3n de servicios.<\/p>\n\n\n\n<p class=\"wp-block-paragraph\">El documento establece procedimientos claros para la organizaci\u00f3n, ejecuci\u00f3n y supervisi\u00f3n de estas actividades. Entre los aspectos destacados se encuentran las directrices para la elaboraci\u00f3n de propuestas t\u00e9cnicas y econ\u00f3micas, la formalizaci\u00f3n de contratos y la evaluaci\u00f3n de proyectos. Tambi\u00e9n regula la participaci\u00f3n de personal universitario, estudiantes y colaboradores externos, asegurando que todas las actividades cumplan con los m\u00e1s altos est\u00e1ndares de calidad y normatividad.<\/p>\n\n\n\n<p class=\"wp-block-paragraph\">Uno de sus puntos clave es la gesti\u00f3n de los ingresos propios generados por estas actividades. Dice que los remanentes y montos no erogados se destinar\u00e1n al fortalecimiento institucional mediante un fondo especial. Este recurso permitir\u00e1 financiar mejoras en infraestructura, adquisici\u00f3n de equipo, capacitaci\u00f3n del personal y desarrollo de nuevas iniciativas de vinculaci\u00f3n.<\/p>\n\n\n\n<p class=\"wp-block-paragraph\">Asimismo, el documento incluye un esquema de incentivos para quienes participen en la administraci\u00f3n y ejecuci\u00f3n de los proyectos, ligados a resultados y productividad. Tambi\u00e9n se destaca la creaci\u00f3n de mecanismos de supervisi\u00f3n a trav\u00e9s del \u00d3rgano Interno de Control, garantizando el cumplimiento de los compromisos adquiridos y la correcta utilizaci\u00f3n de los recursos.<\/p>\n\n\n\n<p class=\"wp-block-paragraph\">Fue presentado en el auditorio de la Facultad de Ciencias de la Educaci\u00f3n por Carlos Ram\u00edrez Vuelvas, coordinador General de Extensi\u00f3n; Leobardo George Oc\u00f3n, abogado general; Juan Diego Gayt\u00e1n Rodr\u00edguez, delegado del campus Colima; Javier Solorio P\u00e9rez, director general de Vinculaci\u00f3n; Jessica Morales Llamas, Tesorera; Elizabeth Garc\u00eda Uribe, directora de la Contralor\u00eda General y por Jes\u00fas Brizuela Padilla, director general de Educaci\u00f3n Continua;<\/p>\n\n\n\n<p class=\"wp-block-paragraph\">Javier Solorio explic\u00f3 que estos lineamientos tienen la intenci\u00f3n de ser una gu\u00eda para el personal administrativo. \u201cQue sepan qu\u00e9 hacer, a d\u00f3nde ir, qu\u00e9 documentos llevar, la informaci\u00f3n que deben incluir, y as\u00ed se planifique y se lleve el control de las actividades. Esto permitir\u00e1 disminuir la discrecionalidad y generar buenas pr\u00e1cticas\u201d.<\/p>\n\n\n\n<p class=\"wp-block-paragraph\">\u201cEl abogado general, Leobardo George, dijo que el documento explica c\u00f3mo se realiza una propuesta t\u00e9cnica, la cotizaci\u00f3n del servicio, c\u00f3mo se celebra el contrato para la presentaci\u00f3n del servicio, la ejecuci\u00f3n del contrato, y si participar\u00e1n estudiantes, docentes o administrativos, todo esto bajo supervisi\u00f3n del \u00f3rgano interno de control.<\/p>\n\n\n\n<p class=\"wp-block-paragraph\">Lo anterior, acot\u00f3, \u201cpara garantizar que el contrato se prest\u00f3 como se establece, que no se incumplieron normas y que adem\u00e1s se cumplieron los objetivos. Buscamos que todas las prestaciones de servicios est\u00e9n en el marco de la legalidad\u201d.<\/p>\n\n\n\n<p class=\"wp-block-paragraph\">Jessica Morales, explic\u00f3 que los servicios que presta la UdeC se pueden realizar mediante dos v\u00edas, educaci\u00f3n continua o extensi\u00f3n universitaria. Los primeros se refieren a diplomados, cursos de actualizaci\u00f3n, entre otros, mientras que los otros buscan promover la transferencia de conocimiento, cultura entre comunidad y las instituciones educativas.<\/p>\n\n\n\n<p class=\"wp-block-paragraph\">\u201cSi de estas prestaciones se tienen remanentes -agreg\u00f3-, se destina un porcentaje para la instituci\u00f3n. Otro ingreso son los montos no derogados, aquellos que por alguna raz\u00f3n no se gastaron. Si no se gasta el recurso, los que deriven de educaci\u00f3n continua se destinar\u00e1n a gastos del plantel. Los que deriven de vinculaci\u00f3n, se destinar\u00e1n al fondo de fortalecimiento\u201d.<\/p>\n\n\n\n<p class=\"wp-block-paragraph\"><a>Jes\u00fas Brizuela puntualiz\u00f3 que, en el caso de la Direcci\u00f3n General de Educaci\u00f3n Continua<\/a>, estos lineamientos pretenden reforzar cada unidad organizacional, es decir, bachilleratos, facultades o institutos. \u201cCuando se cotiza un evento de educaci\u00f3n continua, se hace con el 15 por ciento, que se le da a la Universidad. Con estos nuevos lineamientos, entonces, dispondremos del cinco por ciento para el fondo de fortalecimiento, por si alguna dependencia o facultad no tiene recursos para infraestructura que le permita ofrecer cursos\u201d.<\/p>\n\n\n\n<p class=\"wp-block-paragraph\">\u201cTodo este proceso se llevar\u00e1 bajo la supervisi\u00f3n del \u00d3rgano Interno de Control, para que las actividades se realicen como est\u00e1n planeadas en cuanto al rubro financiero. En el convenio viene actividad por actividad, costo por costo, y estaremos ah\u00ed para guiarlos de manera preventiva. Los ajustes se tienen que dar a conocer a tiempo\u201d, agreg\u00f3 Elizabeth Garc\u00eda Uribe, contralora general.<\/p>\n\n\n\n<p class=\"wp-block-paragraph\">Por \u00faltimo el delgado de Colima, Juan Diego Gayt\u00e1n, comparti\u00f3 que esta estrategia obliga a todos y todas a alinearse a estos nuevos criterios. \u201cHay varias instancias que han participado activamente y es importante que conozcamos estos lineamientos para que nos ayuden a generar proyectos que sean rentables no s\u00f3lo en lo financiero, sino en la interacci\u00f3n con la sociedad\u201d.<\/p>\n\n\n\n<p class=\"wp-block-paragraph\">El documento est\u00e1 en <a href=\"https:\/\/portal.ucol.mx\/content\/docrevista\/documento_1401.pdf\">https:\/\/portal.ucol.mx\/content\/docrevista\/documento_1401.pdf<\/a><\/p>\n\n\n\n<figure class=\"wp-block-image size-large\"><img loading=\"lazy\" decoding=\"async\" width=\"1024\" height=\"681\" src=\"https:\/\/diarioavanzada.com.mx\/wp-content\/uploads\/2024\/12\/Presentan-lineamientos-de-vinculacion-de-la-UdeC-en-campus-central_Brizuela-1024x681.jpg\" alt=\"\" class=\"wp-image-68315\" srcset=\"https:\/\/diarioavanzada.com.mx\/wp-content\/uploads\/2024\/12\/Presentan-lineamientos-de-vinculacion-de-la-UdeC-en-campus-central_Brizuela-1024x681.jpg 1024w, https:\/\/diarioavanzada.com.mx\/wp-content\/uploads\/2024\/12\/Presentan-lineamientos-de-vinculacion-de-la-UdeC-en-campus-central_Brizuela-300x200.jpg 300w, https:\/\/diarioavanzada.com.mx\/wp-content\/uploads\/2024\/12\/Presentan-lineamientos-de-vinculacion-de-la-UdeC-en-campus-central_Brizuela-768x511.jpg 768w, https:\/\/diarioavanzada.com.mx\/wp-content\/uploads\/2024\/12\/Presentan-lineamientos-de-vinculacion-de-la-UdeC-en-campus-central_Brizuela-1200x798.jpg 1200w, https:\/\/diarioavanzada.com.mx\/wp-content\/uploads\/2024\/12\/Presentan-lineamientos-de-vinculacion-de-la-UdeC-en-campus-central_Brizuela.jpg 1225w\" sizes=\"auto, (max-width: 1024px) 100vw, 1024px\" \/><\/figure>\n\n\n\n<figure class=\"wp-block-image size-large\"><img loading=\"lazy\" decoding=\"async\" width=\"1024\" height=\"681\" src=\"https:\/\/diarioavanzada.com.mx\/wp-content\/uploads\/2024\/12\/Presentan-lineamientos-de-vinculacion-de-la-UdeC-en-campus-central_a-1024x681.jpg\" alt=\"\" class=\"wp-image-68316\" srcset=\"https:\/\/diarioavanzada.com.mx\/wp-content\/uploads\/2024\/12\/Presentan-lineamientos-de-vinculacion-de-la-UdeC-en-campus-central_a-1024x681.jpg 1024w, https:\/\/diarioavanzada.com.mx\/wp-content\/uploads\/2024\/12\/Presentan-lineamientos-de-vinculacion-de-la-UdeC-en-campus-central_a-300x200.jpg 300w, https:\/\/diarioavanzada.com.mx\/wp-content\/uploads\/2024\/12\/Presentan-lineamientos-de-vinculacion-de-la-UdeC-en-campus-central_a-768x511.jpg 768w, https:\/\/diarioavanzada.com.mx\/wp-content\/uploads\/2024\/12\/Presentan-lineamientos-de-vinculacion-de-la-UdeC-en-campus-central_a-1200x798.jpg 1200w, https:\/\/diarioavanzada.com.mx\/wp-content\/uploads\/2024\/12\/Presentan-lineamientos-de-vinculacion-de-la-UdeC-en-campus-central_a.jpg 1225w\" sizes=\"auto, (max-width: 1024px) 100vw, 1024px\" \/><\/figure>\n\n\n\n<figure class=\"wp-block-image size-large\"><img loading=\"lazy\" decoding=\"async\" width=\"1024\" height=\"681\" src=\"https:\/\/diarioavanzada.com.mx\/wp-content\/uploads\/2024\/12\/Presentan-lineamientos-de-vinculacion-de-la-UdeC-en-campus-central_Elizabeth-1024x681.jpg\" alt=\"\" class=\"wp-image-68318\" srcset=\"https:\/\/diarioavanzada.com.mx\/wp-content\/uploads\/2024\/12\/Presentan-lineamientos-de-vinculacion-de-la-UdeC-en-campus-central_Elizabeth-1024x681.jpg 1024w, https:\/\/diarioavanzada.com.mx\/wp-content\/uploads\/2024\/12\/Presentan-lineamientos-de-vinculacion-de-la-UdeC-en-campus-central_Elizabeth-300x200.jpg 300w, https:\/\/diarioavanzada.com.mx\/wp-content\/uploads\/2024\/12\/Presentan-lineamientos-de-vinculacion-de-la-UdeC-en-campus-central_Elizabeth-768x511.jpg 768w, https:\/\/diarioavanzada.com.mx\/wp-content\/uploads\/2024\/12\/Presentan-lineamientos-de-vinculacion-de-la-UdeC-en-campus-central_Elizabeth-1200x798.jpg 1200w, https:\/\/diarioavanzada.com.mx\/wp-content\/uploads\/2024\/12\/Presentan-lineamientos-de-vinculacion-de-la-UdeC-en-campus-central_Elizabeth.jpg 1225w\" sizes=\"auto, (max-width: 1024px) 100vw, 1024px\" \/><\/figure>\n\n\n\n<figure class=\"wp-block-image size-large\"><img loading=\"lazy\" decoding=\"async\" width=\"1024\" height=\"681\" src=\"https:\/\/diarioavanzada.com.mx\/wp-content\/uploads\/2024\/12\/Presentan-lineamientos-de-vinculacion-de-la-UdeC-en-campus-central-1024x681.jpg\" alt=\"\" class=\"wp-image-68321\" srcset=\"https:\/\/diarioavanzada.com.mx\/wp-content\/uploads\/2024\/12\/Presentan-lineamientos-de-vinculacion-de-la-UdeC-en-campus-central-1024x681.jpg 1024w, https:\/\/diarioavanzada.com.mx\/wp-content\/uploads\/2024\/12\/Presentan-lineamientos-de-vinculacion-de-la-UdeC-en-campus-central-300x200.jpg 300w, https:\/\/diarioavanzada.com.mx\/wp-content\/uploads\/2024\/12\/Presentan-lineamientos-de-vinculacion-de-la-UdeC-en-campus-central-768x511.jpg 768w, https:\/\/diarioavanzada.com.mx\/wp-content\/uploads\/2024\/12\/Presentan-lineamientos-de-vinculacion-de-la-UdeC-en-campus-central-1200x798.jpg 1200w, https:\/\/diarioavanzada.com.mx\/wp-content\/uploads\/2024\/12\/Presentan-lineamientos-de-vinculacion-de-la-UdeC-en-campus-central.jpg 1225w\" sizes=\"auto, (max-width: 1024px) 100vw, 1024px\" \/><\/figure>\n\n\n\n<figure class=\"wp-block-image size-large\"><img loading=\"lazy\" decoding=\"async\" width=\"1024\" height=\"681\" src=\"https:\/\/diarioavanzada.com.mx\/wp-content\/uploads\/2024\/12\/Presentan-lineamientos-de-vinculacion-de-la-UdeC-en-campus-central_George-1024x681.jpg\" alt=\"\" class=\"wp-image-68322\" srcset=\"https:\/\/diarioavanzada.com.mx\/wp-content\/uploads\/2024\/12\/Presentan-lineamientos-de-vinculacion-de-la-UdeC-en-campus-central_George-1024x681.jpg 1024w, https:\/\/diarioavanzada.com.mx\/wp-content\/uploads\/2024\/12\/Presentan-lineamientos-de-vinculacion-de-la-UdeC-en-campus-central_George-300x200.jpg 300w, https:\/\/diarioavanzada.com.mx\/wp-content\/uploads\/2024\/12\/Presentan-lineamientos-de-vinculacion-de-la-UdeC-en-campus-central_George-768x511.jpg 768w, https:\/\/diarioavanzada.com.mx\/wp-content\/uploads\/2024\/12\/Presentan-lineamientos-de-vinculacion-de-la-UdeC-en-campus-central_George-1200x798.jpg 1200w, https:\/\/diarioavanzada.com.mx\/wp-content\/uploads\/2024\/12\/Presentan-lineamientos-de-vinculacion-de-la-UdeC-en-campus-central_George.jpg 1225w\" sizes=\"auto, (max-width: 1024px) 100vw, 1024px\" \/><\/figure>\n\n\n\n<figure class=\"wp-block-image size-large\"><img loading=\"lazy\" decoding=\"async\" width=\"1024\" height=\"681\" src=\"https:\/\/diarioavanzada.com.mx\/wp-content\/uploads\/2024\/12\/Presentan-lineamientos-de-vinculacion-de-la-UdeC-en-campus-central_Solorio-1024x681.jpg\" alt=\"\" class=\"wp-image-68324\" srcset=\"https:\/\/diarioavanzada.com.mx\/wp-content\/uploads\/2024\/12\/Presentan-lineamientos-de-vinculacion-de-la-UdeC-en-campus-central_Solorio-1024x681.jpg 1024w, https:\/\/diarioavanzada.com.mx\/wp-content\/uploads\/2024\/12\/Presentan-lineamientos-de-vinculacion-de-la-UdeC-en-campus-central_Solorio-300x200.jpg 300w, https:\/\/diarioavanzada.com.mx\/wp-content\/uploads\/2024\/12\/Presentan-lineamientos-de-vinculacion-de-la-UdeC-en-campus-central_Solorio-768x511.jpg 768w, https:\/\/diarioavanzada.com.mx\/wp-content\/uploads\/2024\/12\/Presentan-lineamientos-de-vinculacion-de-la-UdeC-en-campus-central_Solorio-1200x798.jpg 1200w, https:\/\/diarioavanzada.com.mx\/wp-content\/uploads\/2024\/12\/Presentan-lineamientos-de-vinculacion-de-la-UdeC-en-campus-central_Solorio.jpg 1225w\" sizes=\"auto, (max-width: 1024px) 100vw, 1024px\" \/><\/figure>\n\n\n\n<figure class=\"wp-block-image size-large\"><img loading=\"lazy\" decoding=\"async\" width=\"1024\" height=\"681\" src=\"https:\/\/diarioavanzada.com.mx\/wp-content\/uploads\/2024\/12\/Presentan-lineamientos-de-vinculacion-de-la-UdeC-en-campus-central_Jessica-1024x681.jpg\" alt=\"\" class=\"wp-image-68326\" srcset=\"https:\/\/diarioavanzada.com.mx\/wp-content\/uploads\/2024\/12\/Presentan-lineamientos-de-vinculacion-de-la-UdeC-en-campus-central_Jessica-1024x681.jpg 1024w, https:\/\/diarioavanzada.com.mx\/wp-content\/uploads\/2024\/12\/Presentan-lineamientos-de-vinculacion-de-la-UdeC-en-campus-central_Jessica-300x200.jpg 300w, https:\/\/diarioavanzada.com.mx\/wp-content\/uploads\/2024\/12\/Presentan-lineamientos-de-vinculacion-de-la-UdeC-en-campus-central_Jessica-768x511.jpg 768w, https:\/\/diarioavanzada.com.mx\/wp-content\/uploads\/2024\/12\/Presentan-lineamientos-de-vinculacion-de-la-UdeC-en-campus-central_Jessica-1200x798.jpg 1200w, https:\/\/diarioavanzada.com.mx\/wp-content\/uploads\/2024\/12\/Presentan-lineamientos-de-vinculacion-de-la-UdeC-en-campus-central_Jessica.jpg 1225w\" sizes=\"auto, (max-width: 1024px) 100vw, 1024px\" \/><\/figure>\n\n\n\n<p class=\"wp-block-paragraph\"><\/p>\n<div class=\"fb-background-color\">\n\t\t\t  <div \n\t\t\t  \tclass = \"fb-comments\" \n\t\t\t  \tdata-href = \"https:\/\/diarioavanzada.com.mx\/?p=68313\"\n\t\t\t  \tdata-numposts = \"10\"\n\t\t\t  \tdata-lazy = \"true\"\n\t\t\t\tdata-colorscheme = \"light\"\n\t\t\t\tdata-order-by = \"social\"\n\t\t\t\tdata-mobile=true>\n\t\t\t  <\/div><\/div>\n\t\t  <style>\n\t\t    .fb-background-color {\n\t\t\t\tbackground:  !important;\n\t\t\t}\n\t\t\t.fb_iframe_widget_fluid_desktop iframe {\n\t\t\t    width: 100% !important;\n\t\t\t}\n\t\t  <\/style>\n\t\t  ","protected":false},"excerpt":{"rendered":"<p>\u201cEs importante que conozcamos estos lineamientos para que nos ayuden a generar proyectos que sean rentables no s\u00f3lo en lo financiero, sino en la interacci\u00f3n con la sociedad\u201d, Juan Diego Gayt\u00e1n, delegado universitario en Colima. Colima, M\u00e9xico, Comunicado (09\/12\/2024).- Este lunes, personal administrativo y directivos de dependencias del campus central de la Universidad de Colima [&hellip;]<\/p>\n","protected":false},"author":7,"featured_media":68358,"comment_status":"closed","ping_status":"closed","sticky":false,"template":"","format":"standard","meta":{"_coblocks_attr":"","_coblocks_dimensions":"","_coblocks_responsive_height":"","_coblocks_accordion_ie_support":"","_crdt_document":"","advanced_seo_description":"","jetpack_seo_html_title":"","jetpack_seo_noindex":false,"_jetpack_memberships_contains_paid_content":false,"footnotes":""},"categories":[19,209,7],"tags":[],"class_list":["post-68313","post","type-post","status-publish","format-standard","has-post-thumbnail","hentry","category-colima","category-importantes","category-noticias"],"jetpack_featured_media_url":"https:\/\/diarioavanzada.com.mx\/wp-content\/uploads\/2024\/12\/img_1298-1.png","jetpack-related-posts":[],"jetpack_sharing_enabled":true,"amp_enabled":true,"_links":{"self":[{"href":"https:\/\/diarioavanzada.com.mx\/index.php?rest_route=\/wp\/v2\/posts\/68313","targetHints":{"allow":["GET"]}}],"collection":[{"href":"https:\/\/diarioavanzada.com.mx\/index.php?rest_route=\/wp\/v2\/posts"}],"about":[{"href":"https:\/\/diarioavanzada.com.mx\/index.php?rest_route=\/wp\/v2\/types\/post"}],"author":[{"embeddable":true,"href":"https:\/\/diarioavanzada.com.mx\/index.php?rest_route=\/wp\/v2\/users\/7"}],"replies":[{"embeddable":true,"href":"https:\/\/diarioavanzada.com.mx\/index.php?rest_route=%2Fwp%2Fv2%2Fcomments&post=68313"}],"version-history":[{"count":8,"href":"https:\/\/diarioavanzada.com.mx\/index.php?rest_route=\/wp\/v2\/posts\/68313\/revisions"}],"predecessor-version":[{"id":68359,"href":"https:\/\/diarioavanzada.com.mx\/index.php?rest_route=\/wp\/v2\/posts\/68313\/revisions\/68359"}],"wp:featuredmedia":[{"embeddable":true,"href":"https:\/\/diarioavanzada.com.mx\/index.php?rest_route=\/wp\/v2\/media\/68358"}],"wp:attachment":[{"href":"https:\/\/diarioavanzada.com.mx\/index.php?rest_route=%2Fwp%2Fv2%2Fmedia&parent=68313"}],"wp:term":[{"taxonomy":"category","embeddable":true,"href":"https:\/\/diarioavanzada.com.mx\/index.php?rest_route=%2Fwp%2Fv2%2Fcategories&post=68313"},{"taxonomy":"post_tag","embeddable":true,"href":"https:\/\/diarioavanzada.com.mx\/index.php?rest_route=%2Fwp%2Fv2%2Ftags&post=68313"}],"curies":[{"name":"wp","href":"https:\/\/api.w.org\/{rel}","templated":true}]}}