{"id":68297,"date":"2024-12-09T22:32:29","date_gmt":"2024-12-10T04:32:29","guid":{"rendered":"https:\/\/diarioavanzada.com.mx\/?p=68297"},"modified":"2024-12-09T22:33:20","modified_gmt":"2024-12-10T04:33:20","slug":"estudiantes-e-investigadores-calibran-sus-equipos-de-medicion-en-la-camara-anecoica-de-la-udec","status":"publish","type":"post","link":"https:\/\/diarioavanzada.com.mx\/?p=68297","title":{"rendered":"Estudiantes e investigadores calibran sus equipos de medici\u00f3n en la c\u00e1mara anecoica de la UdeC"},"content":{"rendered":"\n<p class=\"wp-block-paragraph\"><em>De la Universidad Aut\u00f3noma de Zacatecas (UAZ) y de la Universidad Aut\u00f3noma de San Luis Potos\u00ed (UASLP).<\/em><\/p>\n\n\n\n<p class=\"wp-block-paragraph\">Colima, M\u00e9xico, Avanzada (09\/12\/2024).- Estudiantes y profesores de la Universidad Aut\u00f3noma de Zacatecas (UAZ) y de la Universidad Aut\u00f3noma de San Luis Potos\u00ed (UASLP), visitaron este fin de semana la c\u00e1mara anecoica de la Universidad de Colima (UdeC) para realizar mediciones en el marco de tres investigaciones de posgrado con un enfoque interinstitucional.<\/p>\n\n\n\n<p class=\"wp-block-paragraph\">Emmanuel Hern\u00e1ndez Gonz\u00e1lez y Ana D\u00e1vila Puente, estudiantes de los programas de Doctorado y Maestr\u00eda en Innovaci\u00f3n Tecnol\u00f3gica de la UAZ, respectivamente, junto con Jorge Sim\u00f3n Rodr\u00edguez, investigador del Programa de Investigadores por M\u00e9xico del CONAHCYT en la UASLP, llevaron al laboratorio dispositivos dise\u00f1ados para medir la interferencia electromagn\u00e9tica en l\u00edquidos y s\u00f3lidos con diferentes prop\u00f3sitos.<\/p>\n\n\n\n<p class=\"wp-block-paragraph\">Gracias a las propiedades \u00fanicas de esta c\u00e1mara, que absorbe casi por completo las ondas electromagn\u00e9ticas, las y los investigadores han podido realizar mediciones precisas en diversos materiales y sustancias, con el objetivo de desarrollar nuevas tecnolog\u00edas aplicadas a la salud, la industria y la aeron\u00e1utica.<\/p>\n\n\n\n<p class=\"wp-block-paragraph\">En entrevista, Sim\u00f3n Rodr\u00edguez dijo que, como especialistas en telecomunicaciones, han ampliado el campo de la electr\u00f3nica para analizar las propiedades de dispositivos que permiten detectar ciertas variables. Mencion\u00f3 aplicaciones como medir niveles de glucosa o salinidad en la sangre, detectar metales en agua contaminada con ars\u00e9nico o petr\u00f3leo, y asegurar la calidad de combustibles en la industria automotriz.<\/p>\n\n\n\n<p class=\"wp-block-paragraph\">\u201cSiempre necesitamos detectar la presencia de elementos deseados o no deseados en l\u00edquidos, s\u00f3lidos o fluidos, ya sea en la medicina, la biomedicina, la industria o la miner\u00eda\u201d, se\u00f1al\u00f3 el investigador.<\/p>\n\n\n\n<p class=\"wp-block-paragraph\">Ana D\u00e1vila Puente trabaja en el dise\u00f1o de sensores para analizar muestras l\u00edquidas, como agua destilada con glucosa o cloruro de sodio, simulando el comportamiento de la sangre. Estos datos podr\u00edan aplicarse al monitoreo de enfermedades como la diabetes. La investigadora destac\u00f3 que lleva cuatro a\u00f1os dedicada a este proyecto y agradeci\u00f3 la oportunidad de realizar mediciones en la c\u00e1mara anecoica de la UdeC, gracias a la invitaci\u00f3n del Dr. Jos\u00e9 Luis \u00c1lvarez, profesor de la FIME, en la UdeC.<\/p>\n\n\n\n<p class=\"wp-block-paragraph\">Por su parte, Emmanuel Hern\u00e1ndez Gonz\u00e1lez investiga materiales compuestos creados en el Instituto Polit\u00e9cnico Nacional de Quer\u00e9taro para aplicaciones aeron\u00e1uticas. Su trabajo se centra en la caracterizaci\u00f3n de nanocompuestos de polivinilideno reforzados con nanopart\u00edculas de MoS2 y Ti3C2 (MXenos) para analizar su comportamiento frente a interferencias electromagn\u00e9ticas, un tema crucial para la aviaci\u00f3n.<\/p>\n\n\n\n<p class=\"wp-block-paragraph\">Hern\u00e1ndez detall\u00f3 que los materiales analizados buscan fortalecer o modificar sus propiedades mediante la dopaci\u00f3n, con el objetivo de comprender c\u00f3mo reaccionan ante radiaciones electromagn\u00e9ticas.<\/p>\n\n\n\n<p class=\"wp-block-paragraph\">La dopaci\u00f3n (o dopaje en algunos contextos t\u00e9cnicos) es un proceso utilizado principalmente en ciencia y tecnolog\u00eda de materiales para modificar las propiedades de un material mediante la adici\u00f3n de peque\u00f1as cantidades de otra sustancia. Este t\u00e9rmino es com\u00fan en \u00e1reas como la electr\u00f3nica, los semiconductores, los materiales compuestos y la qu\u00edmica. Es una t\u00e9cnica clave para optimizar y personalizar las propiedades de materiales en funci\u00f3n de las necesidades tecnol\u00f3gicas o cient\u00edficas.<\/p>\n\n\n\n<p class=\"wp-block-paragraph\">El Dr. Jos\u00e9 Luis \u00c1lvarez, profesor investigador de la Facultad de Ingenier\u00eda Mec\u00e1nica y El\u00e9ctrica (FIME) de la UdeC, coment\u00f3 que la colaboraci\u00f3n entre la UAZ, la UASLP y la UdeC ha sido constante y productiva durante la \u00faltima d\u00e9cada. \u201cHemos trabajado en conjunto para investigar, publicar art\u00edculos en revistas internacionales, asesorar tesis de maestr\u00eda y licenciatura, y colaborar en la Maestr\u00eda en Ingenier\u00eda Aplicada de la FIME\u201d, afirm\u00f3.<\/p>\n\n\n\n<p class=\"wp-block-paragraph\">La c\u00e1mara anecoica de la UdeC se est\u00e1 convirtiendo en un laboratorio de referencia para la investigaci\u00f3n en materiales avanzados y detecci\u00f3n temprana de enfermedades. Gracias a la colaboraci\u00f3n interinstitucional y al talento de sus investigadores, Colima se posiciona como un estado con un gran potencial para generar conocimiento y desarrollar tecnolog\u00edas innovadoras.<\/p>\n\n\n\n<figure class=\"wp-block-image size-large\"><img loading=\"lazy\" decoding=\"async\" width=\"1024\" height=\"768\" src=\"https:\/\/diarioavanzada.com.mx\/wp-content\/uploads\/2024\/12\/Investigadores-de-Zacatecas-y-SLP-trabajaron-en-camara-anecoica-UdeC_c-1024x768.jpeg\" alt=\"\" class=\"wp-image-68301\" srcset=\"https:\/\/diarioavanzada.com.mx\/wp-content\/uploads\/2024\/12\/Investigadores-de-Zacatecas-y-SLP-trabajaron-en-camara-anecoica-UdeC_c-1024x768.jpeg 1024w, https:\/\/diarioavanzada.com.mx\/wp-content\/uploads\/2024\/12\/Investigadores-de-Zacatecas-y-SLP-trabajaron-en-camara-anecoica-UdeC_c-300x225.jpeg 300w, https:\/\/diarioavanzada.com.mx\/wp-content\/uploads\/2024\/12\/Investigadores-de-Zacatecas-y-SLP-trabajaron-en-camara-anecoica-UdeC_c-768x576.jpeg 768w, https:\/\/diarioavanzada.com.mx\/wp-content\/uploads\/2024\/12\/Investigadores-de-Zacatecas-y-SLP-trabajaron-en-camara-anecoica-UdeC_c-1536x1152.jpeg 1536w, https:\/\/diarioavanzada.com.mx\/wp-content\/uploads\/2024\/12\/Investigadores-de-Zacatecas-y-SLP-trabajaron-en-camara-anecoica-UdeC_c-1200x900.jpeg?crop=1 1200w, https:\/\/diarioavanzada.com.mx\/wp-content\/uploads\/2024\/12\/Investigadores-de-Zacatecas-y-SLP-trabajaron-en-camara-anecoica-UdeC_c-800x600.jpeg?crop=1 800w, https:\/\/diarioavanzada.com.mx\/wp-content\/uploads\/2024\/12\/Investigadores-de-Zacatecas-y-SLP-trabajaron-en-camara-anecoica-UdeC_c-600x450.jpeg?crop=1 600w, https:\/\/diarioavanzada.com.mx\/wp-content\/uploads\/2024\/12\/Investigadores-de-Zacatecas-y-SLP-trabajaron-en-camara-anecoica-UdeC_c-400x300.jpeg?crop=1 400w, https:\/\/diarioavanzada.com.mx\/wp-content\/uploads\/2024\/12\/Investigadores-de-Zacatecas-y-SLP-trabajaron-en-camara-anecoica-UdeC_c-200x150.jpeg?crop=1 200w, https:\/\/diarioavanzada.com.mx\/wp-content\/uploads\/2024\/12\/Investigadores-de-Zacatecas-y-SLP-trabajaron-en-camara-anecoica-UdeC_c.jpeg 1600w\" sizes=\"auto, (max-width: 1024px) 100vw, 1024px\" \/><\/figure>\n\n\n\n<figure class=\"wp-block-image size-large\"><img loading=\"lazy\" decoding=\"async\" width=\"1024\" height=\"768\" src=\"https:\/\/diarioavanzada.com.mx\/wp-content\/uploads\/2024\/12\/Investigadores-de-Zacatecas-y-SLP-trabajaron-en-camara-anecoica-UdeC_b-1024x768.jpeg\" alt=\"\" class=\"wp-image-68302\" srcset=\"https:\/\/diarioavanzada.com.mx\/wp-content\/uploads\/2024\/12\/Investigadores-de-Zacatecas-y-SLP-trabajaron-en-camara-anecoica-UdeC_b-1024x768.jpeg 1024w, https:\/\/diarioavanzada.com.mx\/wp-content\/uploads\/2024\/12\/Investigadores-de-Zacatecas-y-SLP-trabajaron-en-camara-anecoica-UdeC_b-300x225.jpeg 300w, https:\/\/diarioavanzada.com.mx\/wp-content\/uploads\/2024\/12\/Investigadores-de-Zacatecas-y-SLP-trabajaron-en-camara-anecoica-UdeC_b-768x576.jpeg 768w, https:\/\/diarioavanzada.com.mx\/wp-content\/uploads\/2024\/12\/Investigadores-de-Zacatecas-y-SLP-trabajaron-en-camara-anecoica-UdeC_b-1536x1152.jpeg 1536w, https:\/\/diarioavanzada.com.mx\/wp-content\/uploads\/2024\/12\/Investigadores-de-Zacatecas-y-SLP-trabajaron-en-camara-anecoica-UdeC_b-1200x900.jpeg?crop=1 1200w, https:\/\/diarioavanzada.com.mx\/wp-content\/uploads\/2024\/12\/Investigadores-de-Zacatecas-y-SLP-trabajaron-en-camara-anecoica-UdeC_b-800x600.jpeg?crop=1 800w, https:\/\/diarioavanzada.com.mx\/wp-content\/uploads\/2024\/12\/Investigadores-de-Zacatecas-y-SLP-trabajaron-en-camara-anecoica-UdeC_b-600x450.jpeg?crop=1 600w, https:\/\/diarioavanzada.com.mx\/wp-content\/uploads\/2024\/12\/Investigadores-de-Zacatecas-y-SLP-trabajaron-en-camara-anecoica-UdeC_b-400x300.jpeg?crop=1 400w, https:\/\/diarioavanzada.com.mx\/wp-content\/uploads\/2024\/12\/Investigadores-de-Zacatecas-y-SLP-trabajaron-en-camara-anecoica-UdeC_b-200x150.jpeg?crop=1 200w, https:\/\/diarioavanzada.com.mx\/wp-content\/uploads\/2024\/12\/Investigadores-de-Zacatecas-y-SLP-trabajaron-en-camara-anecoica-UdeC_b.jpeg 1600w\" sizes=\"auto, (max-width: 1024px) 100vw, 1024px\" \/><\/figure>\n\n\n\n<figure class=\"wp-block-image size-large\"><img loading=\"lazy\" decoding=\"async\" width=\"1024\" height=\"681\" src=\"https:\/\/diarioavanzada.com.mx\/wp-content\/uploads\/2024\/12\/Investigadores-de-Zacatecas-y-SLP-trabajaron-en-camara-anecoica-UdeC_c-1024x681.jpg\" alt=\"\" class=\"wp-image-68303\" srcset=\"https:\/\/diarioavanzada.com.mx\/wp-content\/uploads\/2024\/12\/Investigadores-de-Zacatecas-y-SLP-trabajaron-en-camara-anecoica-UdeC_c-1024x681.jpg 1024w, https:\/\/diarioavanzada.com.mx\/wp-content\/uploads\/2024\/12\/Investigadores-de-Zacatecas-y-SLP-trabajaron-en-camara-anecoica-UdeC_c-300x200.jpg 300w, https:\/\/diarioavanzada.com.mx\/wp-content\/uploads\/2024\/12\/Investigadores-de-Zacatecas-y-SLP-trabajaron-en-camara-anecoica-UdeC_c-768x511.jpg 768w, https:\/\/diarioavanzada.com.mx\/wp-content\/uploads\/2024\/12\/Investigadores-de-Zacatecas-y-SLP-trabajaron-en-camara-anecoica-UdeC_c-1200x798.jpg 1200w, https:\/\/diarioavanzada.com.mx\/wp-content\/uploads\/2024\/12\/Investigadores-de-Zacatecas-y-SLP-trabajaron-en-camara-anecoica-UdeC_c.jpg 1225w\" sizes=\"auto, (max-width: 1024px) 100vw, 1024px\" \/><\/figure>\n\n\n\n<figure class=\"wp-block-image size-large\"><img loading=\"lazy\" decoding=\"async\" width=\"1024\" height=\"768\" src=\"https:\/\/diarioavanzada.com.mx\/wp-content\/uploads\/2024\/12\/Investigadores-de-Zacatecas-y-SLP-trabajaron-en-camara-anecoica-UdeC_a-1024x768.jpeg\" alt=\"\" class=\"wp-image-68305\" srcset=\"https:\/\/diarioavanzada.com.mx\/wp-content\/uploads\/2024\/12\/Investigadores-de-Zacatecas-y-SLP-trabajaron-en-camara-anecoica-UdeC_a-1024x768.jpeg 1024w, https:\/\/diarioavanzada.com.mx\/wp-content\/uploads\/2024\/12\/Investigadores-de-Zacatecas-y-SLP-trabajaron-en-camara-anecoica-UdeC_a-300x225.jpeg 300w, https:\/\/diarioavanzada.com.mx\/wp-content\/uploads\/2024\/12\/Investigadores-de-Zacatecas-y-SLP-trabajaron-en-camara-anecoica-UdeC_a-768x576.jpeg 768w, https:\/\/diarioavanzada.com.mx\/wp-content\/uploads\/2024\/12\/Investigadores-de-Zacatecas-y-SLP-trabajaron-en-camara-anecoica-UdeC_a-1536x1152.jpeg 1536w, https:\/\/diarioavanzada.com.mx\/wp-content\/uploads\/2024\/12\/Investigadores-de-Zacatecas-y-SLP-trabajaron-en-camara-anecoica-UdeC_a-1200x900.jpeg?crop=1 1200w, https:\/\/diarioavanzada.com.mx\/wp-content\/uploads\/2024\/12\/Investigadores-de-Zacatecas-y-SLP-trabajaron-en-camara-anecoica-UdeC_a-800x600.jpeg?crop=1 800w, https:\/\/diarioavanzada.com.mx\/wp-content\/uploads\/2024\/12\/Investigadores-de-Zacatecas-y-SLP-trabajaron-en-camara-anecoica-UdeC_a-600x450.jpeg?crop=1 600w, https:\/\/diarioavanzada.com.mx\/wp-content\/uploads\/2024\/12\/Investigadores-de-Zacatecas-y-SLP-trabajaron-en-camara-anecoica-UdeC_a-400x300.jpeg?crop=1 400w, https:\/\/diarioavanzada.com.mx\/wp-content\/uploads\/2024\/12\/Investigadores-de-Zacatecas-y-SLP-trabajaron-en-camara-anecoica-UdeC_a-200x150.jpeg?crop=1 200w, https:\/\/diarioavanzada.com.mx\/wp-content\/uploads\/2024\/12\/Investigadores-de-Zacatecas-y-SLP-trabajaron-en-camara-anecoica-UdeC_a.jpeg 1600w\" sizes=\"auto, (max-width: 1024px) 100vw, 1024px\" \/><\/figure>\n\n\n\n<figure class=\"wp-block-image size-large\"><img loading=\"lazy\" decoding=\"async\" width=\"1024\" height=\"681\" src=\"https:\/\/diarioavanzada.com.mx\/wp-content\/uploads\/2024\/12\/Investigadores-de-Zacatecas-y-SLP-trabajaron-en-camara-anecoica-UdeC_Ana-1024x681.jpg\" alt=\"\" class=\"wp-image-68306\" srcset=\"https:\/\/diarioavanzada.com.mx\/wp-content\/uploads\/2024\/12\/Investigadores-de-Zacatecas-y-SLP-trabajaron-en-camara-anecoica-UdeC_Ana-1024x681.jpg 1024w, https:\/\/diarioavanzada.com.mx\/wp-content\/uploads\/2024\/12\/Investigadores-de-Zacatecas-y-SLP-trabajaron-en-camara-anecoica-UdeC_Ana-300x200.jpg 300w, https:\/\/diarioavanzada.com.mx\/wp-content\/uploads\/2024\/12\/Investigadores-de-Zacatecas-y-SLP-trabajaron-en-camara-anecoica-UdeC_Ana-768x511.jpg 768w, https:\/\/diarioavanzada.com.mx\/wp-content\/uploads\/2024\/12\/Investigadores-de-Zacatecas-y-SLP-trabajaron-en-camara-anecoica-UdeC_Ana-1200x798.jpg 1200w, https:\/\/diarioavanzada.com.mx\/wp-content\/uploads\/2024\/12\/Investigadores-de-Zacatecas-y-SLP-trabajaron-en-camara-anecoica-UdeC_Ana.jpg 1225w\" sizes=\"auto, (max-width: 1024px) 100vw, 1024px\" \/><\/figure>\n\n\n\n<figure class=\"wp-block-image size-large\"><img loading=\"lazy\" decoding=\"async\" width=\"1024\" height=\"681\" src=\"https:\/\/diarioavanzada.com.mx\/wp-content\/uploads\/2024\/12\/Investigadores-de-Zacatecas-y-SLP-trabajaron-en-camara-anecoica-UdeC_Jose-Luis-1024x681.jpg\" alt=\"\" class=\"wp-image-68308\" srcset=\"https:\/\/diarioavanzada.com.mx\/wp-content\/uploads\/2024\/12\/Investigadores-de-Zacatecas-y-SLP-trabajaron-en-camara-anecoica-UdeC_Jose-Luis-1024x681.jpg 1024w, https:\/\/diarioavanzada.com.mx\/wp-content\/uploads\/2024\/12\/Investigadores-de-Zacatecas-y-SLP-trabajaron-en-camara-anecoica-UdeC_Jose-Luis-300x200.jpg 300w, https:\/\/diarioavanzada.com.mx\/wp-content\/uploads\/2024\/12\/Investigadores-de-Zacatecas-y-SLP-trabajaron-en-camara-anecoica-UdeC_Jose-Luis-768x511.jpg 768w, https:\/\/diarioavanzada.com.mx\/wp-content\/uploads\/2024\/12\/Investigadores-de-Zacatecas-y-SLP-trabajaron-en-camara-anecoica-UdeC_Jose-Luis-1200x798.jpg 1200w, https:\/\/diarioavanzada.com.mx\/wp-content\/uploads\/2024\/12\/Investigadores-de-Zacatecas-y-SLP-trabajaron-en-camara-anecoica-UdeC_Jose-Luis.jpg 1225w\" sizes=\"auto, (max-width: 1024px) 100vw, 1024px\" \/><\/figure>\n\n\n\n<figure class=\"wp-block-image size-large\"><img loading=\"lazy\" decoding=\"async\" width=\"1024\" height=\"681\" src=\"https:\/\/diarioavanzada.com.mx\/wp-content\/uploads\/2024\/12\/Investigadores-de-Zacatecas-y-SLP-trabajaron-en-camara-anecoica-UdeC_Emmanuel-1024x681.jpg\" alt=\"\" class=\"wp-image-68309\" srcset=\"https:\/\/diarioavanzada.com.mx\/wp-content\/uploads\/2024\/12\/Investigadores-de-Zacatecas-y-SLP-trabajaron-en-camara-anecoica-UdeC_Emmanuel-1024x681.jpg 1024w, https:\/\/diarioavanzada.com.mx\/wp-content\/uploads\/2024\/12\/Investigadores-de-Zacatecas-y-SLP-trabajaron-en-camara-anecoica-UdeC_Emmanuel-300x200.jpg 300w, https:\/\/diarioavanzada.com.mx\/wp-content\/uploads\/2024\/12\/Investigadores-de-Zacatecas-y-SLP-trabajaron-en-camara-anecoica-UdeC_Emmanuel-768x511.jpg 768w, https:\/\/diarioavanzada.com.mx\/wp-content\/uploads\/2024\/12\/Investigadores-de-Zacatecas-y-SLP-trabajaron-en-camara-anecoica-UdeC_Emmanuel-1200x798.jpg 1200w, https:\/\/diarioavanzada.com.mx\/wp-content\/uploads\/2024\/12\/Investigadores-de-Zacatecas-y-SLP-trabajaron-en-camara-anecoica-UdeC_Emmanuel.jpg 1225w\" sizes=\"auto, (max-width: 1024px) 100vw, 1024px\" \/><\/figure>\n\n\n\n<figure class=\"wp-block-image size-large\"><img loading=\"lazy\" decoding=\"async\" width=\"1024\" height=\"681\" src=\"https:\/\/diarioavanzada.com.mx\/wp-content\/uploads\/2024\/12\/Investigadores-de-Zacatecas-y-SLP-trabajaron-en-camara-anecoica-UdeC_Simon-1024x681.jpg\" alt=\"\" class=\"wp-image-68311\" srcset=\"https:\/\/diarioavanzada.com.mx\/wp-content\/uploads\/2024\/12\/Investigadores-de-Zacatecas-y-SLP-trabajaron-en-camara-anecoica-UdeC_Simon-1024x681.jpg 1024w, https:\/\/diarioavanzada.com.mx\/wp-content\/uploads\/2024\/12\/Investigadores-de-Zacatecas-y-SLP-trabajaron-en-camara-anecoica-UdeC_Simon-300x200.jpg 300w, https:\/\/diarioavanzada.com.mx\/wp-content\/uploads\/2024\/12\/Investigadores-de-Zacatecas-y-SLP-trabajaron-en-camara-anecoica-UdeC_Simon-768x511.jpg 768w, https:\/\/diarioavanzada.com.mx\/wp-content\/uploads\/2024\/12\/Investigadores-de-Zacatecas-y-SLP-trabajaron-en-camara-anecoica-UdeC_Simon-1200x798.jpg 1200w, https:\/\/diarioavanzada.com.mx\/wp-content\/uploads\/2024\/12\/Investigadores-de-Zacatecas-y-SLP-trabajaron-en-camara-anecoica-UdeC_Simon.jpg 1225w\" sizes=\"auto, (max-width: 1024px) 100vw, 1024px\" \/><\/figure>\n\n\n\n<p class=\"wp-block-paragraph\"><\/p>\n<div class=\"fb-background-color\">\n\t\t\t  <div \n\t\t\t  \tclass = \"fb-comments\" \n\t\t\t  \tdata-href = \"https:\/\/diarioavanzada.com.mx\/?p=68297\"\n\t\t\t  \tdata-numposts = \"10\"\n\t\t\t  \tdata-lazy = \"true\"\n\t\t\t\tdata-colorscheme = \"light\"\n\t\t\t\tdata-order-by = \"social\"\n\t\t\t\tdata-mobile=true>\n\t\t\t  <\/div><\/div>\n\t\t  <style>\n\t\t    .fb-background-color {\n\t\t\t\tbackground:  !important;\n\t\t\t}\n\t\t\t.fb_iframe_widget_fluid_desktop iframe {\n\t\t\t    width: 100% !important;\n\t\t\t}\n\t\t  <\/style>\n\t\t  ","protected":false},"excerpt":{"rendered":"<p>De la Universidad Aut\u00f3noma de Zacatecas (UAZ) y de la Universidad Aut\u00f3noma de San Luis Potos\u00ed (UASLP). Colima, M\u00e9xico, Avanzada (09\/12\/2024).- Estudiantes y profesores de la Universidad Aut\u00f3noma de Zacatecas (UAZ) y de la Universidad Aut\u00f3noma de San Luis Potos\u00ed (UASLP), visitaron este fin de semana la c\u00e1mara anecoica de la Universidad de Colima (UdeC) [&hellip;]<\/p>\n","protected":false},"author":7,"featured_media":68361,"comment_status":"closed","ping_status":"closed","sticky":false,"template":"","format":"standard","meta":{"_coblocks_attr":"","_coblocks_dimensions":"","_coblocks_responsive_height":"","_coblocks_accordion_ie_support":"","_crdt_document":"","advanced_seo_description":"","jetpack_seo_html_title":"","jetpack_seo_noindex":false,"_jetpack_memberships_contains_paid_content":false,"footnotes":""},"categories":[19,209,7],"tags":[],"class_list":["post-68297","post","type-post","status-publish","format-standard","has-post-thumbnail","hentry","category-colima","category-importantes","category-noticias"],"jetpack_featured_media_url":"https:\/\/diarioavanzada.com.mx\/wp-content\/uploads\/2024\/12\/img_1299-1.jpg","jetpack-related-posts":[],"jetpack_sharing_enabled":true,"amp_enabled":true,"_links":{"self":[{"href":"https:\/\/diarioavanzada.com.mx\/index.php?rest_route=\/wp\/v2\/posts\/68297","targetHints":{"allow":["GET"]}}],"collection":[{"href":"https:\/\/diarioavanzada.com.mx\/index.php?rest_route=\/wp\/v2\/posts"}],"about":[{"href":"https:\/\/diarioavanzada.com.mx\/index.php?rest_route=\/wp\/v2\/types\/post"}],"author":[{"embeddable":true,"href":"https:\/\/diarioavanzada.com.mx\/index.php?rest_route=\/wp\/v2\/users\/7"}],"replies":[{"embeddable":true,"href":"https:\/\/diarioavanzada.com.mx\/index.php?rest_route=%2Fwp%2Fv2%2Fcomments&post=68297"}],"version-history":[{"count":6,"href":"https:\/\/diarioavanzada.com.mx\/index.php?rest_route=\/wp\/v2\/posts\/68297\/revisions"}],"predecessor-version":[{"id":68360,"href":"https:\/\/diarioavanzada.com.mx\/index.php?rest_route=\/wp\/v2\/posts\/68297\/revisions\/68360"}],"wp:featuredmedia":[{"embeddable":true,"href":"https:\/\/diarioavanzada.com.mx\/index.php?rest_route=\/wp\/v2\/media\/68361"}],"wp:attachment":[{"href":"https:\/\/diarioavanzada.com.mx\/index.php?rest_route=%2Fwp%2Fv2%2Fmedia&parent=68297"}],"wp:term":[{"taxonomy":"category","embeddable":true,"href":"https:\/\/diarioavanzada.com.mx\/index.php?rest_route=%2Fwp%2Fv2%2Fcategories&post=68297"},{"taxonomy":"post_tag","embeddable":true,"href":"https:\/\/diarioavanzada.com.mx\/index.php?rest_route=%2Fwp%2Fv2%2Ftags&post=68297"}],"curies":[{"name":"wp","href":"https:\/\/api.w.org\/{rel}","templated":true}]}}