{"id":68291,"date":"2024-12-09T22:34:04","date_gmt":"2024-12-10T04:34:04","guid":{"rendered":"https:\/\/diarioavanzada.com.mx\/?p=68291"},"modified":"2024-12-09T22:34:43","modified_gmt":"2024-12-10T04:34:43","slug":"podran-titularse-48-egresados-con-recursos-de-la-decima-carrera-feuc-udec","status":"publish","type":"post","link":"https:\/\/diarioavanzada.com.mx\/?p=68291","title":{"rendered":"Podr\u00e1n titularse 48 egresados con recursos de la d\u00e9cima carrera FEUC-UdeC"},"content":{"rendered":"\n<p class=\"wp-block-paragraph\"><em>\u201cQue est\u00e1 beca de apoyo al egreso abone de manera importante en la conclusi\u00f3n de la formaci\u00f3n de todos y cada uno de ustedes\u201d: Christian Torres Ortiz, rector.<\/em><\/p>\n\n\n\n<p class=\"wp-block-paragraph\">Colima, M\u00e9xico, Avanzada (09\/12\/2024).- Este lunes, 48 egresadas y egresados de la Universidad de Colima recibieron la beca \u201cApoyo al egreso\u201d, de la Federaci\u00f3n de Egresados de la Universidad de Colima (FEUC). Con ella, las y los beneficiarios podr\u00e1n cubrir el costo total de sus tr\u00e1mites de titulaci\u00f3n. Los recursos son fruto de la d\u00e9cima carrera FEUC-UdeC y empresas patrocinadoras.<\/p>\n\n\n\n<p class=\"wp-block-paragraph\">La ceremonia de entrega fue presidida por el rector, Christian Jorge Torres Ortiz Zerme\u00f1o, Carolina Venegas Ochoa, presidenta de la FEUC y representantes de las empresas. Las y los beneficiados provienen de todos los campus de la UdeC.<\/p>\n\n\n\n<p class=\"wp-block-paragraph\">En su mensaje, el rector resalt\u00f3 la importancia de apoyos como los derivados de la carrera FEUC-UdeC. \u201cNo es f\u00e1cil que las y los j\u00f3venes terminen su carrera profesional. En nuestro pa\u00eds, solo el 44 por ciento llega a la Educaci\u00f3n Superior; una vez ah\u00ed, el camino est\u00e1 lleno de retos, desaf\u00edos y adversidades. El siguiente paso es permanecer para despu\u00e9s poder concluir. Esto significar\u00eda un futuro laboral profesional alentador, por eso es tan importante titularse\u201d.&nbsp;<\/p>\n\n\n\n<p class=\"wp-block-paragraph\">Que est\u00e1 beca -coment\u00f3 el rector- \u201cabone de manera importante en la conclusi\u00f3n de la formaci\u00f3n de todos y cada uno de ustedes. La familia universitaria se conforma de estudiantes, trabajadores, de egresados y jubilados. Las y los egresados son muy importantes, ya que son la carta de presentaci\u00f3n de \u00e9sta y de cualquier Instituci\u00f3n de Educaci\u00f3n superior\u201d.<\/p>\n\n\n\n<p class=\"wp-block-paragraph\">\u201cPor \u00faltimo, agradezco a todos los patrocinadores que nos apoyan, ya que hicieron suyo este proyecto. Aqu\u00ed est\u00e1n viendo el resultado de su patrocinio, no solo para poder llevar a cabo la carrera, sino el apoyo a estas historias de j\u00f3venes que han concluido sus estudios\u201d. Agradeci\u00f3 tambi\u00e9n a Carolina Venegas y a su equipo de la FEUC, \u201cpor una vinculaci\u00f3n permanente que nos permite que quien es egresado o egresada siempre se sienta parte de esta instituci\u00f3n\u201d.&nbsp;&nbsp;&nbsp;&nbsp;&nbsp;&nbsp;<\/p>\n\n\n\n<p class=\"wp-block-paragraph\">Carolina Venegas, en su turno, agradeci\u00f3 el apoyo de las empresas patrocinadoras y de la UdeC. \u201cEsta segunda entrega de apoyo al egreso fue posible gracias la UdeC, a las empresas patrocinadoras y al comit\u00e9 ejecutivo, asociaci\u00f3n de egresados, el equipo FEUC y la sociedad en general\u201d, quienes hicieron posible la Carrera FEUC-UdeC. \u201cUna carrera con causa que tiene como objetivo recaudar recursos econ\u00f3micos para que nuestras y nuestros egresados logren cubrir uno de los tr\u00e1mites m\u00e1s importantes de su vida acad\u00e9mica: La titulaci\u00f3n\u201d.<\/p>\n\n\n\n<p class=\"wp-block-paragraph\">\u201cGracias a esta suma de voluntades, quiero compartirles que, por primera vez en la FEUC, hemos otorgado m\u00e1s de 80 apoyos econ\u00f3micos en lo que va de este a\u00f1o, 48 de los cuales se entregan hoy. Este tipo de causas nos demuestran que, cuando nos unimos, podemos crear soluciones pertinentes que transforman vidas\u201d.<\/p>\n\n\n\n<p class=\"wp-block-paragraph\">Para terminar, les dijo a las y los beneficiaros que el t\u00edtulo es una suma del esfuerzo individual y la confianza de quienes creyeron en ellos y ellas y los apoyaron. \u201cComo reci\u00e9n egresados llevan consigo la responsabilidad de devolver ese esfuerzo a la sociedad a la cual nos debemos. Pongan sus conocimientos y habilidades al servicio de su comunidad y contribuyan con pasi\u00f3n, convicci\u00f3n y determinaci\u00f3n al bienestar social\u201d.<\/p>\n\n\n\n<p class=\"wp-block-paragraph\">Por parte de las empresas patrocinadoras, Karla Rodr\u00edguez Ortega, gerente general de Pinturas Berel de la Costa, agradeci\u00f3 a la Universidad de Colima y a su Federaci\u00f3n de Egresados, \u201cporque a trav\u00e9s de la FEUC se nos permite seguir siendo parte de nuestra Universidad y se reconoce el papel que ahora tenemos en la sociedad como egresadas y egresados universitarios.<\/p>\n\n\n\n<p class=\"wp-block-paragraph\">\u201cCelebro -destac\u00f3- que se nos permita ser parte de la pertinencia que transforma, de la responsabilidad social que practica esta Universidad y sobre todo, de poder tocar vidas dando apoyo a esas generaciones. Quiero decirles que todo sue\u00f1o acompa\u00f1ado de trabajo constante, responsabilidad y entusiasmo, se puede lograr\u201d.<\/p>\n\n\n\n<p class=\"wp-block-paragraph\">La egresada Ana Cristina G\u00f3mez Rodr\u00edguez, en nombre de las y los beneficiados, agradeci\u00f3 a la UdeC, \u201cno solo por brindarme una educaci\u00f3n pertinente y de calidad, sino por alentarme a salir de mi zona de confort, ense\u00f1arme a superar dificultades y por crear oportunidades \u00fanicas para mi crecimiento personal y profesional. Hoy, al mirar atr\u00e1s, me siento afortunada, pues estos peque\u00f1os o grandes logros toman un mayor significado cuando reconocen nuestro esfuerzo y nos alientan, tanto a finalizar con \u00e9xito nuestros estudios como a alcanzar el tan anhelado t\u00edtulo universitario, s\u00edmbolo de nuestro conocimiento y habilidades adquiridas\u201d.<\/p>\n\n\n\n<p class=\"wp-block-paragraph\">\u201cEste recurso, m\u00e1s que un simple apoyo econ\u00f3mico, representa una herramienta fundamental para continuar nuestra vida de egresados, acceder a mejores ofertas laborales y abrir nuestro panorama en el mundo profesional. Hoy, m\u00e1s que nunca, me siento orgullosa de formar parte de esta gran comunidad universitaria\u201d, concluy\u00f3.<\/p>\n\n\n\n<p class=\"wp-block-paragraph\">Tambi\u00e9n estuvieron en el pres\u00eddium: Daniel Gudi\u00f1o, director general de Sicar Farms; C\u00e9sar Romero, presidente del Consejo de Administraci\u00f3n de CIMA Group; Jos\u00e9 Luis Mac\u00edas, director general de ACCESSA Logistics; Carmen Gudi\u00f1o, directora de administraci\u00f3n de Surtidora Ferretera; Fernando Ruiz, director general de Holcim; Francisco Brun, director general Adjunto de Embotelladora de Colima y Gabriela Hern\u00e1ndez, directora de Mercadotecnia de BODESA.<\/p>\n\n\n\n<figure class=\"wp-block-image size-large\"><img loading=\"lazy\" decoding=\"async\" width=\"1024\" height=\"683\" src=\"https:\/\/diarioavanzada.com.mx\/wp-content\/uploads\/2024\/12\/Podran-titularse-48-egresados-con-recursos-de-la-X-carrera-FEUC-UdeC_Karla-1024x683.jpg\" alt=\"\" class=\"wp-image-68295\" srcset=\"https:\/\/diarioavanzada.com.mx\/wp-content\/uploads\/2024\/12\/Podran-titularse-48-egresados-con-recursos-de-la-X-carrera-FEUC-UdeC_Karla-1024x683.jpg 1024w, https:\/\/diarioavanzada.com.mx\/wp-content\/uploads\/2024\/12\/Podran-titularse-48-egresados-con-recursos-de-la-X-carrera-FEUC-UdeC_Karla-300x200.jpg 300w, https:\/\/diarioavanzada.com.mx\/wp-content\/uploads\/2024\/12\/Podran-titularse-48-egresados-con-recursos-de-la-X-carrera-FEUC-UdeC_Karla-768x512.jpg 768w, https:\/\/diarioavanzada.com.mx\/wp-content\/uploads\/2024\/12\/Podran-titularse-48-egresados-con-recursos-de-la-X-carrera-FEUC-UdeC_Karla-1200x800.jpg 1200w, https:\/\/diarioavanzada.com.mx\/wp-content\/uploads\/2024\/12\/Podran-titularse-48-egresados-con-recursos-de-la-X-carrera-FEUC-UdeC_Karla.jpg 1224w\" sizes=\"auto, (max-width: 1024px) 100vw, 1024px\" \/><\/figure>\n\n\n\n<p class=\"wp-block-paragraph\"><\/p>\n<div class=\"fb-background-color\">\n\t\t\t  <div \n\t\t\t  \tclass = \"fb-comments\" \n\t\t\t  \tdata-href = \"https:\/\/diarioavanzada.com.mx\/?p=68291\"\n\t\t\t  \tdata-numposts = \"10\"\n\t\t\t  \tdata-lazy = \"true\"\n\t\t\t\tdata-colorscheme = \"light\"\n\t\t\t\tdata-order-by = \"social\"\n\t\t\t\tdata-mobile=true>\n\t\t\t  <\/div><\/div>\n\t\t  <style>\n\t\t    .fb-background-color {\n\t\t\t\tbackground:  !important;\n\t\t\t}\n\t\t\t.fb_iframe_widget_fluid_desktop iframe {\n\t\t\t    width: 100% !important;\n\t\t\t}\n\t\t  <\/style>\n\t\t  ","protected":false},"excerpt":{"rendered":"<p>\u201cQue est\u00e1 beca de apoyo al egreso abone de manera importante en la conclusi\u00f3n de la formaci\u00f3n de todos y cada uno de ustedes\u201d: Christian Torres Ortiz, rector. Colima, M\u00e9xico, Avanzada (09\/12\/2024).- Este lunes, 48 egresadas y egresados de la Universidad de Colima recibieron la beca \u201cApoyo al egreso\u201d, de la Federaci\u00f3n de Egresados de [&hellip;]<\/p>\n","protected":false},"author":7,"featured_media":68363,"comment_status":"closed","ping_status":"closed","sticky":false,"template":"","format":"standard","meta":{"_coblocks_attr":"","_coblocks_dimensions":"","_coblocks_responsive_height":"","_coblocks_accordion_ie_support":"","_crdt_document":"","advanced_seo_description":"","jetpack_seo_html_title":"","jetpack_seo_noindex":false,"_jetpack_memberships_contains_paid_content":false,"footnotes":""},"categories":[19,209,7],"tags":[],"class_list":["post-68291","post","type-post","status-publish","format-standard","has-post-thumbnail","hentry","category-colima","category-importantes","category-noticias"],"jetpack_featured_media_url":"https:\/\/diarioavanzada.com.mx\/wp-content\/uploads\/2024\/12\/img_1300-1.png","jetpack-related-posts":[],"jetpack_sharing_enabled":true,"amp_enabled":true,"_links":{"self":[{"href":"https:\/\/diarioavanzada.com.mx\/index.php?rest_route=\/wp\/v2\/posts\/68291","targetHints":{"allow":["GET"]}}],"collection":[{"href":"https:\/\/diarioavanzada.com.mx\/index.php?rest_route=\/wp\/v2\/posts"}],"about":[{"href":"https:\/\/diarioavanzada.com.mx\/index.php?rest_route=\/wp\/v2\/types\/post"}],"author":[{"embeddable":true,"href":"https:\/\/diarioavanzada.com.mx\/index.php?rest_route=\/wp\/v2\/users\/7"}],"replies":[{"embeddable":true,"href":"https:\/\/diarioavanzada.com.mx\/index.php?rest_route=%2Fwp%2Fv2%2Fcomments&post=68291"}],"version-history":[{"count":5,"href":"https:\/\/diarioavanzada.com.mx\/index.php?rest_route=\/wp\/v2\/posts\/68291\/revisions"}],"predecessor-version":[{"id":68364,"href":"https:\/\/diarioavanzada.com.mx\/index.php?rest_route=\/wp\/v2\/posts\/68291\/revisions\/68364"}],"wp:featuredmedia":[{"embeddable":true,"href":"https:\/\/diarioavanzada.com.mx\/index.php?rest_route=\/wp\/v2\/media\/68363"}],"wp:attachment":[{"href":"https:\/\/diarioavanzada.com.mx\/index.php?rest_route=%2Fwp%2Fv2%2Fmedia&parent=68291"}],"wp:term":[{"taxonomy":"category","embeddable":true,"href":"https:\/\/diarioavanzada.com.mx\/index.php?rest_route=%2Fwp%2Fv2%2Fcategories&post=68291"},{"taxonomy":"post_tag","embeddable":true,"href":"https:\/\/diarioavanzada.com.mx\/index.php?rest_route=%2Fwp%2Fv2%2Ftags&post=68291"}],"curies":[{"name":"wp","href":"https:\/\/api.w.org\/{rel}","templated":true}]}}