{"id":68290,"date":"2024-12-09T17:06:14","date_gmt":"2024-12-09T23:06:14","guid":{"rendered":"https:\/\/diarioavanzada.com.mx\/?p=68290"},"modified":"2024-12-09T17:06:14","modified_gmt":"2024-12-09T23:06:14","slug":"detienen-al-director-de-la-policia-municipal-de-jaltocan-hidalgo-por-el-secuestro-de-una-alcaldesa","status":"publish","type":"post","link":"https:\/\/diarioavanzada.com.mx\/?p=68290","title":{"rendered":"Detienen al Director de la Polic\u00eda Municipal de Jaltoc\u00e1n, Hidalgo por el secuestro de una alcaldesa"},"content":{"rendered":"\n<p class=\"p1 wp-block-paragraph\">Hidalgo, M\u00e9xico, Avanzada (09\/12\/2024).- En un operativo conjunto entre la Fiscal\u00eda General del Estado y la Polic\u00eda Estatal, fue detenido Jacinto Ram\u00edrez Guzm\u00e1n, director de la Polic\u00eda Municipal de Jaltoc\u00e1n, por su presunta participaci\u00f3n en el secuestro de alcaldesa de Yahualica, Francisca Lara Vel\u00e1zquez<\/p>\n\n\n\n<p class=\"p1 wp-block-paragraph\">Seg\u00fan inform\u00f3 la Fiscal\u00eda General del Estado, Ram\u00edrez Guzm\u00e1n fue detenido en la madrugada de este fin de semana en su domicilio particular.<\/p>\n\n\n\n<p class=\"p1 wp-block-paragraph\">La detenci\u00f3n se llev\u00f3 a cabo despu\u00e9s de que la v\u00edctima del secuestro, cuya identidad no se ha revelado por razones de seguridad, presentara una denuncia formal ante la Fiscal\u00eda General del Estado.<\/p>\n\n\n\n<p class=\"p1 wp-block-paragraph\">La investigaci\u00f3n revel\u00f3 que Ram\u00edrez Guzm\u00e1n habr\u00eda participado activamente en el secuestro, junto con otros individuos que a\u00fan se encuentran en busca y captura.<\/p>\n\n\n\n<p class=\"p1 wp-block-paragraph\">La detenci\u00f3n de Ram\u00edrez Guzm\u00e1n ha generado una gran conmoci\u00f3n en la comunidad de Jaltoc\u00e1n, ya que se trata de una figura de autoridad que se espera que mantenga la ley y el orden.<\/p>\n\n\n\n<p class=\"p1 wp-block-paragraph\">El gobernador del estado de Hidalgo, julio, Ram\u00f3n Menchaca Salazar, se refiri\u00f3 al caso y asegur\u00f3 que &#8220;no habr\u00e1 impunidad&#8221; y que se &#8220;investigar\u00e1 a fondo&#8221; el caso.<\/p>\n\n\n\n<p class=\"p1 wp-block-paragraph\">Ram\u00edrez Guzm\u00e1n se encuentra actualmente en la c\u00e1rcel preventiva, a la espera de que se le juzgue por el delito de secuestro.<\/p>\n<div class=\"fb-background-color\">\n\t\t\t  <div \n\t\t\t  \tclass = \"fb-comments\" \n\t\t\t  \tdata-href = \"https:\/\/diarioavanzada.com.mx\/?p=68290\"\n\t\t\t  \tdata-numposts = \"10\"\n\t\t\t  \tdata-lazy = \"true\"\n\t\t\t\tdata-colorscheme = \"light\"\n\t\t\t\tdata-order-by = \"social\"\n\t\t\t\tdata-mobile=true>\n\t\t\t  <\/div><\/div>\n\t\t  <style>\n\t\t    .fb-background-color {\n\t\t\t\tbackground:  !important;\n\t\t\t}\n\t\t\t.fb_iframe_widget_fluid_desktop iframe {\n\t\t\t    width: 100% !important;\n\t\t\t}\n\t\t  <\/style>\n\t\t  ","protected":false},"excerpt":{"rendered":"<p>Hidalgo, M\u00e9xico, Avanzada (09\/12\/2024).- En un operativo conjunto entre la Fiscal\u00eda General del Estado y la Polic\u00eda Estatal, fue detenido Jacinto Ram\u00edrez Guzm\u00e1n, director de la Polic\u00eda Municipal de Jaltoc\u00e1n, por su presunta participaci\u00f3n en el secuestro de alcaldesa de Yahualica, Francisca Lara Vel\u00e1zquez Seg\u00fan inform\u00f3 la Fiscal\u00eda General del Estado, Ram\u00edrez Guzm\u00e1n fue detenido [&hellip;]<\/p>\n","protected":false},"author":7,"featured_media":68289,"comment_status":"closed","ping_status":"closed","sticky":false,"template":"","format":"standard","meta":{"_coblocks_attr":"","_coblocks_dimensions":"","_coblocks_responsive_height":"","_coblocks_accordion_ie_support":"","_crdt_document":"","advanced_seo_description":"","jetpack_seo_html_title":"","jetpack_seo_noindex":false,"_jetpack_memberships_contains_paid_content":false,"footnotes":""},"categories":[22,231],"tags":[],"class_list":["post-68290","post","type-post","status-publish","format-standard","has-post-thumbnail","hentry","category-nacion","category-seguridad"],"jetpack_featured_media_url":"https:\/\/diarioavanzada.com.mx\/wp-content\/uploads\/2024\/12\/img_5493-1.jpg","jetpack-related-posts":[],"jetpack_sharing_enabled":true,"amp_enabled":true,"_links":{"self":[{"href":"https:\/\/diarioavanzada.com.mx\/index.php?rest_route=\/wp\/v2\/posts\/68290","targetHints":{"allow":["GET"]}}],"collection":[{"href":"https:\/\/diarioavanzada.com.mx\/index.php?rest_route=\/wp\/v2\/posts"}],"about":[{"href":"https:\/\/diarioavanzada.com.mx\/index.php?rest_route=\/wp\/v2\/types\/post"}],"author":[{"embeddable":true,"href":"https:\/\/diarioavanzada.com.mx\/index.php?rest_route=\/wp\/v2\/users\/7"}],"replies":[{"embeddable":true,"href":"https:\/\/diarioavanzada.com.mx\/index.php?rest_route=%2Fwp%2Fv2%2Fcomments&post=68290"}],"version-history":[{"count":0,"href":"https:\/\/diarioavanzada.com.mx\/index.php?rest_route=\/wp\/v2\/posts\/68290\/revisions"}],"wp:featuredmedia":[{"embeddable":true,"href":"https:\/\/diarioavanzada.com.mx\/index.php?rest_route=\/wp\/v2\/media\/68289"}],"wp:attachment":[{"href":"https:\/\/diarioavanzada.com.mx\/index.php?rest_route=%2Fwp%2Fv2%2Fmedia&parent=68290"}],"wp:term":[{"taxonomy":"category","embeddable":true,"href":"https:\/\/diarioavanzada.com.mx\/index.php?rest_route=%2Fwp%2Fv2%2Fcategories&post=68290"},{"taxonomy":"post_tag","embeddable":true,"href":"https:\/\/diarioavanzada.com.mx\/index.php?rest_route=%2Fwp%2Fv2%2Ftags&post=68290"}],"curies":[{"name":"wp","href":"https:\/\/api.w.org\/{rel}","templated":true}]}}