{"id":68287,"date":"2024-12-09T16:33:48","date_gmt":"2024-12-09T22:33:48","guid":{"rendered":"https:\/\/diarioavanzada.com.mx\/?p=68287"},"modified":"2024-12-09T16:34:27","modified_gmt":"2024-12-09T22:34:27","slug":"intento-secuestrar-avion-y-provoco-accidente-cuando-iba-en-la-patrulla-de-la-gn-un-elemento-herido","status":"publish","type":"post","link":"https:\/\/diarioavanzada.com.mx\/?p=68287","title":{"rendered":"Intent\u00f3 secuestrar avi\u00f3n y provoc\u00f3 accidente cuando iba en la patrulla de la GN"},"content":{"rendered":"\n<p class=\"wp-block-paragraph\">M\u00e9xico, Avanzada (09\/12\/2024).- La Fiscal\u00eda General de la Rep\u00fablica (FGR) inici\u00f3 una carpeta de investigaci\u00f3n contra Mario \u201cG\u201d por su probable responsabilidad en los delitos de amenazas, ataques a las v\u00edas de comunicaci\u00f3n y otros que resulten, luego de un incidente a bordo del vuelo 3041 de la aerol\u00ednea Volaris.<\/p>\n\n\n\n<p class=\"p1 wp-block-paragraph\">Seg\u00fan la denuncia presentada por el personal de Volaris, el sujeto intent\u00f3 entrar por la fuerza a la cabina del avi\u00f3n, que volaba de Le\u00f3n, Guanajuato, a Tijuana, Baja California. Su objetivo era desviar la aeronave hacia los Estados Unidos. Ante esta situaci\u00f3n, la tripulaci\u00f3n solicit\u00f3 apoyo de las autoridades.<\/p>\n\n\n\n<p class=\"p1 wp-block-paragraph\">Al aterrizar en el Aeropuerto Internacional de Guadalajara, la Guardia Nacional detuvo a Mario \u201cG\u201d. Sin embargo, ya en la patrulla, el detenido intent\u00f3 despojar de su arma a un agente, provocando un accidente automovil\u00edstico. En el percance resultaron lesionados elementos de la corporaci\u00f3n y el propio detenido, quien actualmente se encuentra hospitalizado.<\/p>\n\n\n\n<p class=\"p1 wp-block-paragraph\">La FGR inform\u00f3 que se han llevado a cabo diligencias, incluyendo entrevistas a la tripulaci\u00f3n, an\u00e1lisis t\u00e9cnico-aeron\u00e1uticos proporcionados por Volaris, revisi\u00f3n de grabaciones de la torre de control y chequeos m\u00e9dicos y psicol\u00f3gicos tanto del detenido como de los afectados.<\/p>\n\n\n\n<p class=\"p1 wp-block-paragraph\">Los resultados de estas investigaciones ser\u00e1n dados a conocer una vez que est\u00e9n confirmados, se\u00f1al\u00f3 la dependencia.<\/p>\n<div class=\"fb-background-color\">\n\t\t\t  <div \n\t\t\t  \tclass = \"fb-comments\" \n\t\t\t  \tdata-href = \"https:\/\/diarioavanzada.com.mx\/?p=68287\"\n\t\t\t  \tdata-numposts = \"10\"\n\t\t\t  \tdata-lazy = \"true\"\n\t\t\t\tdata-colorscheme = \"light\"\n\t\t\t\tdata-order-by = \"social\"\n\t\t\t\tdata-mobile=true>\n\t\t\t  <\/div><\/div>\n\t\t  <style>\n\t\t    .fb-background-color {\n\t\t\t\tbackground:  !important;\n\t\t\t}\n\t\t\t.fb_iframe_widget_fluid_desktop iframe {\n\t\t\t    width: 100% !important;\n\t\t\t}\n\t\t  <\/style>\n\t\t  ","protected":false},"excerpt":{"rendered":"<p>M\u00e9xico, Avanzada (09\/12\/2024).- La Fiscal\u00eda General de la Rep\u00fablica (FGR) inici\u00f3 una carpeta de investigaci\u00f3n contra Mario \u201cG\u201d por su probable responsabilidad en los delitos de amenazas, ataques a las v\u00edas de comunicaci\u00f3n y otros que resulten, luego de un incidente a bordo del vuelo 3041 de la aerol\u00ednea Volaris. Seg\u00fan la denuncia presentada por [&hellip;]<\/p>\n","protected":false},"author":7,"featured_media":68286,"comment_status":"closed","ping_status":"closed","sticky":false,"template":"","format":"standard","meta":{"_coblocks_attr":"","_coblocks_dimensions":"","_coblocks_responsive_height":"","_coblocks_accordion_ie_support":"","_crdt_document":"","advanced_seo_description":"","jetpack_seo_html_title":"","jetpack_seo_noindex":false,"_jetpack_memberships_contains_paid_content":false,"footnotes":""},"categories":[22],"tags":[],"class_list":["post-68287","post","type-post","status-publish","format-standard","has-post-thumbnail","hentry","category-nacion"],"jetpack_featured_media_url":"https:\/\/diarioavanzada.com.mx\/wp-content\/uploads\/2024\/12\/img_5490-1.jpg","jetpack-related-posts":[],"jetpack_sharing_enabled":true,"amp_enabled":true,"_links":{"self":[{"href":"https:\/\/diarioavanzada.com.mx\/index.php?rest_route=\/wp\/v2\/posts\/68287","targetHints":{"allow":["GET"]}}],"collection":[{"href":"https:\/\/diarioavanzada.com.mx\/index.php?rest_route=\/wp\/v2\/posts"}],"about":[{"href":"https:\/\/diarioavanzada.com.mx\/index.php?rest_route=\/wp\/v2\/types\/post"}],"author":[{"embeddable":true,"href":"https:\/\/diarioavanzada.com.mx\/index.php?rest_route=\/wp\/v2\/users\/7"}],"replies":[{"embeddable":true,"href":"https:\/\/diarioavanzada.com.mx\/index.php?rest_route=%2Fwp%2Fv2%2Fcomments&post=68287"}],"version-history":[{"count":1,"href":"https:\/\/diarioavanzada.com.mx\/index.php?rest_route=\/wp\/v2\/posts\/68287\/revisions"}],"predecessor-version":[{"id":68288,"href":"https:\/\/diarioavanzada.com.mx\/index.php?rest_route=\/wp\/v2\/posts\/68287\/revisions\/68288"}],"wp:featuredmedia":[{"embeddable":true,"href":"https:\/\/diarioavanzada.com.mx\/index.php?rest_route=\/wp\/v2\/media\/68286"}],"wp:attachment":[{"href":"https:\/\/diarioavanzada.com.mx\/index.php?rest_route=%2Fwp%2Fv2%2Fmedia&parent=68287"}],"wp:term":[{"taxonomy":"category","embeddable":true,"href":"https:\/\/diarioavanzada.com.mx\/index.php?rest_route=%2Fwp%2Fv2%2Fcategories&post=68287"},{"taxonomy":"post_tag","embeddable":true,"href":"https:\/\/diarioavanzada.com.mx\/index.php?rest_route=%2Fwp%2Fv2%2Ftags&post=68287"}],"curies":[{"name":"wp","href":"https:\/\/api.w.org\/{rel}","templated":true}]}}