{"id":68274,"date":"2024-12-09T13:05:39","date_gmt":"2024-12-09T19:05:39","guid":{"rendered":"https:\/\/diarioavanzada.com.mx\/?p=68274"},"modified":"2024-12-09T13:05:39","modified_gmt":"2024-12-09T19:05:39","slug":"hombre-fallece-tras-caer-de-una-escalera-en-oficinas-del-sat-en-colima","status":"publish","type":"post","link":"https:\/\/diarioavanzada.com.mx\/?p=68274","title":{"rendered":"Hombre fallece tras caer de una escalera en oficinas del SAT en Colima"},"content":{"rendered":"\n<p class=\"p1 wp-block-paragraph\">Colima, M\u00e9xico, Avanzada (09\/12\/2024).- Esta ma\u00f1ana, un hombre de aproximadamente 60 a\u00f1os perdi\u00f3 la vida al caer de una escalera dentro de las oficinas del Servicio de Administraci\u00f3n Tributaria (SAT), ubicadas en la avenida Camino Real, en el municipio de Colima.<\/p>\n\n\n\n<p class=\"p1 wp-block-paragraph\">Seg\u00fan los primeros reportes, el hombre cay\u00f3 desde una altura estimada de entre 10 y 15 metros, sufriendo una fractura en la cabeza, lesi\u00f3n que le provoco la muerte de manera inmediata.<\/p>\n\n\n\n<p class=\"p1 wp-block-paragraph\">Hasta el momento, no se han dado a conocer m\u00e1s detalles sobre las circunstancias del accidente. Las autoridades ya se encuentran en el lugar realizando las investigaciones correspondientes.<\/p>\n<div class=\"fb-background-color\">\n\t\t\t  <div \n\t\t\t  \tclass = \"fb-comments\" \n\t\t\t  \tdata-href = \"https:\/\/diarioavanzada.com.mx\/?p=68274\"\n\t\t\t  \tdata-numposts = \"10\"\n\t\t\t  \tdata-lazy = \"true\"\n\t\t\t\tdata-colorscheme = \"light\"\n\t\t\t\tdata-order-by = \"social\"\n\t\t\t\tdata-mobile=true>\n\t\t\t  <\/div><\/div>\n\t\t  <style>\n\t\t    .fb-background-color {\n\t\t\t\tbackground:  !important;\n\t\t\t}\n\t\t\t.fb_iframe_widget_fluid_desktop iframe {\n\t\t\t    width: 100% !important;\n\t\t\t}\n\t\t  <\/style>\n\t\t  ","protected":false},"excerpt":{"rendered":"<p>Colima, M\u00e9xico, Avanzada (09\/12\/2024).- Esta ma\u00f1ana, un hombre de aproximadamente 60 a\u00f1os perdi\u00f3 la vida al caer de una escalera dentro de las oficinas del Servicio de Administraci\u00f3n Tributaria (SAT), ubicadas en la avenida Camino Real, en el municipio de Colima. Seg\u00fan los primeros reportes, el hombre cay\u00f3 desde una altura estimada de entre 10 [&hellip;]<\/p>\n","protected":false},"author":7,"featured_media":68273,"comment_status":"closed","ping_status":"closed","sticky":false,"template":"","format":"standard","meta":{"_coblocks_attr":"","_coblocks_dimensions":"","_coblocks_responsive_height":"","_coblocks_accordion_ie_support":"","_crdt_document":"","advanced_seo_description":"","jetpack_seo_html_title":"","jetpack_seo_noindex":false,"_jetpack_memberships_contains_paid_content":false,"footnotes":""},"categories":[19,7],"tags":[],"class_list":["post-68274","post","type-post","status-publish","format-standard","has-post-thumbnail","hentry","category-colima","category-noticias"],"jetpack_featured_media_url":"https:\/\/diarioavanzada.com.mx\/wp-content\/uploads\/2024\/12\/img_5479-1.jpg","jetpack-related-posts":[],"jetpack_sharing_enabled":true,"amp_enabled":true,"_links":{"self":[{"href":"https:\/\/diarioavanzada.com.mx\/index.php?rest_route=\/wp\/v2\/posts\/68274","targetHints":{"allow":["GET"]}}],"collection":[{"href":"https:\/\/diarioavanzada.com.mx\/index.php?rest_route=\/wp\/v2\/posts"}],"about":[{"href":"https:\/\/diarioavanzada.com.mx\/index.php?rest_route=\/wp\/v2\/types\/post"}],"author":[{"embeddable":true,"href":"https:\/\/diarioavanzada.com.mx\/index.php?rest_route=\/wp\/v2\/users\/7"}],"replies":[{"embeddable":true,"href":"https:\/\/diarioavanzada.com.mx\/index.php?rest_route=%2Fwp%2Fv2%2Fcomments&post=68274"}],"version-history":[{"count":0,"href":"https:\/\/diarioavanzada.com.mx\/index.php?rest_route=\/wp\/v2\/posts\/68274\/revisions"}],"wp:featuredmedia":[{"embeddable":true,"href":"https:\/\/diarioavanzada.com.mx\/index.php?rest_route=\/wp\/v2\/media\/68273"}],"wp:attachment":[{"href":"https:\/\/diarioavanzada.com.mx\/index.php?rest_route=%2Fwp%2Fv2%2Fmedia&parent=68274"}],"wp:term":[{"taxonomy":"category","embeddable":true,"href":"https:\/\/diarioavanzada.com.mx\/index.php?rest_route=%2Fwp%2Fv2%2Fcategories&post=68274"},{"taxonomy":"post_tag","embeddable":true,"href":"https:\/\/diarioavanzada.com.mx\/index.php?rest_route=%2Fwp%2Fv2%2Ftags&post=68274"}],"curies":[{"name":"wp","href":"https:\/\/api.w.org\/{rel}","templated":true}]}}