{"id":68261,"date":"2024-12-09T09:04:52","date_gmt":"2024-12-09T15:04:52","guid":{"rendered":"https:\/\/diarioavanzada.com.mx\/?p=68261"},"modified":"2024-12-09T09:11:35","modified_gmt":"2024-12-09T15:11:35","slug":"el-nuevo-gobernador-de-chiapas-promete-resultados-en-100-dias-y-pacificar-el-estado-en-6-meses","status":"publish","type":"post","link":"https:\/\/diarioavanzada.com.mx\/?p=68261","title":{"rendered":"El nuevo gobernador de Chiapas promete resultados en 100 d\u00edas y pacificar el estado en 6 meses"},"content":{"rendered":"\n<p class=\"p1 wp-block-paragraph\">Chiapas, M\u00e9xico, Avanzada (09\/12\/2024).- Con el lema \u201cLa paz volver\u00e1 a Chiapas\u201d, Eduardo Ram\u00edrez Aguilar inici\u00f3 su mandato como gobernador el domingo 8 de diciembre, acompa\u00f1ado de un despliegue policial y nuevas estrategias de seguridad. Durante su toma de protesta, el mandatario present\u00f3 al grupo de \u00e9lite Fuerza de Reacci\u00f3n Inmediata Pakal, que contar\u00e1 con 10 veh\u00edculos blindados y 200 unidades policiales.<\/p>\n\n\n\n<p class=\"p1 wp-block-paragraph\">El nuevo gobernador militante del partido pol\u00edtico Morena, asegur\u00f3 que su gobierno combatir\u00e1 los delitos del fuero com\u00fan, como extorsiones y asaltos carreteros, y prometi\u00f3 resultados en los primeros 100 d\u00edas de su administraci\u00f3n. \u201cTodos los delitos del fuero com\u00fan, vamos con todo, con valor. Aqu\u00ed no hay derecho al miedo, la ley se va a aplicar\u201d, afirm\u00f3 en su discurso.<\/p>\n\n\n\n<p class=\"p1 wp-block-paragraph\">Entre las primeras medidas anunciadas, se encuentra el fortalecimiento de la Secretar\u00eda de Seguridad del Pueblo, encabezada por Oscar Alberto Aparicio Avenda\u00f1o, quien previamente se desempe\u00f1\u00f3 como subsecretario de Operaci\u00f3n Policial en Zacatecas. Esta dependencia tendr\u00e1 facultades para investigar delitos, en coordinaci\u00f3n con la Fiscal\u00eda General de Justicia de Chiapas, liderada por Jorge Luis Llaven Abarca.<\/p>\n\n\n\n<p class=\"p1 wp-block-paragraph\">Sin embargo, el nombramiento de Llaven Abarca, quien asumi\u00f3 el cargo el pasado 28 de noviembre, es objeto de cr\u00edticas por parte de m\u00e1s de varias organizaciones de la sociedad civil, incluidas el Centro de Derechos Humanos Fray Bartolom\u00e9 de Las Casas y Melel Xojobal. Estas organizaciones se\u00f1alaron su historial de presuntas violaciones a derechos humanos durante su gesti\u00f3n como secretario de Seguridad P\u00fablica y Protecci\u00f3n Ciudadana en el gobierno de Manuel Velasco Coello. Entre las denuncias destacan el uso excesivo de la fuerza, represi\u00f3n a defensores de derechos humanos, detenciones arbitrarias y casos de tortura.<\/p>\n\n\n\n<p class=\"p1 wp-block-paragraph\">Antes de la ceremonia de toma de protesta, Llaven Abarca y Aparicio Avenda\u00f1o encabezaron el acto de presentaci\u00f3n de la Fuerza de Reacci\u00f3n Inmediata Pakal. Aparicio Avenda\u00f1o indic\u00f3 que este grupo trabajar\u00e1 en estrecha coordinaci\u00f3n con la Secretar\u00eda de Seguridad y Protecci\u00f3n Ciudadana de M\u00e9xico, el Centro Nacional de Inteligencia, la Secretar\u00eda de la Defensa Nacional, la Marina y la Fiscal\u00eda General de la Rep\u00fablica.<\/p>\n\n\n\n<p class=\"p1 wp-block-paragraph\">Con un plazo de seis meses para pacificar Chiapas, Eduardo Ram\u00edrez enfrenta el reto de cumplir con su compromiso de devolver la tranquilidad al estado en medio de cuestionamientos sobre los derechos humanos y la efectividad de las estrategias implementadas.<\/p>\n<div class=\"fb-background-color\">\n\t\t\t  <div \n\t\t\t  \tclass = \"fb-comments\" \n\t\t\t  \tdata-href = \"https:\/\/diarioavanzada.com.mx\/?p=68261\"\n\t\t\t  \tdata-numposts = \"10\"\n\t\t\t  \tdata-lazy = \"true\"\n\t\t\t\tdata-colorscheme = \"light\"\n\t\t\t\tdata-order-by = \"social\"\n\t\t\t\tdata-mobile=true>\n\t\t\t  <\/div><\/div>\n\t\t  <style>\n\t\t    .fb-background-color {\n\t\t\t\tbackground:  !important;\n\t\t\t}\n\t\t\t.fb_iframe_widget_fluid_desktop iframe {\n\t\t\t    width: 100% !important;\n\t\t\t}\n\t\t  <\/style>\n\t\t  ","protected":false},"excerpt":{"rendered":"<p>Chiapas, M\u00e9xico, Avanzada (09\/12\/2024).- Con el lema \u201cLa paz volver\u00e1 a Chiapas\u201d, Eduardo Ram\u00edrez Aguilar inici\u00f3 su mandato como gobernador el domingo 8 de diciembre, acompa\u00f1ado de un despliegue policial y nuevas estrategias de seguridad. Durante su toma de protesta, el mandatario present\u00f3 al grupo de \u00e9lite Fuerza de Reacci\u00f3n Inmediata Pakal, que contar\u00e1 con [&hellip;]<\/p>\n","protected":false},"author":7,"featured_media":68265,"comment_status":"closed","ping_status":"closed","sticky":false,"template":"","format":"standard","meta":{"_coblocks_attr":"","_coblocks_dimensions":"","_coblocks_responsive_height":"","_coblocks_accordion_ie_support":"","_crdt_document":"","advanced_seo_description":"","jetpack_seo_html_title":"","jetpack_seo_noindex":false,"_jetpack_memberships_contains_paid_content":false,"footnotes":""},"categories":[22,7],"tags":[],"class_list":["post-68261","post","type-post","status-publish","format-standard","has-post-thumbnail","hentry","category-nacion","category-noticias"],"jetpack_featured_media_url":"https:\/\/diarioavanzada.com.mx\/wp-content\/uploads\/2024\/12\/img_5464-1.png","jetpack-related-posts":[],"jetpack_sharing_enabled":true,"amp_enabled":true,"_links":{"self":[{"href":"https:\/\/diarioavanzada.com.mx\/index.php?rest_route=\/wp\/v2\/posts\/68261","targetHints":{"allow":["GET"]}}],"collection":[{"href":"https:\/\/diarioavanzada.com.mx\/index.php?rest_route=\/wp\/v2\/posts"}],"about":[{"href":"https:\/\/diarioavanzada.com.mx\/index.php?rest_route=\/wp\/v2\/types\/post"}],"author":[{"embeddable":true,"href":"https:\/\/diarioavanzada.com.mx\/index.php?rest_route=\/wp\/v2\/users\/7"}],"replies":[{"embeddable":true,"href":"https:\/\/diarioavanzada.com.mx\/index.php?rest_route=%2Fwp%2Fv2%2Fcomments&post=68261"}],"version-history":[{"count":2,"href":"https:\/\/diarioavanzada.com.mx\/index.php?rest_route=\/wp\/v2\/posts\/68261\/revisions"}],"predecessor-version":[{"id":68266,"href":"https:\/\/diarioavanzada.com.mx\/index.php?rest_route=\/wp\/v2\/posts\/68261\/revisions\/68266"}],"wp:featuredmedia":[{"embeddable":true,"href":"https:\/\/diarioavanzada.com.mx\/index.php?rest_route=\/wp\/v2\/media\/68265"}],"wp:attachment":[{"href":"https:\/\/diarioavanzada.com.mx\/index.php?rest_route=%2Fwp%2Fv2%2Fmedia&parent=68261"}],"wp:term":[{"taxonomy":"category","embeddable":true,"href":"https:\/\/diarioavanzada.com.mx\/index.php?rest_route=%2Fwp%2Fv2%2Fcategories&post=68261"},{"taxonomy":"post_tag","embeddable":true,"href":"https:\/\/diarioavanzada.com.mx\/index.php?rest_route=%2Fwp%2Fv2%2Ftags&post=68261"}],"curies":[{"name":"wp","href":"https:\/\/api.w.org\/{rel}","templated":true}]}}