{"id":68247,"date":"2024-12-09T08:48:51","date_gmt":"2024-12-09T14:48:51","guid":{"rendered":"https:\/\/diarioavanzada.com.mx\/?p=68247"},"modified":"2024-12-09T08:48:51","modified_gmt":"2024-12-09T14:48:51","slug":"uno-de-cada-tres-colimenses-con-ingresos-insuficientes-para-la-canasta-basica-pobreza-laboral","status":"publish","type":"post","link":"https:\/\/diarioavanzada.com.mx\/?p=68247","title":{"rendered":"Uno de cada tres colimenses con ingresos insuficientes para la canasta b\u00e1sica: pobreza laboral"},"content":{"rendered":"\n<p class=\"wp-block-paragraph\">Colima, M\u00e9xico, Avanzada (09\/12\/2024).- Do\u00f1a Tere se retir\u00f3 de la tienda porque no le quisieron vender dos jitomates y una cebolla, el vendedor le dijo que solo vend\u00edan por kilo o m\u00ednimo medio kilo, sin embargo, a la mujer no le alcanza el dinero para pagar veinte pesos por un kilo de jitomates. Esa es la realidad que enfrent\u00f3 el 33 % de los colimenses, el dinero que ganan producto de su trabajo no alcanza ni siquiera para comprar lo necesario para comer.<\/p>\n\n\n\n<p class=\"wp-block-paragraph\">En el primer trimestre de 2024, el 33% de la poblaci\u00f3n colimense se ubic\u00f3 en pobreza laboral, es decir, su ingreso por trabajo fue insuficiente para comprar los productos de la canasta b\u00e1sica.<\/p>\n\n\n\n<p class=\"wp-block-paragraph\">Esta cifra se desprende del \u00cdndice de Tendencia Laboral de la Pobreza (ITLP) publicado por el Consejo Nacional de Evaluaci\u00f3n de la Pol\u00edtica de Desarrollo Social (CONEVAL). Este indicador permite medir trimestralmente la relaci\u00f3n entre el ingreso laboral y el costo de la canasta alimentaria.<\/p>\n\n\n\n<p class=\"wp-block-paragraph\">A nivel nacional, el panorama mostr\u00f3 una ligera mejor\u00eda, ya que la pobreza laboral pas\u00f3 de 37.7% en el primer trimestre de 2023 a 35.8% en el mismo periodo de 2024, una disminuci\u00f3n de 1.9 puntos porcentuales. Este porcentaje es incluso inferior al registrado antes de la pandemia de COVID-19, destacando una recuperaci\u00f3n en el poder adquisitivo.<\/p>\n\n\n\n<p class=\"wp-block-paragraph\">El ingreso laboral real per c\u00e1pita tambi\u00e9n registr\u00f3 un aumento anual del 7.2%, pasando de 3 mil 058 pesos con 60 centavos a 3 mil 277 pesos&nbsp; con 58 &nbsp;centavos entre el primer trimestre de 2023 y 2024. Este crecimiento estuvo acompa\u00f1ado por un incremento en la poblaci\u00f3n ocupada, con aproximadamente 628,800 personas m\u00e1s con empleo en el pa\u00eds.<\/p>\n\n\n\n<p class=\"wp-block-paragraph\">Sin embargo, en Colima, la situaci\u00f3n sigue siendo preocupante, ya que uno de cada tres habitantes enfrenta dificultades para cubrir sus necesidades alimentarias con su ingreso laboral. La pobreza laboral no se considera una medici\u00f3n integral de la pobreza, pero se utiliza como una se\u00f1al de alerta temprana sobre la capacidad de las familias para acceder a alimentos b\u00e1sicos.<\/p>\n\n\n\n<p class=\"wp-block-paragraph\">El contexto se agrava ante la inminente desaparici\u00f3n del CONEVAL, organismo responsable de esta medici\u00f3n. La mayor\u00eda de los legisladores del Congreso de la Uni\u00f3n votaron a favor de la extinci\u00f3n de varios \u00f3rganos aut\u00f3nomos, entre ellos el CONEVAL, que cesar\u00e1 sus funciones en 2025. Esta medida ha generado cr\u00edticas de sectores sociales &nbsp;y pol\u00edticos de oposici\u00f3n quienes han advertido sobre la falta de herramientas t\u00e9cnicas para monitorear la pobreza y la desigualdad en el pa\u00eds.<\/p>\n<div class=\"fb-background-color\">\n\t\t\t  <div \n\t\t\t  \tclass = \"fb-comments\" \n\t\t\t  \tdata-href = \"https:\/\/diarioavanzada.com.mx\/?p=68247\"\n\t\t\t  \tdata-numposts = \"10\"\n\t\t\t  \tdata-lazy = \"true\"\n\t\t\t\tdata-colorscheme = \"light\"\n\t\t\t\tdata-order-by = \"social\"\n\t\t\t\tdata-mobile=true>\n\t\t\t  <\/div><\/div>\n\t\t  <style>\n\t\t    .fb-background-color {\n\t\t\t\tbackground:  !important;\n\t\t\t}\n\t\t\t.fb_iframe_widget_fluid_desktop iframe {\n\t\t\t    width: 100% !important;\n\t\t\t}\n\t\t  <\/style>\n\t\t  ","protected":false},"excerpt":{"rendered":"<p>Colima, M\u00e9xico, Avanzada (09\/12\/2024).- Do\u00f1a Tere se retir\u00f3 de la tienda porque no le quisieron vender dos jitomates y una cebolla, el vendedor le dijo que solo vend\u00edan por kilo o m\u00ednimo medio kilo, sin embargo, a la mujer no le alcanza el dinero para pagar veinte pesos por un kilo de jitomates. Esa es [&hellip;]<\/p>\n","protected":false},"author":7,"featured_media":68262,"comment_status":"closed","ping_status":"closed","sticky":false,"template":"","format":"standard","meta":{"_coblocks_attr":"","_coblocks_dimensions":"","_coblocks_responsive_height":"","_coblocks_accordion_ie_support":"","_crdt_document":"","advanced_seo_description":"","jetpack_seo_html_title":"","jetpack_seo_noindex":false,"_jetpack_memberships_contains_paid_content":false,"footnotes":""},"categories":[19,209,7],"tags":[],"class_list":["post-68247","post","type-post","status-publish","format-standard","has-post-thumbnail","hentry","category-colima","category-importantes","category-noticias"],"jetpack_featured_media_url":"https:\/\/diarioavanzada.com.mx\/wp-content\/uploads\/2024\/12\/img_5459-1.png","jetpack-related-posts":[],"jetpack_sharing_enabled":true,"amp_enabled":true,"_links":{"self":[{"href":"https:\/\/diarioavanzada.com.mx\/index.php?rest_route=\/wp\/v2\/posts\/68247","targetHints":{"allow":["GET"]}}],"collection":[{"href":"https:\/\/diarioavanzada.com.mx\/index.php?rest_route=\/wp\/v2\/posts"}],"about":[{"href":"https:\/\/diarioavanzada.com.mx\/index.php?rest_route=\/wp\/v2\/types\/post"}],"author":[{"embeddable":true,"href":"https:\/\/diarioavanzada.com.mx\/index.php?rest_route=\/wp\/v2\/users\/7"}],"replies":[{"embeddable":true,"href":"https:\/\/diarioavanzada.com.mx\/index.php?rest_route=%2Fwp%2Fv2%2Fcomments&post=68247"}],"version-history":[{"count":2,"href":"https:\/\/diarioavanzada.com.mx\/index.php?rest_route=\/wp\/v2\/posts\/68247\/revisions"}],"predecessor-version":[{"id":68263,"href":"https:\/\/diarioavanzada.com.mx\/index.php?rest_route=\/wp\/v2\/posts\/68247\/revisions\/68263"}],"wp:featuredmedia":[{"embeddable":true,"href":"https:\/\/diarioavanzada.com.mx\/index.php?rest_route=\/wp\/v2\/media\/68262"}],"wp:attachment":[{"href":"https:\/\/diarioavanzada.com.mx\/index.php?rest_route=%2Fwp%2Fv2%2Fmedia&parent=68247"}],"wp:term":[{"taxonomy":"category","embeddable":true,"href":"https:\/\/diarioavanzada.com.mx\/index.php?rest_route=%2Fwp%2Fv2%2Fcategories&post=68247"},{"taxonomy":"post_tag","embeddable":true,"href":"https:\/\/diarioavanzada.com.mx\/index.php?rest_route=%2Fwp%2Fv2%2Ftags&post=68247"}],"curies":[{"name":"wp","href":"https:\/\/api.w.org\/{rel}","templated":true}]}}