{"id":68213,"date":"2024-12-08T21:48:06","date_gmt":"2024-12-09T03:48:06","guid":{"rendered":"https:\/\/diarioavanzada.com.mx\/?p=68213"},"modified":"2024-12-08T21:55:25","modified_gmt":"2024-12-09T03:55:25","slug":"el-capitan-presume-100-de-gobernabilidad-asesinan-a-subdirector-del-cereso","status":"publish","type":"post","link":"https:\/\/diarioavanzada.com.mx\/?p=68213","title":{"rendered":"El Capit\u00e1n presume \u201c100 % de gobernabilidad\u201d: asesinan a subdirector del Cereso"},"content":{"rendered":"\n<p class=\"wp-block-paragraph\">Colima, Mexico, Avanzada (08\/12\/2024).- Luego de que el responsable de la seguridad en Colima realizara declaraciones optimistas sobre la gobernabilidad en los centros penitenciarios, el subdirector del Centro de Readaptaci\u00f3n Social (Cereso) de Manzanillo fue asesinado a balazos en el fraccionamiento Valle de las Garzas.<\/p>\n\n\n\n<p class=\"wp-block-paragraph\">El capit\u00e1n de nav\u00edo H\u00e9ctor Alfredo Castillo B\u00e1ez, titular de la Secretar\u00eda de Seguridad P\u00fablica del Estado, compareci\u00f3&nbsp;este jueves&nbsp;ante el Congreso del Estado como parte de la glosa del tercer informe de gobierno de la maestra Indira Vizca\u00edno Silva. Durante su intervenci\u00f3n, Castillo B\u00e1ez presumi\u00f3 que los Ceresos en Colima operan con \u201c100% de gobernabilidad\u201d y destac\u00f3 que desde enero de 2022 no se han registrado homicidios dentro de los centros penitenciarios del estado.<\/p>\n\n\n\n<p class=\"wp-block-paragraph\">\u201cEstamos con un saldo blanco en ese sentido, y creo que ese es un reflejo de que son resultados. A lo mejor son cosas que no se ven, pero est\u00e1n y son muy importantes porque generan tranquilidad\u201d, afirm\u00f3 el secretario ante los legisladores.<\/p>\n\n\n\n<p class=\"wp-block-paragraph\">No obstante, tras la defensa de la seguridad en los Ceresos hecha por el funcionario, en el exterior del sistema penitenciario se registr\u00f3 un hecho violento. El subdirector del Cereso de Manzanillo fue atacado por sujetos armados que le dispararon en repetidas ocasiones mientras se encontraba frente a una vivienda en la calle Primaveras en el puerto de Manzanillo. Seg\u00fan versiones extraoficiales, el funcionario fue asesinado de manera instant\u00e1nea. Los criminales huyeron con total impunidad.<\/p>\n\n\n\n<p class=\"wp-block-paragraph\">La Secretar\u00eda de Seguridad P\u00fablica no ha emitido comentarios sobre el ataque, y se espera que las autoridades correspondientes realicen las investigaciones pertinentes para esclarecer el crimen.<br \/><\/p>\n<div class=\"fb-background-color\">\n\t\t\t  <div \n\t\t\t  \tclass = \"fb-comments\" \n\t\t\t  \tdata-href = \"https:\/\/diarioavanzada.com.mx\/?p=68213\"\n\t\t\t  \tdata-numposts = \"10\"\n\t\t\t  \tdata-lazy = \"true\"\n\t\t\t\tdata-colorscheme = \"light\"\n\t\t\t\tdata-order-by = \"social\"\n\t\t\t\tdata-mobile=true>\n\t\t\t  <\/div><\/div>\n\t\t  <style>\n\t\t    .fb-background-color {\n\t\t\t\tbackground:  !important;\n\t\t\t}\n\t\t\t.fb_iframe_widget_fluid_desktop iframe {\n\t\t\t    width: 100% !important;\n\t\t\t}\n\t\t  <\/style>\n\t\t  ","protected":false},"excerpt":{"rendered":"<p>Colima, Mexico, Avanzada (08\/12\/2024).- Luego de que el responsable de la seguridad en Colima realizara declaraciones optimistas sobre la gobernabilidad en los centros penitenciarios, el subdirector del Centro de Readaptaci\u00f3n Social (Cereso) de Manzanillo fue asesinado a balazos en el fraccionamiento Valle de las Garzas. El capit\u00e1n de nav\u00edo H\u00e9ctor Alfredo Castillo B\u00e1ez, titular de [&hellip;]<\/p>\n","protected":false},"author":7,"featured_media":68212,"comment_status":"closed","ping_status":"closed","sticky":false,"template":"","format":"standard","meta":{"_coblocks_attr":"","_coblocks_dimensions":"","_coblocks_responsive_height":"","_coblocks_accordion_ie_support":"","_crdt_document":"","advanced_seo_description":"","jetpack_seo_html_title":"","jetpack_seo_noindex":false,"_jetpack_memberships_contains_paid_content":false,"footnotes":""},"categories":[19,209,231],"tags":[],"class_list":["post-68213","post","type-post","status-publish","format-standard","has-post-thumbnail","hentry","category-colima","category-importantes","category-seguridad"],"jetpack_featured_media_url":"https:\/\/diarioavanzada.com.mx\/wp-content\/uploads\/2024\/12\/img_1249-1.jpg","jetpack-related-posts":[],"jetpack_sharing_enabled":true,"amp_enabled":true,"_links":{"self":[{"href":"https:\/\/diarioavanzada.com.mx\/index.php?rest_route=\/wp\/v2\/posts\/68213","targetHints":{"allow":["GET"]}}],"collection":[{"href":"https:\/\/diarioavanzada.com.mx\/index.php?rest_route=\/wp\/v2\/posts"}],"about":[{"href":"https:\/\/diarioavanzada.com.mx\/index.php?rest_route=\/wp\/v2\/types\/post"}],"author":[{"embeddable":true,"href":"https:\/\/diarioavanzada.com.mx\/index.php?rest_route=\/wp\/v2\/users\/7"}],"replies":[{"embeddable":true,"href":"https:\/\/diarioavanzada.com.mx\/index.php?rest_route=%2Fwp%2Fv2%2Fcomments&post=68213"}],"version-history":[{"count":2,"href":"https:\/\/diarioavanzada.com.mx\/index.php?rest_route=\/wp\/v2\/posts\/68213\/revisions"}],"predecessor-version":[{"id":68215,"href":"https:\/\/diarioavanzada.com.mx\/index.php?rest_route=\/wp\/v2\/posts\/68213\/revisions\/68215"}],"wp:featuredmedia":[{"embeddable":true,"href":"https:\/\/diarioavanzada.com.mx\/index.php?rest_route=\/wp\/v2\/media\/68212"}],"wp:attachment":[{"href":"https:\/\/diarioavanzada.com.mx\/index.php?rest_route=%2Fwp%2Fv2%2Fmedia&parent=68213"}],"wp:term":[{"taxonomy":"category","embeddable":true,"href":"https:\/\/diarioavanzada.com.mx\/index.php?rest_route=%2Fwp%2Fv2%2Fcategories&post=68213"},{"taxonomy":"post_tag","embeddable":true,"href":"https:\/\/diarioavanzada.com.mx\/index.php?rest_route=%2Fwp%2Fv2%2Ftags&post=68213"}],"curies":[{"name":"wp","href":"https:\/\/api.w.org\/{rel}","templated":true}]}}