{"id":68197,"date":"2024-12-08T22:13:53","date_gmt":"2024-12-09T04:13:53","guid":{"rendered":"https:\/\/diarioavanzada.com.mx\/?p=68197"},"modified":"2024-12-08T22:14:53","modified_gmt":"2024-12-09T04:14:53","slug":"realizan-expo-proyectosfie-2024-2-en-manzanillo","status":"publish","type":"post","link":"https:\/\/diarioavanzada.com.mx\/?p=68197","title":{"rendered":"Realizan Expo ProyectosFIE 2024-2, en Manzanillo"},"content":{"rendered":"\n<p class=\"wp-block-paragraph\"><em>Estudiantes de Electromec\u00e1nica mostraron su talento y creatividad con dise\u00f1os innovadores.<\/em><\/p>\n\n\n\n<p class=\"wp-block-paragraph\">Colima, M\u00e9xico, Comunicado (08\/12\/2024).-&nbsp;El pasado martes, la Facultad de Ingenier\u00eda Electromec\u00e1nica (FIE) de la Universidad de Colima celebr\u00f3 con \u00e9xito la Expo Proyectos FIE 2024-2, un evento que exhibi\u00f3 m\u00e1s de 30 trabajos desarrollados por sus estudiantes como parte del producto final del semestre. Estos proyectos integraron los conocimientos adquiridos en diversas asignaturas y se enfocaron en los Objetivos de Desarrollo Sostenible (ODS) establecidos por la Organizaci\u00f3n de las Naciones Unidas (ONU).<\/p>\n\n\n\n<p class=\"wp-block-paragraph\">La exposici\u00f3n tuvo lugar en la explanada del Centro de Tecnolog\u00eda Educativa, campus El Naranjo, con la participaci\u00f3n de la comunidad universitaria, familiares de los estudiantes e invitados especiales.<\/p>\n\n\n\n<p class=\"wp-block-paragraph\">Durante la inauguraci\u00f3n, Aurelia Alcal\u00e1 Rodr\u00edguez, directora de la FIE, agradeci\u00f3 la asistencia y destac\u00f3 que este evento refleja el esfuerzo, la creatividad y la capacidad de los estudiantes para transformar ideas en proyectos reales. \u201cEsta expo es un testimonio del talento y la dedicaci\u00f3n de nuestros estudiantes, quienes est\u00e1n demostrando que la innovaci\u00f3n puede ser una herramienta para el cambio social y ambiental\u201d, se\u00f1al\u00f3.<\/p>\n\n\n\n<p class=\"wp-block-paragraph\">Entre los trabajos presentados destacaron proyectos innovadores como un prototipo de gr\u00faa RTG (P\u00f3rtico sobre neum\u00e1ticos), un sistema de monitoreo de temperatura en c\u00e1maras de refrigeraci\u00f3n, un brazo rob\u00f3tico, dispositivos para la limpieza de playas, sistemas de riego automatizados, y m\u00e1quinas capaces de separar residuos inorg\u00e1nicos en la arena, entre otros.<\/p>\n\n\n\n<p class=\"wp-block-paragraph\">Durante el recorrido por los stands, autoridades militares y acad\u00e9micas coincidieron en la relevancia de la gesti\u00f3n, la invenci\u00f3n y el impacto futuro de los proyectos. Adem\u00e1s, brindaron sugerencias para perfeccionar los prototipos y explorar nuevas aplicaciones. \u201cEstos trabajos no solo destacan por su creatividad, sino por su potencial para aportar soluciones tangibles a problemas actuales\u201d, comentaron.<\/p>\n\n\n\n<p class=\"wp-block-paragraph\">La exposici\u00f3n tambi\u00e9n cont\u00f3 con la participaci\u00f3n de estudiantes del CET del Mar, del Colegio Nacional de Educaci\u00f3n Profesional T\u00e9cnica (CONALEP) y de la Universidad Vizcaya de las Am\u00e9ricas, quienes conocieron los proyectos de la mano de sus creadores. Este intercambio acad\u00e9mico permiti\u00f3 enriquecer la experiencia de los y las asistentes y fortalecer v\u00ednculos entre instituciones.<\/p>\n\n\n\n<p class=\"wp-block-paragraph\">Asistieron a la expo Fernando S\u00e1nchez, asesor de la Coordinaci\u00f3n General de Investigaci\u00f3n de la UdeC; Josu\u00e9 Mart\u00ednez, teniente de Nav\u00edo e ingeniero en Electr\u00f3nica y Comunicaciones Navales y Fernando Cort\u00e9s, director del IV Escal\u00f3n de Mantenimiento Electr\u00f3nico del Pac\u00edfico, ambos de la Secretar\u00eda de Marina.<\/p>\n\n\n\n<p class=\"wp-block-paragraph\">Finalmente, Miriam Charre Ibarra, Carlos Rosas Busquets, Efra\u00edn Villalvazo Laureano y Norberto L\u00f3pez Ruiz, jefes de los programas de Ingenier\u00eda en Mecatr\u00f3nica, Ingenier\u00eda en Software, Tecnolog\u00edas Electr\u00f3nicas y Mec\u00e1nico Electricista, respectivamente, explicaron los proyectos y coincidieron en que esta exposici\u00f3n es una muestra del talento estudiantil y un impulso para su desarrollo profesional. \u201cLa Expo Proyectos FIE no solo difunde el ingenio de nuestros estudiantes, sino que tambi\u00e9n proyecta su capacidad para impactar positivamente en la sociedad\u201d, concluyeron.<\/p>\n\n\n\n<figure class=\"wp-block-image size-large\"><img loading=\"lazy\" decoding=\"async\" width=\"1024\" height=\"683\" src=\"https:\/\/diarioavanzada.com.mx\/wp-content\/uploads\/2024\/12\/Realizan-Expo-Proyectos-FIE-2024-2-en-Manzanillo_Aurelia-1024x683.jpg\" alt=\"\" class=\"wp-image-68199\" srcset=\"https:\/\/diarioavanzada.com.mx\/wp-content\/uploads\/2024\/12\/Realizan-Expo-Proyectos-FIE-2024-2-en-Manzanillo_Aurelia-1024x683.jpg 1024w, https:\/\/diarioavanzada.com.mx\/wp-content\/uploads\/2024\/12\/Realizan-Expo-Proyectos-FIE-2024-2-en-Manzanillo_Aurelia-300x200.jpg 300w, https:\/\/diarioavanzada.com.mx\/wp-content\/uploads\/2024\/12\/Realizan-Expo-Proyectos-FIE-2024-2-en-Manzanillo_Aurelia-768x512.jpg 768w, https:\/\/diarioavanzada.com.mx\/wp-content\/uploads\/2024\/12\/Realizan-Expo-Proyectos-FIE-2024-2-en-Manzanillo_Aurelia-1536x1024.jpg 1536w, https:\/\/diarioavanzada.com.mx\/wp-content\/uploads\/2024\/12\/Realizan-Expo-Proyectos-FIE-2024-2-en-Manzanillo_Aurelia-2048x1365.jpg 2048w, https:\/\/diarioavanzada.com.mx\/wp-content\/uploads\/2024\/12\/Realizan-Expo-Proyectos-FIE-2024-2-en-Manzanillo_Aurelia-1200x800.jpg 1200w\" sizes=\"auto, (max-width: 1024px) 100vw, 1024px\" \/><\/figure>\n\n\n\n<figure class=\"wp-block-image size-large\"><img loading=\"lazy\" decoding=\"async\" width=\"1024\" height=\"683\" src=\"https:\/\/diarioavanzada.com.mx\/wp-content\/uploads\/2024\/12\/Realizan-Expo-Proyectos-FIE-2024-2-en-Manzanillo-1024x683.jpg\" alt=\"\" class=\"wp-image-68200\" srcset=\"https:\/\/diarioavanzada.com.mx\/wp-content\/uploads\/2024\/12\/Realizan-Expo-Proyectos-FIE-2024-2-en-Manzanillo-1024x683.jpg 1024w, https:\/\/diarioavanzada.com.mx\/wp-content\/uploads\/2024\/12\/Realizan-Expo-Proyectos-FIE-2024-2-en-Manzanillo-300x200.jpg 300w, https:\/\/diarioavanzada.com.mx\/wp-content\/uploads\/2024\/12\/Realizan-Expo-Proyectos-FIE-2024-2-en-Manzanillo-768x512.jpg 768w, https:\/\/diarioavanzada.com.mx\/wp-content\/uploads\/2024\/12\/Realizan-Expo-Proyectos-FIE-2024-2-en-Manzanillo-1536x1024.jpg 1536w, https:\/\/diarioavanzada.com.mx\/wp-content\/uploads\/2024\/12\/Realizan-Expo-Proyectos-FIE-2024-2-en-Manzanillo-2048x1365.jpg 2048w, https:\/\/diarioavanzada.com.mx\/wp-content\/uploads\/2024\/12\/Realizan-Expo-Proyectos-FIE-2024-2-en-Manzanillo-1200x800.jpg 1200w\" sizes=\"auto, (max-width: 1024px) 100vw, 1024px\" \/><\/figure>\n\n\n\n<figure class=\"wp-block-image size-large\"><img loading=\"lazy\" decoding=\"async\" width=\"1024\" height=\"683\" src=\"https:\/\/diarioavanzada.com.mx\/wp-content\/uploads\/2024\/12\/Realizan-Expo-Proyectos-FIE-2024-2-en-Manzanillo_i-1024x683.jpg\" alt=\"\" class=\"wp-image-68204\" srcset=\"https:\/\/diarioavanzada.com.mx\/wp-content\/uploads\/2024\/12\/Realizan-Expo-Proyectos-FIE-2024-2-en-Manzanillo_i-1024x683.jpg 1024w, https:\/\/diarioavanzada.com.mx\/wp-content\/uploads\/2024\/12\/Realizan-Expo-Proyectos-FIE-2024-2-en-Manzanillo_i-300x200.jpg 300w, https:\/\/diarioavanzada.com.mx\/wp-content\/uploads\/2024\/12\/Realizan-Expo-Proyectos-FIE-2024-2-en-Manzanillo_i-768x512.jpg 768w, https:\/\/diarioavanzada.com.mx\/wp-content\/uploads\/2024\/12\/Realizan-Expo-Proyectos-FIE-2024-2-en-Manzanillo_i-1536x1024.jpg 1536w, https:\/\/diarioavanzada.com.mx\/wp-content\/uploads\/2024\/12\/Realizan-Expo-Proyectos-FIE-2024-2-en-Manzanillo_i-2048x1366.jpg 2048w, https:\/\/diarioavanzada.com.mx\/wp-content\/uploads\/2024\/12\/Realizan-Expo-Proyectos-FIE-2024-2-en-Manzanillo_i-1200x800.jpg 1200w\" sizes=\"auto, (max-width: 1024px) 100vw, 1024px\" \/><\/figure>\n\n\n\n<figure class=\"wp-block-image size-large\"><img loading=\"lazy\" decoding=\"async\" width=\"1024\" height=\"683\" src=\"https:\/\/diarioavanzada.com.mx\/wp-content\/uploads\/2024\/12\/Realizan-Expo-Proyectos-FIE-2024-2-en-Manzanillo_j-1024x683.jpg\" alt=\"\" class=\"wp-image-68206\" srcset=\"https:\/\/diarioavanzada.com.mx\/wp-content\/uploads\/2024\/12\/Realizan-Expo-Proyectos-FIE-2024-2-en-Manzanillo_j-1024x683.jpg 1024w, https:\/\/diarioavanzada.com.mx\/wp-content\/uploads\/2024\/12\/Realizan-Expo-Proyectos-FIE-2024-2-en-Manzanillo_j-300x200.jpg 300w, https:\/\/diarioavanzada.com.mx\/wp-content\/uploads\/2024\/12\/Realizan-Expo-Proyectos-FIE-2024-2-en-Manzanillo_j-768x512.jpg 768w, https:\/\/diarioavanzada.com.mx\/wp-content\/uploads\/2024\/12\/Realizan-Expo-Proyectos-FIE-2024-2-en-Manzanillo_j-1536x1024.jpg 1536w, https:\/\/diarioavanzada.com.mx\/wp-content\/uploads\/2024\/12\/Realizan-Expo-Proyectos-FIE-2024-2-en-Manzanillo_j-2048x1365.jpg 2048w, https:\/\/diarioavanzada.com.mx\/wp-content\/uploads\/2024\/12\/Realizan-Expo-Proyectos-FIE-2024-2-en-Manzanillo_j-1200x800.jpg 1200w\" sizes=\"auto, (max-width: 1024px) 100vw, 1024px\" \/><\/figure>\n\n\n\n<figure class=\"wp-block-image size-large\"><img loading=\"lazy\" decoding=\"async\" width=\"1024\" height=\"683\" src=\"https:\/\/diarioavanzada.com.mx\/wp-content\/uploads\/2024\/12\/Realizan-Expo-Proyectos-FIE-2024-2-en-Manzanillo_a-2-1024x683.jpg\" alt=\"\" class=\"wp-image-68207\" srcset=\"https:\/\/diarioavanzada.com.mx\/wp-content\/uploads\/2024\/12\/Realizan-Expo-Proyectos-FIE-2024-2-en-Manzanillo_a-2-1024x683.jpg 1024w, https:\/\/diarioavanzada.com.mx\/wp-content\/uploads\/2024\/12\/Realizan-Expo-Proyectos-FIE-2024-2-en-Manzanillo_a-2-300x200.jpg 300w, https:\/\/diarioavanzada.com.mx\/wp-content\/uploads\/2024\/12\/Realizan-Expo-Proyectos-FIE-2024-2-en-Manzanillo_a-2-768x512.jpg 768w, https:\/\/diarioavanzada.com.mx\/wp-content\/uploads\/2024\/12\/Realizan-Expo-Proyectos-FIE-2024-2-en-Manzanillo_a-2-1536x1024.jpg 1536w, https:\/\/diarioavanzada.com.mx\/wp-content\/uploads\/2024\/12\/Realizan-Expo-Proyectos-FIE-2024-2-en-Manzanillo_a-2-2048x1365.jpg 2048w, https:\/\/diarioavanzada.com.mx\/wp-content\/uploads\/2024\/12\/Realizan-Expo-Proyectos-FIE-2024-2-en-Manzanillo_a-2-1200x800.jpg 1200w\" sizes=\"auto, (max-width: 1024px) 100vw, 1024px\" \/><\/figure>\n\n\n\n<p class=\"wp-block-paragraph\"><\/p>\n<div class=\"fb-background-color\">\n\t\t\t  <div \n\t\t\t  \tclass = \"fb-comments\" \n\t\t\t  \tdata-href = \"https:\/\/diarioavanzada.com.mx\/?p=68197\"\n\t\t\t  \tdata-numposts = \"10\"\n\t\t\t  \tdata-lazy = \"true\"\n\t\t\t\tdata-colorscheme = \"light\"\n\t\t\t\tdata-order-by = \"social\"\n\t\t\t\tdata-mobile=true>\n\t\t\t  <\/div><\/div>\n\t\t  <style>\n\t\t    .fb-background-color {\n\t\t\t\tbackground:  !important;\n\t\t\t}\n\t\t\t.fb_iframe_widget_fluid_desktop iframe {\n\t\t\t    width: 100% !important;\n\t\t\t}\n\t\t  <\/style>\n\t\t  ","protected":false},"excerpt":{"rendered":"<p>Estudiantes de Electromec\u00e1nica mostraron su talento y creatividad con dise\u00f1os innovadores. Colima, M\u00e9xico, Comunicado (08\/12\/2024).-&nbsp;El pasado martes, la Facultad de Ingenier\u00eda Electromec\u00e1nica (FIE) de la Universidad de Colima celebr\u00f3 con \u00e9xito la Expo Proyectos FIE 2024-2, un evento que exhibi\u00f3 m\u00e1s de 30 trabajos desarrollados por sus estudiantes como parte del producto final del semestre. [&hellip;]<\/p>\n","protected":false},"author":7,"featured_media":68229,"comment_status":"closed","ping_status":"closed","sticky":false,"template":"","format":"standard","meta":{"_coblocks_attr":"","_coblocks_dimensions":"","_coblocks_responsive_height":"","_coblocks_accordion_ie_support":"","_crdt_document":"","advanced_seo_description":"","jetpack_seo_html_title":"","jetpack_seo_noindex":false,"_jetpack_memberships_contains_paid_content":false,"footnotes":""},"categories":[19,209,7],"tags":[],"class_list":["post-68197","post","type-post","status-publish","format-standard","has-post-thumbnail","hentry","category-colima","category-importantes","category-noticias"],"jetpack_featured_media_url":"https:\/\/diarioavanzada.com.mx\/wp-content\/uploads\/2024\/12\/img_5451-1.jpg","jetpack-related-posts":[],"jetpack_sharing_enabled":true,"amp_enabled":true,"_links":{"self":[{"href":"https:\/\/diarioavanzada.com.mx\/index.php?rest_route=\/wp\/v2\/posts\/68197","targetHints":{"allow":["GET"]}}],"collection":[{"href":"https:\/\/diarioavanzada.com.mx\/index.php?rest_route=\/wp\/v2\/posts"}],"about":[{"href":"https:\/\/diarioavanzada.com.mx\/index.php?rest_route=\/wp\/v2\/types\/post"}],"author":[{"embeddable":true,"href":"https:\/\/diarioavanzada.com.mx\/index.php?rest_route=\/wp\/v2\/users\/7"}],"replies":[{"embeddable":true,"href":"https:\/\/diarioavanzada.com.mx\/index.php?rest_route=%2Fwp%2Fv2%2Fcomments&post=68197"}],"version-history":[{"count":9,"href":"https:\/\/diarioavanzada.com.mx\/index.php?rest_route=\/wp\/v2\/posts\/68197\/revisions"}],"predecessor-version":[{"id":68230,"href":"https:\/\/diarioavanzada.com.mx\/index.php?rest_route=\/wp\/v2\/posts\/68197\/revisions\/68230"}],"wp:featuredmedia":[{"embeddable":true,"href":"https:\/\/diarioavanzada.com.mx\/index.php?rest_route=\/wp\/v2\/media\/68229"}],"wp:attachment":[{"href":"https:\/\/diarioavanzada.com.mx\/index.php?rest_route=%2Fwp%2Fv2%2Fmedia&parent=68197"}],"wp:term":[{"taxonomy":"category","embeddable":true,"href":"https:\/\/diarioavanzada.com.mx\/index.php?rest_route=%2Fwp%2Fv2%2Fcategories&post=68197"},{"taxonomy":"post_tag","embeddable":true,"href":"https:\/\/diarioavanzada.com.mx\/index.php?rest_route=%2Fwp%2Fv2%2Ftags&post=68197"}],"curies":[{"name":"wp","href":"https:\/\/api.w.org\/{rel}","templated":true}]}}