{"id":68187,"date":"2024-12-08T22:09:19","date_gmt":"2024-12-09T04:09:19","guid":{"rendered":"https:\/\/diarioavanzada.com.mx\/?p=68187"},"modified":"2024-12-08T22:10:17","modified_gmt":"2024-12-09T04:10:17","slug":"concluye-diplomado-en-literatura-y-linguistica-con-fines-laborales","status":"publish","type":"post","link":"https:\/\/diarioavanzada.com.mx\/?p=68187","title":{"rendered":"Concluye Diplomado en Literatura y Ling\u00fc\u00edstica con fines laborales"},"content":{"rendered":"\n<p class=\"wp-block-paragraph\"><em>Objetivo: que quienes han egresado de alguna de estas carreras obtengan su t\u00edtulo.<\/em><\/p>\n\n\n\n<p class=\"wp-block-paragraph\">Colima, M\u00e9xico, Comunicado (08\/12\/2024).- Concluy\u00f3 este fin de semana el diplomado \u201cAplicaciones de la Ling\u00fc\u00edstica y la Literatura para el campo laboral\u201d, cuyo objetivo es que quienes han egresado de Letras Hispanoamericanas y de Ling\u00fc\u00edstica, se titulen. Este evento se realiz\u00f3 en el auditorio de la Facultad de Letras y Comunicaci\u00f3n.<\/p>\n\n\n\n<p class=\"wp-block-paragraph\">El evento estuvo presidido por Susana Preciado Jim\u00e9nez, coordinadora general de Docencia, Mario de Anda Ch\u00e1vez, director general de Educaci\u00f3n Continua, Omar Brizuela, director general de Educaci\u00f3n Continua; Krishna Naranjo, directora de la Facultad de Letras y Comunicaci\u00f3n y Cecilia Caloca, coordinadora del diplomado.<\/p>\n\n\n\n<p class=\"wp-block-paragraph\">La directora Krishna Naranjo destac\u00f3 en su mensaje que este diplomado ha sido un anhelo largamente esperado por estudiantes y egresados. \u201cEs relevante en el \u00e1mbito de la lengua y la literatura porque, al ser siempre viva, la lengua se transforma y se presta al an\u00e1lisis. Este diplomado uni\u00f3 ambas disciplinas, permitiendo a los participantes actualizarse y generar nuevos proyectos\u201d.<\/p>\n\n\n\n<p class=\"wp-block-paragraph\">Por su parte, Mario de Anda Ch\u00e1vez felicit\u00f3 a las y los egresados. \u201c\u00c9ste no es s\u00f3lo el fin de un ciclo acad\u00e9mico, sino el comienzo de una nueva oportunidad para ustedes. El diplomado, dise\u00f1ado con m\u00f3dulos pr\u00e1cticos e innovadores, les ha permitido redescubrir su pasi\u00f3n, explorar otros horizontes profesionales y fortalecer sus capacidades en los campos de la Ling\u00fc\u00edstica y la Literatura\u201d, mencion\u00f3.<\/p>\n\n\n\n<p class=\"wp-block-paragraph\">Asimismo, destac\u00f3 el proyecto \u201cLeyendas de fuego\u201d, creado como parte del diplomado, que compila 33 relatos del folclore colimense, entrelazando lo hist\u00f3rico y lo sobrenatural. \u201cEste libro es un homenaje a la memoria colectiva de nuestra regi\u00f3n y refleja la creatividad y compromiso que han demostrado. Les invito a seguir firmes en sus metas y compartir con el mundo lo mejor de ustedes\u201d, enfatiz\u00f3.<\/p>\n\n\n\n<p class=\"wp-block-paragraph\">En representaci\u00f3n de las y los egresados, Mar\u00eda Jos\u00e9 Garc\u00eda Ramos expres\u00f3 su agradecimiento a los profesores por su paciencia y conocimientos, as\u00ed como a las autoridades universitarias y a las familias que los acompa\u00f1aron en el proceso. \u201cEste logro es prueba de que la constancia y el esfuerzo siempre rinden frutos\u201d, afirm\u00f3.<\/p>\n\n\n\n<p class=\"wp-block-paragraph\">Para cerrar el evento, Susana Preciado resalt\u00f3 la innovaci\u00f3n de este diplomado, el primero en su modalidad enfocado en aplicaciones laborales. \u201cHan desarrollado habilidades pr\u00e1cticas que les permiten abrir un mar de posibilidades para su futuro profesional. Como resultado, tienen un proyecto casi listo para publicarse. Sigan adelante\u201d, concluy\u00f3.<\/p>\n\n\n\n<figure class=\"wp-block-image size-large\"><img loading=\"lazy\" decoding=\"async\" width=\"1024\" height=\"683\" src=\"https:\/\/diarioavanzada.com.mx\/wp-content\/uploads\/2024\/12\/Concluye-Diplomado-en-Literatura-y-Linguistica-en-la-UdeC_a-1024x683.jpg\" alt=\"\" class=\"wp-image-68189\" srcset=\"https:\/\/diarioavanzada.com.mx\/wp-content\/uploads\/2024\/12\/Concluye-Diplomado-en-Literatura-y-Linguistica-en-la-UdeC_a-1024x683.jpg 1024w, https:\/\/diarioavanzada.com.mx\/wp-content\/uploads\/2024\/12\/Concluye-Diplomado-en-Literatura-y-Linguistica-en-la-UdeC_a-300x200.jpg 300w, https:\/\/diarioavanzada.com.mx\/wp-content\/uploads\/2024\/12\/Concluye-Diplomado-en-Literatura-y-Linguistica-en-la-UdeC_a-768x512.jpg 768w, https:\/\/diarioavanzada.com.mx\/wp-content\/uploads\/2024\/12\/Concluye-Diplomado-en-Literatura-y-Linguistica-en-la-UdeC_a-1536x1024.jpg 1536w, https:\/\/diarioavanzada.com.mx\/wp-content\/uploads\/2024\/12\/Concluye-Diplomado-en-Literatura-y-Linguistica-en-la-UdeC_a-2048x1365.jpg 2048w, https:\/\/diarioavanzada.com.mx\/wp-content\/uploads\/2024\/12\/Concluye-Diplomado-en-Literatura-y-Linguistica-en-la-UdeC_a-1200x800.jpg 1200w\" sizes=\"auto, (max-width: 1024px) 100vw, 1024px\" \/><\/figure>\n\n\n\n<figure class=\"wp-block-image size-large\"><img loading=\"lazy\" decoding=\"async\" width=\"1024\" height=\"683\" src=\"https:\/\/diarioavanzada.com.mx\/wp-content\/uploads\/2024\/12\/Concluye-Diplomado-en-Literatura-y-Linguistica-en-la-UdeC-1024x683.jpg\" alt=\"\" class=\"wp-image-68190\" srcset=\"https:\/\/diarioavanzada.com.mx\/wp-content\/uploads\/2024\/12\/Concluye-Diplomado-en-Literatura-y-Linguistica-en-la-UdeC-1024x683.jpg 1024w, https:\/\/diarioavanzada.com.mx\/wp-content\/uploads\/2024\/12\/Concluye-Diplomado-en-Literatura-y-Linguistica-en-la-UdeC-300x200.jpg 300w, https:\/\/diarioavanzada.com.mx\/wp-content\/uploads\/2024\/12\/Concluye-Diplomado-en-Literatura-y-Linguistica-en-la-UdeC-768x512.jpg 768w, https:\/\/diarioavanzada.com.mx\/wp-content\/uploads\/2024\/12\/Concluye-Diplomado-en-Literatura-y-Linguistica-en-la-UdeC-1536x1024.jpg 1536w, https:\/\/diarioavanzada.com.mx\/wp-content\/uploads\/2024\/12\/Concluye-Diplomado-en-Literatura-y-Linguistica-en-la-UdeC-2048x1365.jpg 2048w, https:\/\/diarioavanzada.com.mx\/wp-content\/uploads\/2024\/12\/Concluye-Diplomado-en-Literatura-y-Linguistica-en-la-UdeC-1200x800.jpg 1200w\" sizes=\"auto, (max-width: 1024px) 100vw, 1024px\" \/><\/figure>\n\n\n\n<figure class=\"wp-block-image size-large\"><img loading=\"lazy\" decoding=\"async\" width=\"1024\" height=\"683\" src=\"https:\/\/diarioavanzada.com.mx\/wp-content\/uploads\/2024\/12\/Concluye-Diplomado-en-Literatura-y-Linguistica-en-la-UdeC_b-1024x683.jpg\" alt=\"\" class=\"wp-image-68192\" srcset=\"https:\/\/diarioavanzada.com.mx\/wp-content\/uploads\/2024\/12\/Concluye-Diplomado-en-Literatura-y-Linguistica-en-la-UdeC_b-1024x683.jpg 1024w, https:\/\/diarioavanzada.com.mx\/wp-content\/uploads\/2024\/12\/Concluye-Diplomado-en-Literatura-y-Linguistica-en-la-UdeC_b-300x200.jpg 300w, https:\/\/diarioavanzada.com.mx\/wp-content\/uploads\/2024\/12\/Concluye-Diplomado-en-Literatura-y-Linguistica-en-la-UdeC_b-768x512.jpg 768w, https:\/\/diarioavanzada.com.mx\/wp-content\/uploads\/2024\/12\/Concluye-Diplomado-en-Literatura-y-Linguistica-en-la-UdeC_b-1536x1024.jpg 1536w, https:\/\/diarioavanzada.com.mx\/wp-content\/uploads\/2024\/12\/Concluye-Diplomado-en-Literatura-y-Linguistica-en-la-UdeC_b-2048x1365.jpg 2048w, https:\/\/diarioavanzada.com.mx\/wp-content\/uploads\/2024\/12\/Concluye-Diplomado-en-Literatura-y-Linguistica-en-la-UdeC_b-1200x800.jpg 1200w\" sizes=\"auto, (max-width: 1024px) 100vw, 1024px\" \/><\/figure>\n\n\n\n<figure class=\"wp-block-image size-large\"><img loading=\"lazy\" decoding=\"async\" width=\"1024\" height=\"683\" src=\"https:\/\/diarioavanzada.com.mx\/wp-content\/uploads\/2024\/12\/Concluye-Diplomado-en-Literatura-y-Linguistica-en-la-UdeC_Maria-Jose-1024x683.jpg\" alt=\"\" class=\"wp-image-68195\" srcset=\"https:\/\/diarioavanzada.com.mx\/wp-content\/uploads\/2024\/12\/Concluye-Diplomado-en-Literatura-y-Linguistica-en-la-UdeC_Maria-Jose-1024x683.jpg 1024w, https:\/\/diarioavanzada.com.mx\/wp-content\/uploads\/2024\/12\/Concluye-Diplomado-en-Literatura-y-Linguistica-en-la-UdeC_Maria-Jose-300x200.jpg 300w, https:\/\/diarioavanzada.com.mx\/wp-content\/uploads\/2024\/12\/Concluye-Diplomado-en-Literatura-y-Linguistica-en-la-UdeC_Maria-Jose-768x512.jpg 768w, https:\/\/diarioavanzada.com.mx\/wp-content\/uploads\/2024\/12\/Concluye-Diplomado-en-Literatura-y-Linguistica-en-la-UdeC_Maria-Jose-1536x1024.jpg 1536w, https:\/\/diarioavanzada.com.mx\/wp-content\/uploads\/2024\/12\/Concluye-Diplomado-en-Literatura-y-Linguistica-en-la-UdeC_Maria-Jose-2048x1365.jpg 2048w, https:\/\/diarioavanzada.com.mx\/wp-content\/uploads\/2024\/12\/Concluye-Diplomado-en-Literatura-y-Linguistica-en-la-UdeC_Maria-Jose-1200x800.jpg 1200w\" sizes=\"auto, (max-width: 1024px) 100vw, 1024px\" \/><\/figure>\n\n\n\n<p class=\"wp-block-paragraph\"><\/p>\n<div class=\"fb-background-color\">\n\t\t\t  <div \n\t\t\t  \tclass = \"fb-comments\" \n\t\t\t  \tdata-href = \"https:\/\/diarioavanzada.com.mx\/?p=68187\"\n\t\t\t  \tdata-numposts = \"10\"\n\t\t\t  \tdata-lazy = \"true\"\n\t\t\t\tdata-colorscheme = \"light\"\n\t\t\t\tdata-order-by = \"social\"\n\t\t\t\tdata-mobile=true>\n\t\t\t  <\/div><\/div>\n\t\t  <style>\n\t\t    .fb-background-color {\n\t\t\t\tbackground:  !important;\n\t\t\t}\n\t\t\t.fb_iframe_widget_fluid_desktop iframe {\n\t\t\t    width: 100% !important;\n\t\t\t}\n\t\t  <\/style>\n\t\t  ","protected":false},"excerpt":{"rendered":"<p>Objetivo: que quienes han egresado de alguna de estas carreras obtengan su t\u00edtulo. Colima, M\u00e9xico, Comunicado (08\/12\/2024).- Concluy\u00f3 este fin de semana el diplomado \u201cAplicaciones de la Ling\u00fc\u00edstica y la Literatura para el campo laboral\u201d, cuyo objetivo es que quienes han egresado de Letras Hispanoamericanas y de Ling\u00fc\u00edstica, se titulen. Este evento se realiz\u00f3 en [&hellip;]<\/p>\n","protected":false},"author":7,"featured_media":68223,"comment_status":"closed","ping_status":"closed","sticky":false,"template":"","format":"standard","meta":{"_coblocks_attr":"","_coblocks_dimensions":"","_coblocks_responsive_height":"","_coblocks_accordion_ie_support":"","_crdt_document":"","advanced_seo_description":"","jetpack_seo_html_title":"","jetpack_seo_noindex":false,"_jetpack_memberships_contains_paid_content":false,"footnotes":""},"categories":[19,209,7],"tags":[],"class_list":["post-68187","post","type-post","status-publish","format-standard","has-post-thumbnail","hentry","category-colima","category-importantes","category-noticias"],"jetpack_featured_media_url":"https:\/\/diarioavanzada.com.mx\/wp-content\/uploads\/2024\/12\/img_5449-1.jpg","jetpack-related-posts":[],"jetpack_sharing_enabled":true,"amp_enabled":true,"_links":{"self":[{"href":"https:\/\/diarioavanzada.com.mx\/index.php?rest_route=\/wp\/v2\/posts\/68187","targetHints":{"allow":["GET"]}}],"collection":[{"href":"https:\/\/diarioavanzada.com.mx\/index.php?rest_route=\/wp\/v2\/posts"}],"about":[{"href":"https:\/\/diarioavanzada.com.mx\/index.php?rest_route=\/wp\/v2\/types\/post"}],"author":[{"embeddable":true,"href":"https:\/\/diarioavanzada.com.mx\/index.php?rest_route=\/wp\/v2\/users\/7"}],"replies":[{"embeddable":true,"href":"https:\/\/diarioavanzada.com.mx\/index.php?rest_route=%2Fwp%2Fv2%2Fcomments&post=68187"}],"version-history":[{"count":7,"href":"https:\/\/diarioavanzada.com.mx\/index.php?rest_route=\/wp\/v2\/posts\/68187\/revisions"}],"predecessor-version":[{"id":68224,"href":"https:\/\/diarioavanzada.com.mx\/index.php?rest_route=\/wp\/v2\/posts\/68187\/revisions\/68224"}],"wp:featuredmedia":[{"embeddable":true,"href":"https:\/\/diarioavanzada.com.mx\/index.php?rest_route=\/wp\/v2\/media\/68223"}],"wp:attachment":[{"href":"https:\/\/diarioavanzada.com.mx\/index.php?rest_route=%2Fwp%2Fv2%2Fmedia&parent=68187"}],"wp:term":[{"taxonomy":"category","embeddable":true,"href":"https:\/\/diarioavanzada.com.mx\/index.php?rest_route=%2Fwp%2Fv2%2Fcategories&post=68187"},{"taxonomy":"post_tag","embeddable":true,"href":"https:\/\/diarioavanzada.com.mx\/index.php?rest_route=%2Fwp%2Fv2%2Ftags&post=68187"}],"curies":[{"name":"wp","href":"https:\/\/api.w.org\/{rel}","templated":true}]}}