{"id":68131,"date":"2024-12-08T22:21:22","date_gmt":"2024-12-09T04:21:22","guid":{"rendered":"https:\/\/diarioavanzada.com.mx\/?p=68131"},"modified":"2024-12-08T22:22:08","modified_gmt":"2024-12-09T04:22:08","slug":"reflexionan-sobre-la-cultura-de-paz-instituciones-educativas-de-colima","status":"publish","type":"post","link":"https:\/\/diarioavanzada.com.mx\/?p=68131","title":{"rendered":"Reflexionan sobre la cultura de paz instituciones educativas de Colima"},"content":{"rendered":"\n<p class=\"wp-block-paragraph\"><em>\u201cLa cultura de paz no debe ser vista s\u00f3lo como un concepto idealista, sino como una necesidad urgente en nuestras comunidades educativas\u201d: Susana A. Preciado. UdeC.<\/em><\/p>\n\n\n\n<p class=\"wp-block-paragraph\">Colima, M\u00e9xico, Comunicado (08\/12\/2024).- Esta semana, el auditorio de la Facultad de Ciencias Pol\u00edticas y Sociales de la Universidad de Colima (UdeC) alberg\u00f3 el conversatorio \u201cDi\u00e1logos de Cultura de Paz entre Instituciones Educativas del Estado de Colima\u201d, un encuentro que reuni\u00f3 a representantes de diversas instituciones educativas con el objetivo de reflexionar sobre la importancia de la cultura de paz y el bienestar social en los contextos educativos.<\/p>\n\n\n\n<p class=\"wp-block-paragraph\">El evento, realizado este viernes 6 de diciembre, fue organizado en colaboraci\u00f3n con la Coordinaci\u00f3n de los Servicios Educativos del Estado de Colima y la Comisi\u00f3n Estatal para la Planeaci\u00f3n de la Educaci\u00f3n Superior (COEPES).<\/p>\n\n\n\n<p class=\"wp-block-paragraph\">\u201cDefinir la paz es complejo y lograrla, lo es a\u00fan m\u00e1s. Instaurar una cultura de paz implica transformar valores, actitudes y conductas en nuestras comunidades, un proceso que no podemos postergar\u201d, enfatiz\u00f3 la Mtra. Gabriela Vargas Rueda, representante de la Universidad de Colima y una de las ponentes destacadas del conversatorio.<\/p>\n\n\n\n<p class=\"wp-block-paragraph\">El evento cont\u00f3 con la participaci\u00f3n de cinco expertos provenientes de diversas instituciones del estado: Mtra. Diana Castillo Ram\u00edrez, de la Universidad Pedag\u00f3gica Nacional; Ing. Hugo Ernesto Cu\u00e9llar Carre\u00f3n, Tecnol\u00f3gico Nacional de M\u00e9xico, Campus Colima; Licda. Carolina Monserrat Contreras Gonz\u00e1lez, de la Universidad Intercultural; Mtra. Ma. Elena Garc\u00eda Rivera, del Instituto Superior de Educaci\u00f3n Normal del Estado de Colima \u201cProfr. Gregorio Torres Quintero\u201d y Gabriela Vargas, de la UdeC.<\/p>\n\n\n\n<p class=\"wp-block-paragraph\">A lo largo del conversatorio, los y las participantes abordaron temas clave como la necesidad de garantizar la seguridad en las instituciones educativas y la promoci\u00f3n de valores que favorezcan la convivencia pac\u00edfica. El Dr. Fabi\u00e1n Ram\u00edrez Hern\u00e1ndez, en representaci\u00f3n del secretario de Educaci\u00f3n y Cultura del Estado, Adolfo N\u00fa\u00f1ez, se\u00f1al\u00f3 que \u201cla construcci\u00f3n de una cultura de paz debe ser un esfuerzo colectivo que trascienda las aulas y que est\u00e9 respaldado por acciones concretas desde la educaci\u00f3n superior\u201d.<\/p>\n\n\n\n<p class=\"wp-block-paragraph\">Por su parte, la Mtra. Gabriela Vargas destac\u00f3 que \u201clas instituciones educativas deben preguntarse si son espacios seguros para su comunidad y c\u00f3mo pueden contribuir a la paz desde su estructura y funcionamiento\u201d. Adem\u00e1s, enfatiz\u00f3 la importancia de trabajar en elementos tangibles como la normativa y los protocolos y en intangibles, como la promoci\u00f3n de valores como la solidaridad y el respeto.<\/p>\n\n\n\n<p class=\"wp-block-paragraph\">En su intervenci\u00f3n, la Dra. Susana Aurelia Preciado Jim\u00e9nez, coordinadora general de Docencia, en representaci\u00f3n del rector de la Universidad de Colima, subray\u00f3: <a>\u201cLa cultura de paz no debe ser vista s\u00f3lo como un concepto idealista, sino como una necesidad urgente en nuestras comunidades educativas<\/a>. Desde la Universidad de Colima, reafirmamos nuestro compromiso de construir espacios m\u00e1s seguros y solidarios donde la convivencia pac\u00edfica sea una realidad\u201d.<\/p>\n\n\n\n<p class=\"wp-block-paragraph\">Adem\u00e1s, destac\u00f3 que \u201cla educaci\u00f3n tiene el poder transformador para erradicar la violencia y fomentar la igualdad, siempre que se trabaje con estrategias concretas y coordinadas\u201d.<\/p>\n\n\n\n<p class=\"wp-block-paragraph\">Entre los retos mencionados, los ponentes destacaron la dificultad de transversalizar la cultura de paz en todas las dimensiones institucionales, la resistencia al cambio y la normalizaci\u00f3n de la violencia. Sin embargo, tambi\u00e9n subrayaron iniciativas concretas que ya se est\u00e1n implementando, como mecanismos de resoluci\u00f3n pac\u00edfica de conflictos, programas de educaci\u00f3n para la paz y estrategias de atenci\u00f3n a la salud mental y la igualdad de g\u00e9nero. En todos los casos, dijeron, se requiere compromiso, colaboraci\u00f3n y una visi\u00f3n a largo plazo.<\/p>\n\n\n\n<p class=\"wp-block-paragraph\">\u201cLa paz no es s\u00f3lo un ideal, es un proceso vivo que requiere acci\u00f3n y compromiso constante de todos los actores educativos\u201d, destac\u00f3 el Dr. Fabi\u00e1n Ram\u00edrez durante su intervenci\u00f3n.<\/p>\n\n\n\n<p class=\"wp-block-paragraph\">Al finalizar el conversatorio, los y las asistentes tuvieron la oportunidad de visitar una exposici\u00f3n fotogr\u00e1fica que mostr\u00f3 algunas de las acciones m\u00e1s significativas realizadas por la Universidad de Colima en materia de cultura de paz. Este esfuerzo reafirma el compromiso de la instituci\u00f3n por ser un referente en la promoci\u00f3n de valores que fortalezcan la convivencia pac\u00edfica.<\/p>\n\n\n\n<p class=\"wp-block-paragraph\">Con la participaci\u00f3n de estudiantes, docentes y directivos de instituciones como el Tecnol\u00f3gico Nacional de M\u00e9xico, la Universidad Pedag\u00f3gica Nacional, la Universidad Tecnol\u00f3gica de Manzanillo y la Universidad Intercultural, entre otras, el evento demostr\u00f3 que la construcci\u00f3n de una cultura de paz es una tarea compartida que demanda la colaboraci\u00f3n de todas y todos y el compromiso interinstitucional.<\/p>\n\n\n\n<figure class=\"wp-block-image size-large\"><img loading=\"lazy\" decoding=\"async\" width=\"1024\" height=\"768\" src=\"https:\/\/diarioavanzada.com.mx\/wp-content\/uploads\/2024\/12\/Dialogo-de-cultura-de-paz-entre-las-IES-de-Colima_e-1-1024x768.jpeg\" alt=\"\" class=\"wp-image-68134\" srcset=\"https:\/\/diarioavanzada.com.mx\/wp-content\/uploads\/2024\/12\/Dialogo-de-cultura-de-paz-entre-las-IES-de-Colima_e-1-1024x768.jpeg 1024w, https:\/\/diarioavanzada.com.mx\/wp-content\/uploads\/2024\/12\/Dialogo-de-cultura-de-paz-entre-las-IES-de-Colima_e-1-300x225.jpeg 300w, https:\/\/diarioavanzada.com.mx\/wp-content\/uploads\/2024\/12\/Dialogo-de-cultura-de-paz-entre-las-IES-de-Colima_e-1-768x576.jpeg 768w, https:\/\/diarioavanzada.com.mx\/wp-content\/uploads\/2024\/12\/Dialogo-de-cultura-de-paz-entre-las-IES-de-Colima_e-1-1536x1152.jpeg 1536w, https:\/\/diarioavanzada.com.mx\/wp-content\/uploads\/2024\/12\/Dialogo-de-cultura-de-paz-entre-las-IES-de-Colima_e-1-1200x900.jpeg?crop=1 1200w, https:\/\/diarioavanzada.com.mx\/wp-content\/uploads\/2024\/12\/Dialogo-de-cultura-de-paz-entre-las-IES-de-Colima_e-1-800x600.jpeg?crop=1 800w, https:\/\/diarioavanzada.com.mx\/wp-content\/uploads\/2024\/12\/Dialogo-de-cultura-de-paz-entre-las-IES-de-Colima_e-1-600x450.jpeg?crop=1 600w, https:\/\/diarioavanzada.com.mx\/wp-content\/uploads\/2024\/12\/Dialogo-de-cultura-de-paz-entre-las-IES-de-Colima_e-1-400x300.jpeg?crop=1 400w, https:\/\/diarioavanzada.com.mx\/wp-content\/uploads\/2024\/12\/Dialogo-de-cultura-de-paz-entre-las-IES-de-Colima_e-1-200x150.jpeg?crop=1 200w, https:\/\/diarioavanzada.com.mx\/wp-content\/uploads\/2024\/12\/Dialogo-de-cultura-de-paz-entre-las-IES-de-Colima_e-1.jpeg 1600w\" sizes=\"auto, (max-width: 1024px) 100vw, 1024px\" \/><\/figure>\n\n\n\n<figure class=\"wp-block-image size-large\"><img loading=\"lazy\" decoding=\"async\" width=\"1024\" height=\"682\" src=\"https:\/\/diarioavanzada.com.mx\/wp-content\/uploads\/2024\/12\/Dialogo-de-cultura-de-paz-entre-las-IES-de-Colima_b-2-1024x682.jpeg\" alt=\"\" class=\"wp-image-68136\" srcset=\"https:\/\/diarioavanzada.com.mx\/wp-content\/uploads\/2024\/12\/Dialogo-de-cultura-de-paz-entre-las-IES-de-Colima_b-2-1024x682.jpeg 1024w, https:\/\/diarioavanzada.com.mx\/wp-content\/uploads\/2024\/12\/Dialogo-de-cultura-de-paz-entre-las-IES-de-Colima_b-2-300x200.jpeg 300w, https:\/\/diarioavanzada.com.mx\/wp-content\/uploads\/2024\/12\/Dialogo-de-cultura-de-paz-entre-las-IES-de-Colima_b-2-768x512.jpeg 768w, https:\/\/diarioavanzada.com.mx\/wp-content\/uploads\/2024\/12\/Dialogo-de-cultura-de-paz-entre-las-IES-de-Colima_b-2-1536x1023.jpeg 1536w, https:\/\/diarioavanzada.com.mx\/wp-content\/uploads\/2024\/12\/Dialogo-de-cultura-de-paz-entre-las-IES-de-Colima_b-2-1200x800.jpeg 1200w, https:\/\/diarioavanzada.com.mx\/wp-content\/uploads\/2024\/12\/Dialogo-de-cultura-de-paz-entre-las-IES-de-Colima_b-2.jpeg 1600w\" sizes=\"auto, (max-width: 1024px) 100vw, 1024px\" \/><\/figure>\n\n\n\n<figure class=\"wp-block-image size-large\"><img loading=\"lazy\" decoding=\"async\" width=\"1024\" height=\"680\" src=\"https:\/\/diarioavanzada.com.mx\/wp-content\/uploads\/2024\/12\/Dialogo-de-cultura-de-paz-entre-las-IES-de-Colima-1024x680.jpeg\" alt=\"\" class=\"wp-image-68138\" srcset=\"https:\/\/diarioavanzada.com.mx\/wp-content\/uploads\/2024\/12\/Dialogo-de-cultura-de-paz-entre-las-IES-de-Colima-1024x680.jpeg 1024w, https:\/\/diarioavanzada.com.mx\/wp-content\/uploads\/2024\/12\/Dialogo-de-cultura-de-paz-entre-las-IES-de-Colima-300x199.jpeg 300w, https:\/\/diarioavanzada.com.mx\/wp-content\/uploads\/2024\/12\/Dialogo-de-cultura-de-paz-entre-las-IES-de-Colima-768x510.jpeg 768w, https:\/\/diarioavanzada.com.mx\/wp-content\/uploads\/2024\/12\/Dialogo-de-cultura-de-paz-entre-las-IES-de-Colima-1536x1020.jpeg 1536w, https:\/\/diarioavanzada.com.mx\/wp-content\/uploads\/2024\/12\/Dialogo-de-cultura-de-paz-entre-las-IES-de-Colima-1200x797.jpeg 1200w, https:\/\/diarioavanzada.com.mx\/wp-content\/uploads\/2024\/12\/Dialogo-de-cultura-de-paz-entre-las-IES-de-Colima.jpeg 1600w\" sizes=\"auto, (max-width: 1024px) 100vw, 1024px\" \/><\/figure>\n\n\n\n<figure class=\"wp-block-image size-large\"><img loading=\"lazy\" decoding=\"async\" width=\"1024\" height=\"682\" src=\"https:\/\/diarioavanzada.com.mx\/wp-content\/uploads\/2024\/12\/Dialogo-de-cultura-de-paz-entre-las-IES-de-Colima_a-2-1024x682.jpeg\" alt=\"\" class=\"wp-image-68140\" srcset=\"https:\/\/diarioavanzada.com.mx\/wp-content\/uploads\/2024\/12\/Dialogo-de-cultura-de-paz-entre-las-IES-de-Colima_a-2-1024x682.jpeg 1024w, https:\/\/diarioavanzada.com.mx\/wp-content\/uploads\/2024\/12\/Dialogo-de-cultura-de-paz-entre-las-IES-de-Colima_a-2-300x200.jpeg 300w, https:\/\/diarioavanzada.com.mx\/wp-content\/uploads\/2024\/12\/Dialogo-de-cultura-de-paz-entre-las-IES-de-Colima_a-2-768x512.jpeg 768w, https:\/\/diarioavanzada.com.mx\/wp-content\/uploads\/2024\/12\/Dialogo-de-cultura-de-paz-entre-las-IES-de-Colima_a-2-1536x1023.jpeg 1536w, https:\/\/diarioavanzada.com.mx\/wp-content\/uploads\/2024\/12\/Dialogo-de-cultura-de-paz-entre-las-IES-de-Colima_a-2-1200x800.jpeg 1200w, https:\/\/diarioavanzada.com.mx\/wp-content\/uploads\/2024\/12\/Dialogo-de-cultura-de-paz-entre-las-IES-de-Colima_a-2.jpeg 1600w\" sizes=\"auto, (max-width: 1024px) 100vw, 1024px\" \/><\/figure>\n\n\n\n<figure class=\"wp-block-image size-large\"><img loading=\"lazy\" decoding=\"async\" width=\"1024\" height=\"682\" src=\"https:\/\/diarioavanzada.com.mx\/wp-content\/uploads\/2024\/12\/Dialogo-de-cultura-de-paz-entre-las-IES-de-Colima_Fabian-1024x682.jpeg\" alt=\"\" class=\"wp-image-68141\" srcset=\"https:\/\/diarioavanzada.com.mx\/wp-content\/uploads\/2024\/12\/Dialogo-de-cultura-de-paz-entre-las-IES-de-Colima_Fabian-1024x682.jpeg 1024w, https:\/\/diarioavanzada.com.mx\/wp-content\/uploads\/2024\/12\/Dialogo-de-cultura-de-paz-entre-las-IES-de-Colima_Fabian-300x200.jpeg 300w, https:\/\/diarioavanzada.com.mx\/wp-content\/uploads\/2024\/12\/Dialogo-de-cultura-de-paz-entre-las-IES-de-Colima_Fabian-768x512.jpeg 768w, https:\/\/diarioavanzada.com.mx\/wp-content\/uploads\/2024\/12\/Dialogo-de-cultura-de-paz-entre-las-IES-de-Colima_Fabian-1536x1023.jpeg 1536w, https:\/\/diarioavanzada.com.mx\/wp-content\/uploads\/2024\/12\/Dialogo-de-cultura-de-paz-entre-las-IES-de-Colima_Fabian-1200x800.jpeg 1200w, https:\/\/diarioavanzada.com.mx\/wp-content\/uploads\/2024\/12\/Dialogo-de-cultura-de-paz-entre-las-IES-de-Colima_Fabian.jpeg 1600w\" sizes=\"auto, (max-width: 1024px) 100vw, 1024px\" \/><\/figure>\n\n\n\n<figure class=\"wp-block-image size-large\"><img loading=\"lazy\" decoding=\"async\" width=\"1024\" height=\"768\" src=\"https:\/\/diarioavanzada.com.mx\/wp-content\/uploads\/2024\/12\/Dialogo-de-cultura-de-paz-entre-las-IES-de-Colima_d-1-1024x768.jpeg\" alt=\"\" class=\"wp-image-68144\" srcset=\"https:\/\/diarioavanzada.com.mx\/wp-content\/uploads\/2024\/12\/Dialogo-de-cultura-de-paz-entre-las-IES-de-Colima_d-1-1024x768.jpeg 1024w, https:\/\/diarioavanzada.com.mx\/wp-content\/uploads\/2024\/12\/Dialogo-de-cultura-de-paz-entre-las-IES-de-Colima_d-1-300x225.jpeg 300w, https:\/\/diarioavanzada.com.mx\/wp-content\/uploads\/2024\/12\/Dialogo-de-cultura-de-paz-entre-las-IES-de-Colima_d-1-768x576.jpeg 768w, https:\/\/diarioavanzada.com.mx\/wp-content\/uploads\/2024\/12\/Dialogo-de-cultura-de-paz-entre-las-IES-de-Colima_d-1-1536x1152.jpeg 1536w, https:\/\/diarioavanzada.com.mx\/wp-content\/uploads\/2024\/12\/Dialogo-de-cultura-de-paz-entre-las-IES-de-Colima_d-1-1200x900.jpeg?crop=1 1200w, https:\/\/diarioavanzada.com.mx\/wp-content\/uploads\/2024\/12\/Dialogo-de-cultura-de-paz-entre-las-IES-de-Colima_d-1-800x600.jpeg?crop=1 800w, https:\/\/diarioavanzada.com.mx\/wp-content\/uploads\/2024\/12\/Dialogo-de-cultura-de-paz-entre-las-IES-de-Colima_d-1-600x450.jpeg?crop=1 600w, https:\/\/diarioavanzada.com.mx\/wp-content\/uploads\/2024\/12\/Dialogo-de-cultura-de-paz-entre-las-IES-de-Colima_d-1-400x300.jpeg?crop=1 400w, https:\/\/diarioavanzada.com.mx\/wp-content\/uploads\/2024\/12\/Dialogo-de-cultura-de-paz-entre-las-IES-de-Colima_d-1-200x150.jpeg?crop=1 200w, https:\/\/diarioavanzada.com.mx\/wp-content\/uploads\/2024\/12\/Dialogo-de-cultura-de-paz-entre-las-IES-de-Colima_d-1.jpeg 1600w\" sizes=\"auto, (max-width: 1024px) 100vw, 1024px\" \/><\/figure>\n\n\n\n<figure class=\"wp-block-image size-large\"><img loading=\"lazy\" decoding=\"async\" width=\"1024\" height=\"682\" src=\"https:\/\/diarioavanzada.com.mx\/wp-content\/uploads\/2024\/12\/Dialogo-de-cultura-de-paz-entre-las-IES-de-Colima_Gaby-1024x682.jpeg\" alt=\"\" class=\"wp-image-68145\" srcset=\"https:\/\/diarioavanzada.com.mx\/wp-content\/uploads\/2024\/12\/Dialogo-de-cultura-de-paz-entre-las-IES-de-Colima_Gaby-1024x682.jpeg 1024w, https:\/\/diarioavanzada.com.mx\/wp-content\/uploads\/2024\/12\/Dialogo-de-cultura-de-paz-entre-las-IES-de-Colima_Gaby-300x200.jpeg 300w, https:\/\/diarioavanzada.com.mx\/wp-content\/uploads\/2024\/12\/Dialogo-de-cultura-de-paz-entre-las-IES-de-Colima_Gaby-768x512.jpeg 768w, https:\/\/diarioavanzada.com.mx\/wp-content\/uploads\/2024\/12\/Dialogo-de-cultura-de-paz-entre-las-IES-de-Colima_Gaby-1536x1023.jpeg 1536w, https:\/\/diarioavanzada.com.mx\/wp-content\/uploads\/2024\/12\/Dialogo-de-cultura-de-paz-entre-las-IES-de-Colima_Gaby-1200x800.jpeg 1200w, https:\/\/diarioavanzada.com.mx\/wp-content\/uploads\/2024\/12\/Dialogo-de-cultura-de-paz-entre-las-IES-de-Colima_Gaby.jpeg 1600w\" sizes=\"auto, (max-width: 1024px) 100vw, 1024px\" \/><\/figure>\n\n\n\n<figure class=\"wp-block-image size-large\"><img loading=\"lazy\" decoding=\"async\" width=\"1024\" height=\"682\" src=\"https:\/\/diarioavanzada.com.mx\/wp-content\/uploads\/2024\/12\/Dialogo-de-cultura-de-paz-entre-las-IES-de-Colima_ISENCO-1024x682.jpeg\" alt=\"\" class=\"wp-image-68147\" srcset=\"https:\/\/diarioavanzada.com.mx\/wp-content\/uploads\/2024\/12\/Dialogo-de-cultura-de-paz-entre-las-IES-de-Colima_ISENCO-1024x682.jpeg 1024w, https:\/\/diarioavanzada.com.mx\/wp-content\/uploads\/2024\/12\/Dialogo-de-cultura-de-paz-entre-las-IES-de-Colima_ISENCO-300x200.jpeg 300w, https:\/\/diarioavanzada.com.mx\/wp-content\/uploads\/2024\/12\/Dialogo-de-cultura-de-paz-entre-las-IES-de-Colima_ISENCO-768x512.jpeg 768w, https:\/\/diarioavanzada.com.mx\/wp-content\/uploads\/2024\/12\/Dialogo-de-cultura-de-paz-entre-las-IES-de-Colima_ISENCO-1536x1023.jpeg 1536w, https:\/\/diarioavanzada.com.mx\/wp-content\/uploads\/2024\/12\/Dialogo-de-cultura-de-paz-entre-las-IES-de-Colima_ISENCO-1200x800.jpeg 1200w, https:\/\/diarioavanzada.com.mx\/wp-content\/uploads\/2024\/12\/Dialogo-de-cultura-de-paz-entre-las-IES-de-Colima_ISENCO.jpeg 1600w\" sizes=\"auto, (max-width: 1024px) 100vw, 1024px\" \/><\/figure>\n\n\n\n<figure class=\"wp-block-image size-large\"><img loading=\"lazy\" decoding=\"async\" width=\"1024\" height=\"682\" src=\"https:\/\/diarioavanzada.com.mx\/wp-content\/uploads\/2024\/12\/Dialogo-de-cultura-de-paz-entre-las-IES-de-Colima_Guillermo-1024x682.jpeg\" alt=\"\" class=\"wp-image-68148\" srcset=\"https:\/\/diarioavanzada.com.mx\/wp-content\/uploads\/2024\/12\/Dialogo-de-cultura-de-paz-entre-las-IES-de-Colima_Guillermo-1024x682.jpeg 1024w, https:\/\/diarioavanzada.com.mx\/wp-content\/uploads\/2024\/12\/Dialogo-de-cultura-de-paz-entre-las-IES-de-Colima_Guillermo-300x200.jpeg 300w, https:\/\/diarioavanzada.com.mx\/wp-content\/uploads\/2024\/12\/Dialogo-de-cultura-de-paz-entre-las-IES-de-Colima_Guillermo-768x512.jpeg 768w, https:\/\/diarioavanzada.com.mx\/wp-content\/uploads\/2024\/12\/Dialogo-de-cultura-de-paz-entre-las-IES-de-Colima_Guillermo-1536x1023.jpeg 1536w, https:\/\/diarioavanzada.com.mx\/wp-content\/uploads\/2024\/12\/Dialogo-de-cultura-de-paz-entre-las-IES-de-Colima_Guillermo-1200x800.jpeg 1200w, https:\/\/diarioavanzada.com.mx\/wp-content\/uploads\/2024\/12\/Dialogo-de-cultura-de-paz-entre-las-IES-de-Colima_Guillermo.jpeg 1600w\" sizes=\"auto, (max-width: 1024px) 100vw, 1024px\" \/><\/figure>\n\n\n\n<figure class=\"wp-block-image size-large\"><img loading=\"lazy\" decoding=\"async\" width=\"1024\" height=\"682\" src=\"https:\/\/diarioavanzada.com.mx\/wp-content\/uploads\/2024\/12\/Dialogo-de-cultura-de-paz-entre-las-IES-de-Colima_Susana-1024x682.jpeg\" alt=\"\" class=\"wp-image-68150\" srcset=\"https:\/\/diarioavanzada.com.mx\/wp-content\/uploads\/2024\/12\/Dialogo-de-cultura-de-paz-entre-las-IES-de-Colima_Susana-1024x682.jpeg 1024w, https:\/\/diarioavanzada.com.mx\/wp-content\/uploads\/2024\/12\/Dialogo-de-cultura-de-paz-entre-las-IES-de-Colima_Susana-300x200.jpeg 300w, https:\/\/diarioavanzada.com.mx\/wp-content\/uploads\/2024\/12\/Dialogo-de-cultura-de-paz-entre-las-IES-de-Colima_Susana-768x512.jpeg 768w, https:\/\/diarioavanzada.com.mx\/wp-content\/uploads\/2024\/12\/Dialogo-de-cultura-de-paz-entre-las-IES-de-Colima_Susana-1536x1023.jpeg 1536w, https:\/\/diarioavanzada.com.mx\/wp-content\/uploads\/2024\/12\/Dialogo-de-cultura-de-paz-entre-las-IES-de-Colima_Susana-1200x800.jpeg 1200w, https:\/\/diarioavanzada.com.mx\/wp-content\/uploads\/2024\/12\/Dialogo-de-cultura-de-paz-entre-las-IES-de-Colima_Susana.jpeg 1600w\" sizes=\"auto, (max-width: 1024px) 100vw, 1024px\" \/><\/figure>\n\n\n\n<p class=\"wp-block-paragraph\"><\/p>\n<div class=\"fb-background-color\">\n\t\t\t  <div \n\t\t\t  \tclass = \"fb-comments\" \n\t\t\t  \tdata-href = \"https:\/\/diarioavanzada.com.mx\/?p=68131\"\n\t\t\t  \tdata-numposts = \"10\"\n\t\t\t  \tdata-lazy = \"true\"\n\t\t\t\tdata-colorscheme = \"light\"\n\t\t\t\tdata-order-by = \"social\"\n\t\t\t\tdata-mobile=true>\n\t\t\t  <\/div><\/div>\n\t\t  <style>\n\t\t    .fb-background-color {\n\t\t\t\tbackground:  !important;\n\t\t\t}\n\t\t\t.fb_iframe_widget_fluid_desktop iframe {\n\t\t\t    width: 100% !important;\n\t\t\t}\n\t\t  <\/style>\n\t\t  ","protected":false},"excerpt":{"rendered":"<p>\u201cLa cultura de paz no debe ser vista s\u00f3lo como un concepto idealista, sino como una necesidad urgente en nuestras comunidades educativas\u201d: Susana A. Preciado. UdeC. Colima, M\u00e9xico, Comunicado (08\/12\/2024).- Esta semana, el auditorio de la Facultad de Ciencias Pol\u00edticas y Sociales de la Universidad de Colima (UdeC) alberg\u00f3 el conversatorio \u201cDi\u00e1logos de Cultura de [&hellip;]<\/p>\n","protected":false},"author":7,"featured_media":68236,"comment_status":"closed","ping_status":"closed","sticky":false,"template":"","format":"standard","meta":{"_coblocks_attr":"","_coblocks_dimensions":"","_coblocks_responsive_height":"","_coblocks_accordion_ie_support":"","_crdt_document":"","advanced_seo_description":"","jetpack_seo_html_title":"","jetpack_seo_noindex":false,"_jetpack_memberships_contains_paid_content":false,"footnotes":""},"categories":[19,209,7],"tags":[],"class_list":["post-68131","post","type-post","status-publish","format-standard","has-post-thumbnail","hentry","category-colima","category-importantes","category-noticias"],"jetpack_featured_media_url":"https:\/\/diarioavanzada.com.mx\/wp-content\/uploads\/2024\/12\/img_5453-1.jpg","jetpack-related-posts":[],"jetpack_sharing_enabled":true,"amp_enabled":true,"_links":{"self":[{"href":"https:\/\/diarioavanzada.com.mx\/index.php?rest_route=\/wp\/v2\/posts\/68131","targetHints":{"allow":["GET"]}}],"collection":[{"href":"https:\/\/diarioavanzada.com.mx\/index.php?rest_route=\/wp\/v2\/posts"}],"about":[{"href":"https:\/\/diarioavanzada.com.mx\/index.php?rest_route=\/wp\/v2\/types\/post"}],"author":[{"embeddable":true,"href":"https:\/\/diarioavanzada.com.mx\/index.php?rest_route=\/wp\/v2\/users\/7"}],"replies":[{"embeddable":true,"href":"https:\/\/diarioavanzada.com.mx\/index.php?rest_route=%2Fwp%2Fv2%2Fcomments&post=68131"}],"version-history":[{"count":10,"href":"https:\/\/diarioavanzada.com.mx\/index.php?rest_route=\/wp\/v2\/posts\/68131\/revisions"}],"predecessor-version":[{"id":68235,"href":"https:\/\/diarioavanzada.com.mx\/index.php?rest_route=\/wp\/v2\/posts\/68131\/revisions\/68235"}],"wp:featuredmedia":[{"embeddable":true,"href":"https:\/\/diarioavanzada.com.mx\/index.php?rest_route=\/wp\/v2\/media\/68236"}],"wp:attachment":[{"href":"https:\/\/diarioavanzada.com.mx\/index.php?rest_route=%2Fwp%2Fv2%2Fmedia&parent=68131"}],"wp:term":[{"taxonomy":"category","embeddable":true,"href":"https:\/\/diarioavanzada.com.mx\/index.php?rest_route=%2Fwp%2Fv2%2Fcategories&post=68131"},{"taxonomy":"post_tag","embeddable":true,"href":"https:\/\/diarioavanzada.com.mx\/index.php?rest_route=%2Fwp%2Fv2%2Ftags&post=68131"}],"curies":[{"name":"wp","href":"https:\/\/api.w.org\/{rel}","templated":true}]}}