{"id":68103,"date":"2024-12-08T15:42:06","date_gmt":"2024-12-08T21:42:06","guid":{"rendered":"https:\/\/diarioavanzada.com.mx\/?p=68103"},"modified":"2024-12-08T15:42:06","modified_gmt":"2024-12-08T21:42:06","slug":"diego-rivera-y-sus-xoloitzcuintles-un-legado-inmortal-en-el-palacio-de-bellas-artes","status":"publish","type":"post","link":"https:\/\/diarioavanzada.com.mx\/?p=68103","title":{"rendered":"Diego Rivera y sus xoloitzcuintles: un legado inmortal en el Palacio de Bellas Artes"},"content":{"rendered":"\n<p class=\"wp-block-paragraph\"><em>Diego Rivera con gorro peruano, ca. 1950. Colecci\u00f3n Museo Casa Estudio Diego Rivera y Frida Kahlo \u2013 SC &#8211; INBAL.<\/em><\/p>\n\n\n\n<p class=\"p1 wp-block-paragraph\">Avanzada (08\/12\/2024).- En el marco de su aniversario, el Museo del Palacio de Bellas Artes record\u00f3 a Diego Rivera, figura clave del arte mexicano, y su entra\u00f1able v\u00ednculo con los xoloitzcuintles. Rivera, reconocido por su lucha por llevar el arte a los espacios p\u00fablicos y su activismo pol\u00edtico, dej\u00f3 un legado que trasciende generaciones.<\/p>\n\n\n\n<p class=\"p1 wp-block-paragraph\">Entre sus obras m\u00e1s emblem\u00e1ticas, el mural \u201cEl hombre controlador del universo\u201d (1934) y \u201cRevoluci\u00f3n rusa o Tercera Internacional\u201d (1933) forman parte de la colecci\u00f3n permanente del recinto y pueden visitarse de martes a domingo, de 10:00 a 18:00 horas.<\/p>\n\n\n\n<p class=\"p1 wp-block-paragraph\">El MPBA invita al p\u00fablico a explorar el impacto revolucionario del artista en sus salas, donde su compromiso social y pasi\u00f3n art\u00edstica siguen inspirando.<\/p>\n\n\n\n<figure class=\"wp-block-image size-large\"><img loading=\"lazy\" decoding=\"async\" width=\"511\" height=\"640\" src=\"https:\/\/diarioavanzada.com.mx\/wp-content\/uploads\/2024\/12\/img_5438-1.jpg\" class=\"wp-image-68100\" srcset=\"https:\/\/diarioavanzada.com.mx\/wp-content\/uploads\/2024\/12\/img_5438-1.jpg 511w, https:\/\/diarioavanzada.com.mx\/wp-content\/uploads\/2024\/12\/img_5438-1-240x300.jpg 240w\" sizes=\"auto, (max-width: 511px) 100vw, 511px\" \/><figcaption class=\"wp-element-caption\"><em>Diego Rivera con xoloitzcuintle en la Casa Azul, Coyoac\u00e1n, 1957, colecci\u00f3n Museo Frida Kahlo.<\/em><\/figcaption><\/figure>\n\n\n\n<figure class=\"wp-block-image size-large\"><img loading=\"lazy\" decoding=\"async\" width=\"829\" height=\"1024\" src=\"https:\/\/diarioavanzada.com.mx\/wp-content\/uploads\/2024\/12\/img_5437-1-829x1024.jpg\" class=\"wp-image-68101\" srcset=\"https:\/\/diarioavanzada.com.mx\/wp-content\/uploads\/2024\/12\/img_5437-1-829x1024.jpg 829w, https:\/\/diarioavanzada.com.mx\/wp-content\/uploads\/2024\/12\/img_5437-1-243x300.jpg 243w, https:\/\/diarioavanzada.com.mx\/wp-content\/uploads\/2024\/12\/img_5437-1-768x949.jpg 768w, https:\/\/diarioavanzada.com.mx\/wp-content\/uploads\/2024\/12\/img_5437-1.jpg 1199w\" sizes=\"auto, (max-width: 829px) 100vw, 829px\" \/><figcaption class=\"wp-element-caption\"><em>Diego Rivera con el Se\u00f1or X\u00f3lotl en el Anahuacalli.<\/em><\/figcaption><\/figure>\n\n\n\n<p class=\"wp-block-paragraph\"><\/p>\n<div class=\"fb-background-color\">\n\t\t\t  <div \n\t\t\t  \tclass = \"fb-comments\" \n\t\t\t  \tdata-href = \"https:\/\/diarioavanzada.com.mx\/?p=68103\"\n\t\t\t  \tdata-numposts = \"10\"\n\t\t\t  \tdata-lazy = \"true\"\n\t\t\t\tdata-colorscheme = \"light\"\n\t\t\t\tdata-order-by = \"social\"\n\t\t\t\tdata-mobile=true>\n\t\t\t  <\/div><\/div>\n\t\t  <style>\n\t\t    .fb-background-color {\n\t\t\t\tbackground:  !important;\n\t\t\t}\n\t\t\t.fb_iframe_widget_fluid_desktop iframe {\n\t\t\t    width: 100% !important;\n\t\t\t}\n\t\t  <\/style>\n\t\t  ","protected":false},"excerpt":{"rendered":"<p>Diego Rivera con gorro peruano, ca. 1950. Colecci\u00f3n Museo Casa Estudio Diego Rivera y Frida Kahlo \u2013 SC &#8211; INBAL. Avanzada (08\/12\/2024).- En el marco de su aniversario, el Museo del Palacio de Bellas Artes record\u00f3 a Diego Rivera, figura clave del arte mexicano, y su entra\u00f1able v\u00ednculo con los xoloitzcuintles. Rivera, reconocido por su [&hellip;]<\/p>\n","protected":false},"author":7,"featured_media":68102,"comment_status":"closed","ping_status":"closed","sticky":false,"template":"","format":"standard","meta":{"_coblocks_attr":"","_coblocks_dimensions":"","_coblocks_responsive_height":"","_coblocks_accordion_ie_support":"","_crdt_document":"","advanced_seo_description":"","jetpack_seo_html_title":"","jetpack_seo_noindex":false,"_jetpack_memberships_contains_paid_content":false,"footnotes":""},"categories":[25,297,209],"tags":[],"class_list":["post-68103","post","type-post","status-publish","format-standard","has-post-thumbnail","hentry","category-cultura","category-fotonotas-y-videos","category-importantes"],"jetpack_featured_media_url":"https:\/\/diarioavanzada.com.mx\/wp-content\/uploads\/2024\/12\/img_5436-1.jpg","jetpack-related-posts":[],"jetpack_sharing_enabled":true,"amp_enabled":true,"_links":{"self":[{"href":"https:\/\/diarioavanzada.com.mx\/index.php?rest_route=\/wp\/v2\/posts\/68103","targetHints":{"allow":["GET"]}}],"collection":[{"href":"https:\/\/diarioavanzada.com.mx\/index.php?rest_route=\/wp\/v2\/posts"}],"about":[{"href":"https:\/\/diarioavanzada.com.mx\/index.php?rest_route=\/wp\/v2\/types\/post"}],"author":[{"embeddable":true,"href":"https:\/\/diarioavanzada.com.mx\/index.php?rest_route=\/wp\/v2\/users\/7"}],"replies":[{"embeddable":true,"href":"https:\/\/diarioavanzada.com.mx\/index.php?rest_route=%2Fwp%2Fv2%2Fcomments&post=68103"}],"version-history":[{"count":0,"href":"https:\/\/diarioavanzada.com.mx\/index.php?rest_route=\/wp\/v2\/posts\/68103\/revisions"}],"wp:featuredmedia":[{"embeddable":true,"href":"https:\/\/diarioavanzada.com.mx\/index.php?rest_route=\/wp\/v2\/media\/68102"}],"wp:attachment":[{"href":"https:\/\/diarioavanzada.com.mx\/index.php?rest_route=%2Fwp%2Fv2%2Fmedia&parent=68103"}],"wp:term":[{"taxonomy":"category","embeddable":true,"href":"https:\/\/diarioavanzada.com.mx\/index.php?rest_route=%2Fwp%2Fv2%2Fcategories&post=68103"},{"taxonomy":"post_tag","embeddable":true,"href":"https:\/\/diarioavanzada.com.mx\/index.php?rest_route=%2Fwp%2Fv2%2Ftags&post=68103"}],"curies":[{"name":"wp","href":"https:\/\/api.w.org\/{rel}","templated":true}]}}