{"id":68065,"date":"2024-12-08T03:22:20","date_gmt":"2024-12-08T09:22:20","guid":{"rendered":"https:\/\/diarioavanzada.com.mx\/?p=68065"},"modified":"2024-12-08T03:22:20","modified_gmt":"2024-12-08T09:22:20","slug":"diez-anos-despues-condenan-por-corrupcion-a-exsecretario-de-finanzas-de-veracruz","status":"publish","type":"post","link":"https:\/\/diarioavanzada.com.mx\/?p=68065","title":{"rendered":"Diez a\u00f1os despu\u00e9s: condenan por corrupci\u00f3n a exsecretario de Finanzas de Veracruz"},"content":{"rendered":"\n<p class=\"wp-block-paragraph\">Veracruz, Comunicado (08\/12\/2024).- La Fiscal\u00eda General del Estado, a trav\u00e9s de la Fiscal\u00eda Especializada en Combate a la Corrupci\u00f3n, logr\u00f3 fallo condenatorio en contra de Mauricio Mart\u00edn \u201cN\u201d, exsecretario de Finanzas del Gobierno del Estado, como responsable de los delitos de abuso de autoridad, incumplimiento del deber legal, peculado y tr\u00e1fico de influencias.<\/p>\n\n\n\n<p class=\"wp-block-paragraph\">Los hechos ocurrieron del 28 de noviembre al 16 de diciembre de 2014, cuando presuntamente orden\u00f3 realizar transferencias bancarias a favor de una cuenta de Gobierno, quedando pendiente de reintegrar el monto correspondiente al R\u00e9gimen Estatal de Protecci\u00f3n en Salud.<\/p>\n\n\n\n<p class=\"wp-block-paragraph\">El juez estableci\u00f3 el 11 de diciembre para la audiencia de individualizaci\u00f3n de sanciones, dentro del juicio oral 75\/2024.<\/p>\n<div class=\"fb-background-color\">\n\t\t\t  <div \n\t\t\t  \tclass = \"fb-comments\" \n\t\t\t  \tdata-href = \"https:\/\/diarioavanzada.com.mx\/?p=68065\"\n\t\t\t  \tdata-numposts = \"10\"\n\t\t\t  \tdata-lazy = \"true\"\n\t\t\t\tdata-colorscheme = \"light\"\n\t\t\t\tdata-order-by = \"social\"\n\t\t\t\tdata-mobile=true>\n\t\t\t  <\/div><\/div>\n\t\t  <style>\n\t\t    .fb-background-color {\n\t\t\t\tbackground:  !important;\n\t\t\t}\n\t\t\t.fb_iframe_widget_fluid_desktop iframe {\n\t\t\t    width: 100% !important;\n\t\t\t}\n\t\t  <\/style>\n\t\t  ","protected":false},"excerpt":{"rendered":"<p>Veracruz, Comunicado (08\/12\/2024).- La Fiscal\u00eda General del Estado, a trav\u00e9s de la Fiscal\u00eda Especializada en Combate a la Corrupci\u00f3n, logr\u00f3 fallo condenatorio en contra de Mauricio Mart\u00edn \u201cN\u201d, exsecretario de Finanzas del Gobierno del Estado, como responsable de los delitos de abuso de autoridad, incumplimiento del deber legal, peculado y tr\u00e1fico de influencias. Los hechos [&hellip;]<\/p>\n","protected":false},"author":7,"featured_media":68064,"comment_status":"closed","ping_status":"closed","sticky":false,"template":"","format":"standard","meta":{"_coblocks_attr":"","_coblocks_dimensions":"","_coblocks_responsive_height":"","_coblocks_accordion_ie_support":"","_crdt_document":"","advanced_seo_description":"","jetpack_seo_html_title":"","jetpack_seo_noindex":false,"_jetpack_memberships_contains_paid_content":false,"footnotes":""},"categories":[22,7,231],"tags":[],"class_list":["post-68065","post","type-post","status-publish","format-standard","has-post-thumbnail","hentry","category-nacion","category-noticias","category-seguridad"],"jetpack_featured_media_url":"https:\/\/diarioavanzada.com.mx\/wp-content\/uploads\/2024\/12\/img_1195-1.jpg","jetpack-related-posts":[],"jetpack_sharing_enabled":true,"amp_enabled":true,"_links":{"self":[{"href":"https:\/\/diarioavanzada.com.mx\/index.php?rest_route=\/wp\/v2\/posts\/68065","targetHints":{"allow":["GET"]}}],"collection":[{"href":"https:\/\/diarioavanzada.com.mx\/index.php?rest_route=\/wp\/v2\/posts"}],"about":[{"href":"https:\/\/diarioavanzada.com.mx\/index.php?rest_route=\/wp\/v2\/types\/post"}],"author":[{"embeddable":true,"href":"https:\/\/diarioavanzada.com.mx\/index.php?rest_route=\/wp\/v2\/users\/7"}],"replies":[{"embeddable":true,"href":"https:\/\/diarioavanzada.com.mx\/index.php?rest_route=%2Fwp%2Fv2%2Fcomments&post=68065"}],"version-history":[{"count":1,"href":"https:\/\/diarioavanzada.com.mx\/index.php?rest_route=\/wp\/v2\/posts\/68065\/revisions"}],"predecessor-version":[{"id":68066,"href":"https:\/\/diarioavanzada.com.mx\/index.php?rest_route=\/wp\/v2\/posts\/68065\/revisions\/68066"}],"wp:featuredmedia":[{"embeddable":true,"href":"https:\/\/diarioavanzada.com.mx\/index.php?rest_route=\/wp\/v2\/media\/68064"}],"wp:attachment":[{"href":"https:\/\/diarioavanzada.com.mx\/index.php?rest_route=%2Fwp%2Fv2%2Fmedia&parent=68065"}],"wp:term":[{"taxonomy":"category","embeddable":true,"href":"https:\/\/diarioavanzada.com.mx\/index.php?rest_route=%2Fwp%2Fv2%2Fcategories&post=68065"},{"taxonomy":"post_tag","embeddable":true,"href":"https:\/\/diarioavanzada.com.mx\/index.php?rest_route=%2Fwp%2Fv2%2Ftags&post=68065"}],"curies":[{"name":"wp","href":"https:\/\/api.w.org\/{rel}","templated":true}]}}