{"id":67978,"date":"2024-12-07T11:15:29","date_gmt":"2024-12-07T17:15:29","guid":{"rendered":"https:\/\/diarioavanzada.com.mx\/?p=67978"},"modified":"2024-12-07T11:17:21","modified_gmt":"2024-12-07T17:17:21","slug":"padre-excavo-durante-seis-anos-hasta-encontrar-a-su-hijo-en-una-fosa-clandestina-en-tijuana","status":"publish","type":"post","link":"https:\/\/diarioavanzada.com.mx\/?p=67978","title":{"rendered":"Padre excav\u00f3 durante seis a\u00f1os hasta encontrar a su hijo en una fosa clandestina en Tijuana"},"content":{"rendered":"\n<p class=\"p1 wp-block-paragraph\">Tijuana, M\u00e9xico, Avanzada (07\/12\/2024).- La ma\u00f1ana de este viernes, Eddy Carrillo confirm\u00f3 lo que llevaba casi seis a\u00f1os esperando: los restos \u00f3seos encontrados recientemente en una fosa clandestina del fraccionamiento Los Lagos, en Tijuana, pertenecen a su hijo Erick Carrillo, desaparecido el 1 de junio de 2019.<\/p>\n\n\n\n<p class=\"p1 wp-block-paragraph\">Con voz entrecortada, pero firme, Eddy expres\u00f3 ante los medios: \u201cLa palabra es \u2018s\u00ed se pudo, s\u00ed se pudo\u2019, el cuerpo de Erick ya fue localizado\u201d. La certeza lleg\u00f3 despu\u00e9s de que los an\u00e1lisis gen\u00e9ticos realizados por la Fiscal\u00eda General del Estado arrojaron un 99% de coincidencia con el perfil de sus padres.<\/p>\n\n\n\n<p class=\"p1 wp-block-paragraph\">Erick, quien ten\u00eda solo 19 a\u00f1os al momento de su desaparici\u00f3n en la colonia El Dorado, se convirti\u00f3 en el motivo de lucha de su padre. Eddy fund\u00f3 la asociaci\u00f3n \u201cTodos Somos Erick Carrillo\u201d, un colectivo de b\u00fasqueda que no solo buscaba a su hijo, sino que tambi\u00e9n extendi\u00f3 su apoyo a otras familias enfrentando el mismo dolor.<\/p>\n\n\n\n<p class=\"p1 wp-block-paragraph\">El hallazgo ocurri\u00f3 la \u00faltima semana de noviembre, cuando en una fosa clandestina se encontraron restos junto con una chamarra de piel color caf\u00e9, reconocida por la familia como una de las prendas que pertenec\u00edan a Erick. Desde ese momento, Eddy sab\u00eda que enfrentaba una posibilidad real: \u201cDesde que encontraron los restos la semana pasada, me sent\u00ed preparado. Algo me dec\u00eda que esta vez s\u00ed eran los de mi hijo\u201d, comparti\u00f3.<\/p>\n\n\n\n<p class=\"p1 wp-block-paragraph\">La confirmaci\u00f3n de la identidad no tard\u00f3 en reflejarse en redes sociales. En la p\u00e1gina de Facebook del colectivo, se public\u00f3 un mensaje cargado de dolor y esperanza cumplida: \u201cErick Carrillo, s\u00ed se pudo. Tu pap\u00e1 nunca se rindi\u00f3, te busc\u00f3 hasta por debajo de las piedras. Cumpli\u00f3 su promesa de traerte a casa con tu familia, que nunca dej\u00f3 de luchar\u201d.<\/p>\n\n\n\n<p class=\"p1 wp-block-paragraph\">La noticia marca el final de una b\u00fasqueda incansable y da luz a la fortaleza de un padre que no se detuvo ante ning\u00fan obst\u00e1culo. Eddy Carrillo, quien llev\u00f3 a cabo excavaciones, alz\u00f3 la voz y gener\u00f3 comunidad, logr\u00f3 cumplir la promesa m\u00e1s importante: devolver a Erick con su familia. Sin embargo, su lucha por la justicia y por apoyar a otras familias seguir\u00e1 vigente, porque, como \u00e9l mismo ha dicho, \u201cTodos somos Erick Carrillo\u201d.<\/p>\n\n\n\n<p class=\"p1 wp-block-paragraph\"><\/p>\n\n\n\n<p class=\"p1 wp-block-paragraph\"><\/p>\n\n\n\n<p class=\"p1 wp-block-paragraph\"><\/p>\n\n\n\n<p class=\"p1 wp-block-paragraph\"><\/p>\n\n\n\n<p class=\"p1 wp-block-paragraph\"><\/p>\n\n\n\n<p class=\"p1 wp-block-paragraph\"><\/p>\n<div class=\"fb-background-color\">\n\t\t\t  <div \n\t\t\t  \tclass = \"fb-comments\" \n\t\t\t  \tdata-href = \"https:\/\/diarioavanzada.com.mx\/?p=67978\"\n\t\t\t  \tdata-numposts = \"10\"\n\t\t\t  \tdata-lazy = \"true\"\n\t\t\t\tdata-colorscheme = \"light\"\n\t\t\t\tdata-order-by = \"social\"\n\t\t\t\tdata-mobile=true>\n\t\t\t  <\/div><\/div>\n\t\t  <style>\n\t\t    .fb-background-color {\n\t\t\t\tbackground:  !important;\n\t\t\t}\n\t\t\t.fb_iframe_widget_fluid_desktop iframe {\n\t\t\t    width: 100% !important;\n\t\t\t}\n\t\t  <\/style>\n\t\t  ","protected":false},"excerpt":{"rendered":"<p>Tijuana, M\u00e9xico, Avanzada (07\/12\/2024).- La ma\u00f1ana de este viernes, Eddy Carrillo confirm\u00f3 lo que llevaba casi seis a\u00f1os esperando: los restos \u00f3seos encontrados recientemente en una fosa clandestina del fraccionamiento Los Lagos, en Tijuana, pertenecen a su hijo Erick Carrillo, desaparecido el 1 de junio de 2019. Con voz entrecortada, pero firme, Eddy expres\u00f3 ante [&hellip;]<\/p>\n","protected":false},"author":7,"featured_media":67979,"comment_status":"closed","ping_status":"closed","sticky":false,"template":"","format":"standard","meta":{"_coblocks_attr":"","_coblocks_dimensions":"","_coblocks_responsive_height":"","_coblocks_accordion_ie_support":"","_crdt_document":"","advanced_seo_description":"","jetpack_seo_html_title":"","jetpack_seo_noindex":false,"_jetpack_memberships_contains_paid_content":false,"footnotes":""},"categories":[7,231],"tags":[],"class_list":["post-67978","post","type-post","status-publish","format-standard","has-post-thumbnail","hentry","category-noticias","category-seguridad"],"jetpack_featured_media_url":"https:\/\/diarioavanzada.com.mx\/wp-content\/uploads\/2024\/12\/img_5289-1.jpg","jetpack-related-posts":[],"jetpack_sharing_enabled":true,"amp_enabled":true,"_links":{"self":[{"href":"https:\/\/diarioavanzada.com.mx\/index.php?rest_route=\/wp\/v2\/posts\/67978","targetHints":{"allow":["GET"]}}],"collection":[{"href":"https:\/\/diarioavanzada.com.mx\/index.php?rest_route=\/wp\/v2\/posts"}],"about":[{"href":"https:\/\/diarioavanzada.com.mx\/index.php?rest_route=\/wp\/v2\/types\/post"}],"author":[{"embeddable":true,"href":"https:\/\/diarioavanzada.com.mx\/index.php?rest_route=\/wp\/v2\/users\/7"}],"replies":[{"embeddable":true,"href":"https:\/\/diarioavanzada.com.mx\/index.php?rest_route=%2Fwp%2Fv2%2Fcomments&post=67978"}],"version-history":[{"count":3,"href":"https:\/\/diarioavanzada.com.mx\/index.php?rest_route=\/wp\/v2\/posts\/67978\/revisions"}],"predecessor-version":[{"id":67982,"href":"https:\/\/diarioavanzada.com.mx\/index.php?rest_route=\/wp\/v2\/posts\/67978\/revisions\/67982"}],"wp:featuredmedia":[{"embeddable":true,"href":"https:\/\/diarioavanzada.com.mx\/index.php?rest_route=\/wp\/v2\/media\/67979"}],"wp:attachment":[{"href":"https:\/\/diarioavanzada.com.mx\/index.php?rest_route=%2Fwp%2Fv2%2Fmedia&parent=67978"}],"wp:term":[{"taxonomy":"category","embeddable":true,"href":"https:\/\/diarioavanzada.com.mx\/index.php?rest_route=%2Fwp%2Fv2%2Fcategories&post=67978"},{"taxonomy":"post_tag","embeddable":true,"href":"https:\/\/diarioavanzada.com.mx\/index.php?rest_route=%2Fwp%2Fv2%2Ftags&post=67978"}],"curies":[{"name":"wp","href":"https:\/\/api.w.org\/{rel}","templated":true}]}}