{"id":67952,"date":"2024-12-06T21:11:14","date_gmt":"2024-12-07T03:11:14","guid":{"rendered":"https:\/\/diarioavanzada.com.mx\/?p=67952"},"modified":"2024-12-06T21:11:14","modified_gmt":"2024-12-07T03:11:14","slug":"enrique-de-la-madrid-anuncia-su-salida-del-pri-mi-ciclo-ha-terminado","status":"publish","type":"post","link":"https:\/\/diarioavanzada.com.mx\/?p=67952","title":{"rendered":"Enrique de la Madrid anuncia su salida del PRI: \u201cMi ciclo ha terminado\u201d"},"content":{"rendered":"\n<p class=\"p1 wp-block-paragraph\">Ciudad de M\u00e9xico, Avanzada (06\/12\/2024).- Enrique de la Madrid, exsecretario de Turismo y destacado militante del Partido Revolucionario Institucional (PRI), anunci\u00f3 su decisi\u00f3n de abandonar las filas del partido tras una \u201camplia reflexi\u00f3n\u201d. En un comunicado, el pol\u00edtico se\u00f1al\u00f3 que busca explorar nuevos espacios para contribuir a la construcci\u00f3n de un M\u00e9xico \u201cpr\u00f3spero, justo, seguro, sustentable y en paz\u201d.<\/p>\n\n\n\n<p class=\"p1 wp-block-paragraph\">\u201cMi ciclo en el PRI ha terminado\u201d, afirm\u00f3 De la Madrid, al tiempo que expres\u00f3 su agradecimiento a la militancia que lo respald\u00f3 en el pasado y al partido \u201ccreador de instituciones\u201d y promotor de la modernizaci\u00f3n e industrializaci\u00f3n del pa\u00eds. Sin embargo, subray\u00f3 que su identificaci\u00f3n siempre fue con ese PRI y no con lo que considera pr\u00e1cticas que da\u00f1an a M\u00e9xico.<\/p>\n\n\n\n<p class=\"p1 wp-block-paragraph\">De la Madrid explic\u00f3 que su decisi\u00f3n responde a su deseo de contribuir a di\u00e1logos positivos que permitan encontrar soluciones a los principales problemas del pa\u00eds, como la pobreza, el hambre, la inseguridad y la injusticia. \u201cAhora toca apoyar lo bueno y lo que sirve, criticar y resistir aquello que da\u00f1e a nuestro pa\u00eds y en especial a los que menos tienen, y proponer mejores alternativas para sacar la mejor versi\u00f3n de nosotros mismos\u201d, se\u00f1al\u00f3.<\/p>\n\n\n\n<p class=\"p1 wp-block-paragraph\">Aunque no especific\u00f3 cu\u00e1l ser\u00e1 su pr\u00f3ximo paso, el exfuncionario dej\u00f3 abierta la posibilidad de continuar participando en la vida p\u00fablica y trabajando junto a quienes compartan su visi\u00f3n de un \u201cMucho Mejor M\u00e9xico\u201d.<\/p>\n\n\n\n<p class=\"p1 wp-block-paragraph\">En su mensaje, De la Madrid reconoci\u00f3 los logros hist\u00f3ricos del PRI, como la apertura comercial y la transici\u00f3n democr\u00e1tica pac\u00edfica, pero tambi\u00e9n marc\u00f3 distancia con las pr\u00e1cticas actuales del partido. Esta salida se suma a las de otros personajes que han optado por buscar espacios fuera del tricolor ante el desgaste de la instituci\u00f3n.<\/p>\n\n\n\n<p class=\"p1 wp-block-paragraph\"><\/p>\n<div class=\"fb-background-color\">\n\t\t\t  <div \n\t\t\t  \tclass = \"fb-comments\" \n\t\t\t  \tdata-href = \"https:\/\/diarioavanzada.com.mx\/?p=67952\"\n\t\t\t  \tdata-numposts = \"10\"\n\t\t\t  \tdata-lazy = \"true\"\n\t\t\t\tdata-colorscheme = \"light\"\n\t\t\t\tdata-order-by = \"social\"\n\t\t\t\tdata-mobile=true>\n\t\t\t  <\/div><\/div>\n\t\t  <style>\n\t\t    .fb-background-color {\n\t\t\t\tbackground:  !important;\n\t\t\t}\n\t\t\t.fb_iframe_widget_fluid_desktop iframe {\n\t\t\t    width: 100% !important;\n\t\t\t}\n\t\t  <\/style>\n\t\t  ","protected":false},"excerpt":{"rendered":"<p>Ciudad de M\u00e9xico, Avanzada (06\/12\/2024).- Enrique de la Madrid, exsecretario de Turismo y destacado militante del Partido Revolucionario Institucional (PRI), anunci\u00f3 su decisi\u00f3n de abandonar las filas del partido tras una \u201camplia reflexi\u00f3n\u201d. En un comunicado, el pol\u00edtico se\u00f1al\u00f3 que busca explorar nuevos espacios para contribuir a la construcci\u00f3n de un M\u00e9xico \u201cpr\u00f3spero, justo, seguro, [&hellip;]<\/p>\n","protected":false},"author":7,"featured_media":67951,"comment_status":"closed","ping_status":"closed","sticky":false,"template":"","format":"standard","meta":{"_coblocks_attr":"","_coblocks_dimensions":"","_coblocks_responsive_height":"","_coblocks_accordion_ie_support":"","_crdt_document":"","advanced_seo_description":"","jetpack_seo_html_title":"","jetpack_seo_noindex":false,"_jetpack_memberships_contains_paid_content":false,"footnotes":""},"categories":[22],"tags":[],"class_list":["post-67952","post","type-post","status-publish","format-standard","has-post-thumbnail","hentry","category-nacion"],"jetpack_featured_media_url":"https:\/\/diarioavanzada.com.mx\/wp-content\/uploads\/2024\/12\/img_5278-1.png","jetpack-related-posts":[],"jetpack_sharing_enabled":true,"amp_enabled":true,"_links":{"self":[{"href":"https:\/\/diarioavanzada.com.mx\/index.php?rest_route=\/wp\/v2\/posts\/67952","targetHints":{"allow":["GET"]}}],"collection":[{"href":"https:\/\/diarioavanzada.com.mx\/index.php?rest_route=\/wp\/v2\/posts"}],"about":[{"href":"https:\/\/diarioavanzada.com.mx\/index.php?rest_route=\/wp\/v2\/types\/post"}],"author":[{"embeddable":true,"href":"https:\/\/diarioavanzada.com.mx\/index.php?rest_route=\/wp\/v2\/users\/7"}],"replies":[{"embeddable":true,"href":"https:\/\/diarioavanzada.com.mx\/index.php?rest_route=%2Fwp%2Fv2%2Fcomments&post=67952"}],"version-history":[{"count":0,"href":"https:\/\/diarioavanzada.com.mx\/index.php?rest_route=\/wp\/v2\/posts\/67952\/revisions"}],"wp:featuredmedia":[{"embeddable":true,"href":"https:\/\/diarioavanzada.com.mx\/index.php?rest_route=\/wp\/v2\/media\/67951"}],"wp:attachment":[{"href":"https:\/\/diarioavanzada.com.mx\/index.php?rest_route=%2Fwp%2Fv2%2Fmedia&parent=67952"}],"wp:term":[{"taxonomy":"category","embeddable":true,"href":"https:\/\/diarioavanzada.com.mx\/index.php?rest_route=%2Fwp%2Fv2%2Fcategories&post=67952"},{"taxonomy":"post_tag","embeddable":true,"href":"https:\/\/diarioavanzada.com.mx\/index.php?rest_route=%2Fwp%2Fv2%2Ftags&post=67952"}],"curies":[{"name":"wp","href":"https:\/\/api.w.org\/{rel}","templated":true}]}}