{"id":67899,"date":"2024-12-07T05:24:35","date_gmt":"2024-12-07T11:24:35","guid":{"rendered":"https:\/\/diarioavanzada.com.mx\/?p=67899"},"modified":"2024-12-07T05:25:44","modified_gmt":"2024-12-07T11:25:44","slug":"encienden-el-arbol-navideno-en-la-universidad-de-colima","status":"publish","type":"post","link":"https:\/\/diarioavanzada.com.mx\/?p=67899","title":{"rendered":"Encienden el \u00e1rbol navide\u00f1o&nbsp;en la Universidad de Colima"},"content":{"rendered":"\n<p class=\"wp-block-paragraph\"><em>Blanca Liliana D\u00edaz mostr\u00f3 su satisfacci\u00f3n por cerrar el 2024 con mucho trabajo y satisfacciones. \u201cEs un gusto para el Voluntariado y para todos los que trabajamos en la Universidad, dar inicio a las festividades navide\u00f1as\u201d.<\/em><\/p>\n\n\n\n<p class=\"wp-block-paragraph\">Colima, M\u00e9xico, Comunicado (06\/12\/2024).-&nbsp;La Universidad de Colima celebr\u00f3 este jueves por la tarde su tradicional posada navide\u00f1a, esta vez con la familia universitaria de los campus Colima, Coquimatl\u00e1n y Villa de \u00c1lvarez. En el festejo, realizado en la explanada del campus central, frente a Rector\u00eda, las ni\u00f1as y ni\u00f1os, en compa\u00f1\u00eda de sus pap\u00e1s y mam\u00e1s, disfrutaron de una tarde llena de juegos tradicionales, m\u00fasica, comida y mucha diversi\u00f3n.<\/p>\n\n\n\n<figure class=\"wp-block-image size-large\"><img loading=\"lazy\" decoding=\"async\" width=\"683\" height=\"1024\" src=\"https:\/\/diarioavanzada.com.mx\/wp-content\/uploads\/2024\/12\/Encienden-el-arbol-navideno-en-la-UdeC_b1-683x1024.jpg\" alt=\"\" class=\"wp-image-67907\" srcset=\"https:\/\/diarioavanzada.com.mx\/wp-content\/uploads\/2024\/12\/Encienden-el-arbol-navideno-en-la-UdeC_b1-683x1024.jpg 683w, https:\/\/diarioavanzada.com.mx\/wp-content\/uploads\/2024\/12\/Encienden-el-arbol-navideno-en-la-UdeC_b1-200x300.jpg 200w, https:\/\/diarioavanzada.com.mx\/wp-content\/uploads\/2024\/12\/Encienden-el-arbol-navideno-en-la-UdeC_b1-768x1152.jpg 768w, https:\/\/diarioavanzada.com.mx\/wp-content\/uploads\/2024\/12\/Encienden-el-arbol-navideno-en-la-UdeC_b1-1024x1536.jpg 1024w, https:\/\/diarioavanzada.com.mx\/wp-content\/uploads\/2024\/12\/Encienden-el-arbol-navideno-en-la-UdeC_b1-1366x2048.jpg 1366w, https:\/\/diarioavanzada.com.mx\/wp-content\/uploads\/2024\/12\/Encienden-el-arbol-navideno-en-la-UdeC_b1-1200x1800.jpg 1200w, https:\/\/diarioavanzada.com.mx\/wp-content\/uploads\/2024\/12\/Encienden-el-arbol-navideno-en-la-UdeC_b1.jpg 2031w\" sizes=\"auto, (max-width: 683px) 100vw, 683px\" \/><\/figure>\n\n\n\n<p class=\"wp-block-paragraph\">El encendido del \u00e1rbol navide\u00f1o se realiz\u00f3 una vez avanzada la fiesta, a las 7:30 de la tarde, cuando la oscuridad permiti\u00f3 ver mejor su luz. Presidieron esta ceremonia anual, que marca el inicio los festejos navide\u00f1os, el rector Christian Torres Ortiz Zerme\u00f1o y su esposa, Blanca Liliana D\u00edaz V\u00e1zquez, presidenta del Voluntariado de la Universidad de Colima.<\/p>\n\n\n\n<figure class=\"wp-block-image size-large\"><img loading=\"lazy\" decoding=\"async\" width=\"1024\" height=\"682\" src=\"https:\/\/diarioavanzada.com.mx\/wp-content\/uploads\/2024\/12\/Encienden-el-arbol-navideno-en-la-UdeC_d-1024x682.jpg\" alt=\"\" class=\"wp-image-67911\" srcset=\"https:\/\/diarioavanzada.com.mx\/wp-content\/uploads\/2024\/12\/Encienden-el-arbol-navideno-en-la-UdeC_d-1024x682.jpg 1024w, https:\/\/diarioavanzada.com.mx\/wp-content\/uploads\/2024\/12\/Encienden-el-arbol-navideno-en-la-UdeC_d-300x200.jpg 300w, https:\/\/diarioavanzada.com.mx\/wp-content\/uploads\/2024\/12\/Encienden-el-arbol-navideno-en-la-UdeC_d-768x512.jpg 768w, https:\/\/diarioavanzada.com.mx\/wp-content\/uploads\/2024\/12\/Encienden-el-arbol-navideno-en-la-UdeC_d-1536x1023.jpg 1536w, https:\/\/diarioavanzada.com.mx\/wp-content\/uploads\/2024\/12\/Encienden-el-arbol-navideno-en-la-UdeC_d-1200x800.jpg 1200w, https:\/\/diarioavanzada.com.mx\/wp-content\/uploads\/2024\/12\/Encienden-el-arbol-navideno-en-la-UdeC_d.jpg 1600w\" sizes=\"auto, (max-width: 1024px) 100vw, 1024px\" \/><\/figure>\n\n\n\n<p class=\"wp-block-paragraph\">\u00c9l y ella estuvieron acompa\u00f1ados por Joel Nino Jr., secretario general de la U de C; Carolina Venegas, presidenta de la FEUC; Adriana Isabel Andrade, presidenta de la ACU; Camilo Alejandro Garc\u00eda, presidente de la FEC; Luis Enrique Zamorano, secretario general del SUTUC y Jes\u00fas Campos, presidente de la Asociaci\u00f3n de Jubilados y Pensionados de la UdeC.<\/p>\n\n\n\n<p class=\"wp-block-paragraph\">Tambi\u00e9n estuvieron Juan Diego Gayt\u00e1n, delegado del campus Colima; Jos\u00e9 Francisco Ventura, delegado del campus Coquimatl\u00e1n y Carlos Alberto Montes, delegado de Villa de \u00c1lvarez.<\/p>\n\n\n\n<figure class=\"wp-block-image size-large\"><img loading=\"lazy\" decoding=\"async\" width=\"1024\" height=\"683\" src=\"https:\/\/diarioavanzada.com.mx\/wp-content\/uploads\/2024\/12\/Encienden-el-arbol-navideno-en-la-UdeC_g-1024x683.jpg\" alt=\"\" class=\"wp-image-67912\" srcset=\"https:\/\/diarioavanzada.com.mx\/wp-content\/uploads\/2024\/12\/Encienden-el-arbol-navideno-en-la-UdeC_g-1024x683.jpg 1024w, https:\/\/diarioavanzada.com.mx\/wp-content\/uploads\/2024\/12\/Encienden-el-arbol-navideno-en-la-UdeC_g-300x200.jpg 300w, https:\/\/diarioavanzada.com.mx\/wp-content\/uploads\/2024\/12\/Encienden-el-arbol-navideno-en-la-UdeC_g-768x512.jpg 768w, https:\/\/diarioavanzada.com.mx\/wp-content\/uploads\/2024\/12\/Encienden-el-arbol-navideno-en-la-UdeC_g-1536x1024.jpg 1536w, https:\/\/diarioavanzada.com.mx\/wp-content\/uploads\/2024\/12\/Encienden-el-arbol-navideno-en-la-UdeC_g-2048x1365.jpg 2048w, https:\/\/diarioavanzada.com.mx\/wp-content\/uploads\/2024\/12\/Encienden-el-arbol-navideno-en-la-UdeC_g-1200x800.jpg 1200w\" sizes=\"auto, (max-width: 1024px) 100vw, 1024px\" \/><\/figure>\n\n\n\n<p class=\"wp-block-paragraph\">El encendido del \u00e1rbol estuvo acompa\u00f1ado por fuegos artificiales, que iluminaron el cielo del campus central y que caus\u00f3 asombro y risas entre las y los asistentes.<\/p>\n\n\n\n<figure class=\"wp-block-image size-large\"><img loading=\"lazy\" decoding=\"async\" width=\"1024\" height=\"682\" src=\"https:\/\/diarioavanzada.com.mx\/wp-content\/uploads\/2024\/12\/Encienden-el-arbol-navideno-en-la-UdeC_f-1024x682.jpg\" alt=\"\" class=\"wp-image-67909\" srcset=\"https:\/\/diarioavanzada.com.mx\/wp-content\/uploads\/2024\/12\/Encienden-el-arbol-navideno-en-la-UdeC_f-1024x682.jpg 1024w, https:\/\/diarioavanzada.com.mx\/wp-content\/uploads\/2024\/12\/Encienden-el-arbol-navideno-en-la-UdeC_f-300x200.jpg 300w, https:\/\/diarioavanzada.com.mx\/wp-content\/uploads\/2024\/12\/Encienden-el-arbol-navideno-en-la-UdeC_f-768x512.jpg 768w, https:\/\/diarioavanzada.com.mx\/wp-content\/uploads\/2024\/12\/Encienden-el-arbol-navideno-en-la-UdeC_f-1536x1023.jpg 1536w, https:\/\/diarioavanzada.com.mx\/wp-content\/uploads\/2024\/12\/Encienden-el-arbol-navideno-en-la-UdeC_f-1200x800.jpg 1200w, https:\/\/diarioavanzada.com.mx\/wp-content\/uploads\/2024\/12\/Encienden-el-arbol-navideno-en-la-UdeC_f.jpg 1600w\" sizes=\"auto, (max-width: 1024px) 100vw, 1024px\" \/><\/figure>\n\n\n\n<p class=\"wp-block-paragraph\">En su intervenci\u00f3n, Blanca Liliana D\u00edaz mostr\u00f3 su satisfacci\u00f3n por cerrar el 2024 con mucho trabajo y satisfacciones. \u201cEs un gusto para el Voluntariado y para todos los que trabajamos en la Universidad, dar inicio a las festividades navide\u00f1as\u201d.<\/p>\n\n\n\n<figure class=\"wp-block-image size-large\"><img loading=\"lazy\" decoding=\"async\" width=\"1024\" height=\"683\" src=\"https:\/\/diarioavanzada.com.mx\/wp-content\/uploads\/2024\/12\/Encienden-arbol-navideno-en-la-UdeC_Blanca-1024x683.jpg\" alt=\"\" class=\"wp-image-67905\" srcset=\"https:\/\/diarioavanzada.com.mx\/wp-content\/uploads\/2024\/12\/Encienden-arbol-navideno-en-la-UdeC_Blanca-1024x683.jpg 1024w, https:\/\/diarioavanzada.com.mx\/wp-content\/uploads\/2024\/12\/Encienden-arbol-navideno-en-la-UdeC_Blanca-300x200.jpg 300w, https:\/\/diarioavanzada.com.mx\/wp-content\/uploads\/2024\/12\/Encienden-arbol-navideno-en-la-UdeC_Blanca-768x512.jpg 768w, https:\/\/diarioavanzada.com.mx\/wp-content\/uploads\/2024\/12\/Encienden-arbol-navideno-en-la-UdeC_Blanca-1536x1024.jpg 1536w, https:\/\/diarioavanzada.com.mx\/wp-content\/uploads\/2024\/12\/Encienden-arbol-navideno-en-la-UdeC_Blanca-2048x1365.jpg 2048w, https:\/\/diarioavanzada.com.mx\/wp-content\/uploads\/2024\/12\/Encienden-arbol-navideno-en-la-UdeC_Blanca-1200x800.jpg 1200w\" sizes=\"auto, (max-width: 1024px) 100vw, 1024px\" \/><\/figure>\n\n\n\n<p class=\"wp-block-paragraph\">\u201cEste evento fue preparado con mucho cari\u00f1o para ustedes gracias a la colaboraci\u00f3n de las delegaciones de Colima, Villa de \u00c1lvarez, Coquimatl\u00e1n, Manzanillo, Tecom\u00e1n -dijo-. Muchas gracias por participar; es un gusto verlos disfrutando de esta fiesta como comunidad. A nombre de mi familia y de los funcionarios que nos acompa\u00f1an, les deseo una Feliz Navidad y un pr\u00f3spero A\u00f1o Nuevo\u201d.<\/p>\n\n\n\n<figure class=\"wp-block-image size-large\"><img loading=\"lazy\" decoding=\"async\" width=\"1024\" height=\"668\" src=\"https:\/\/diarioavanzada.com.mx\/wp-content\/uploads\/2024\/12\/Encienden-el-arbol-navideno-en-la-UdeC-1024x668.jpg\" alt=\"\" class=\"wp-image-67903\" srcset=\"https:\/\/diarioavanzada.com.mx\/wp-content\/uploads\/2024\/12\/Encienden-el-arbol-navideno-en-la-UdeC-1024x668.jpg 1024w, https:\/\/diarioavanzada.com.mx\/wp-content\/uploads\/2024\/12\/Encienden-el-arbol-navideno-en-la-UdeC-300x196.jpg 300w, https:\/\/diarioavanzada.com.mx\/wp-content\/uploads\/2024\/12\/Encienden-el-arbol-navideno-en-la-UdeC-768x501.jpg 768w, https:\/\/diarioavanzada.com.mx\/wp-content\/uploads\/2024\/12\/Encienden-el-arbol-navideno-en-la-UdeC-1536x1001.jpg 1536w, https:\/\/diarioavanzada.com.mx\/wp-content\/uploads\/2024\/12\/Encienden-el-arbol-navideno-en-la-UdeC-2048x1335.jpg 2048w, https:\/\/diarioavanzada.com.mx\/wp-content\/uploads\/2024\/12\/Encienden-el-arbol-navideno-en-la-UdeC-1200x782.jpg 1200w\" sizes=\"auto, (max-width: 1024px) 100vw, 1024px\" \/><\/figure>\n\n\n\n<p class=\"wp-block-paragraph\">Finalmente, el rector Christian Torres Ortiz extern\u00f3 su gusto por cerrar el a\u00f1o de la mejor manera posible, \u201cen compa\u00f1\u00eda de la gran familia universitaria\u201d. Agradeci\u00f3 a las y los funcionarios que lo acompa\u00f1aron en el evento, a su esposa, a sus hijos y al equipo del Voluntariado, \u201cque ha hecho posible estos festejos en todas las delegaciones\u201d.<\/p>\n\n\n\n<figure class=\"wp-block-image size-large\"><img loading=\"lazy\" decoding=\"async\" width=\"1024\" height=\"682\" src=\"https:\/\/diarioavanzada.com.mx\/wp-content\/uploads\/2024\/12\/Encienden-el-arbol-navideno-en-la-UdeC_c-1024x682.jpg\" alt=\"\" class=\"wp-image-67902\" srcset=\"https:\/\/diarioavanzada.com.mx\/wp-content\/uploads\/2024\/12\/Encienden-el-arbol-navideno-en-la-UdeC_c-1024x682.jpg 1024w, https:\/\/diarioavanzada.com.mx\/wp-content\/uploads\/2024\/12\/Encienden-el-arbol-navideno-en-la-UdeC_c-300x200.jpg 300w, https:\/\/diarioavanzada.com.mx\/wp-content\/uploads\/2024\/12\/Encienden-el-arbol-navideno-en-la-UdeC_c-768x512.jpg 768w, https:\/\/diarioavanzada.com.mx\/wp-content\/uploads\/2024\/12\/Encienden-el-arbol-navideno-en-la-UdeC_c-1536x1023.jpg 1536w, https:\/\/diarioavanzada.com.mx\/wp-content\/uploads\/2024\/12\/Encienden-el-arbol-navideno-en-la-UdeC_c-1200x800.jpg 1200w, https:\/\/diarioavanzada.com.mx\/wp-content\/uploads\/2024\/12\/Encienden-el-arbol-navideno-en-la-UdeC_c.jpg 1600w\" sizes=\"auto, (max-width: 1024px) 100vw, 1024px\" \/><\/figure>\n\n\n\n<p class=\"wp-block-paragraph\">Por \u00faltimo, el rector expres\u00f3 su agradecimiento a toda la comunidad universitaria \u201cpor su dedicaci\u00f3n, compromiso y esfuerzo, que han hecho posible estos festejos, convirti\u00e9ndolos en una gran celebraci\u00f3n universitaria. En nombre de la Universidad de Colima, les agradecemos por un a\u00f1o de trabajo extraordinario y les deseamos una muy feliz Navidad y un pr\u00f3spero A\u00f1o Nuevo 2025 lleno de \u00e9xitos\u201d.<\/p>\n<div class=\"fb-background-color\">\n\t\t\t  <div \n\t\t\t  \tclass = \"fb-comments\" \n\t\t\t  \tdata-href = \"https:\/\/diarioavanzada.com.mx\/?p=67899\"\n\t\t\t  \tdata-numposts = \"10\"\n\t\t\t  \tdata-lazy = \"true\"\n\t\t\t\tdata-colorscheme = \"light\"\n\t\t\t\tdata-order-by = \"social\"\n\t\t\t\tdata-mobile=true>\n\t\t\t  <\/div><\/div>\n\t\t  <style>\n\t\t    .fb-background-color {\n\t\t\t\tbackground:  !important;\n\t\t\t}\n\t\t\t.fb_iframe_widget_fluid_desktop iframe {\n\t\t\t    width: 100% !important;\n\t\t\t}\n\t\t  <\/style>\n\t\t  ","protected":false},"excerpt":{"rendered":"<p>Blanca Liliana D\u00edaz mostr\u00f3 su satisfacci\u00f3n por cerrar el 2024 con mucho trabajo y satisfacciones. \u201cEs un gusto para el Voluntariado y para todos los que trabajamos en la Universidad, dar inicio a las festividades navide\u00f1as\u201d. Colima, M\u00e9xico, Comunicado (06\/12\/2024).-&nbsp;La Universidad de Colima celebr\u00f3 este jueves por la tarde su tradicional posada navide\u00f1a, esta vez [&hellip;]<\/p>\n","protected":false},"author":7,"featured_media":67962,"comment_status":"closed","ping_status":"closed","sticky":false,"template":"","format":"standard","meta":{"_coblocks_attr":"","_coblocks_dimensions":"","_coblocks_responsive_height":"","_coblocks_accordion_ie_support":"","_crdt_document":"","advanced_seo_description":"","jetpack_seo_html_title":"","jetpack_seo_noindex":false,"_jetpack_memberships_contains_paid_content":false,"footnotes":""},"categories":[19,209,7],"tags":[],"class_list":["post-67899","post","type-post","status-publish","format-standard","has-post-thumbnail","hentry","category-colima","category-importantes","category-noticias"],"jetpack_featured_media_url":"https:\/\/diarioavanzada.com.mx\/wp-content\/uploads\/2024\/12\/img_1156-1.png","jetpack-related-posts":[],"jetpack_sharing_enabled":true,"amp_enabled":true,"_links":{"self":[{"href":"https:\/\/diarioavanzada.com.mx\/index.php?rest_route=\/wp\/v2\/posts\/67899","targetHints":{"allow":["GET"]}}],"collection":[{"href":"https:\/\/diarioavanzada.com.mx\/index.php?rest_route=\/wp\/v2\/posts"}],"about":[{"href":"https:\/\/diarioavanzada.com.mx\/index.php?rest_route=\/wp\/v2\/types\/post"}],"author":[{"embeddable":true,"href":"https:\/\/diarioavanzada.com.mx\/index.php?rest_route=\/wp\/v2\/users\/7"}],"replies":[{"embeddable":true,"href":"https:\/\/diarioavanzada.com.mx\/index.php?rest_route=%2Fwp%2Fv2%2Fcomments&post=67899"}],"version-history":[{"count":8,"href":"https:\/\/diarioavanzada.com.mx\/index.php?rest_route=\/wp\/v2\/posts\/67899\/revisions"}],"predecessor-version":[{"id":67963,"href":"https:\/\/diarioavanzada.com.mx\/index.php?rest_route=\/wp\/v2\/posts\/67899\/revisions\/67963"}],"wp:featuredmedia":[{"embeddable":true,"href":"https:\/\/diarioavanzada.com.mx\/index.php?rest_route=\/wp\/v2\/media\/67962"}],"wp:attachment":[{"href":"https:\/\/diarioavanzada.com.mx\/index.php?rest_route=%2Fwp%2Fv2%2Fmedia&parent=67899"}],"wp:term":[{"taxonomy":"category","embeddable":true,"href":"https:\/\/diarioavanzada.com.mx\/index.php?rest_route=%2Fwp%2Fv2%2Fcategories&post=67899"},{"taxonomy":"post_tag","embeddable":true,"href":"https:\/\/diarioavanzada.com.mx\/index.php?rest_route=%2Fwp%2Fv2%2Ftags&post=67899"}],"curies":[{"name":"wp","href":"https:\/\/api.w.org\/{rel}","templated":true}]}}