{"id":67864,"date":"2024-12-06T19:57:10","date_gmt":"2024-12-07T01:57:10","guid":{"rendered":"https:\/\/diarioavanzada.com.mx\/?p=67864"},"modified":"2024-12-06T19:58:00","modified_gmt":"2024-12-07T01:58:00","slug":"con-ventanas-que-miran-al-mundo-concluyen-festejos-por-el-84-aniversario-en-la-udec","status":"publish","type":"post","link":"https:\/\/diarioavanzada.com.mx\/?p=67864","title":{"rendered":"Con ventanas que miran al mundo concluyen festejos por el 84 aniversario en la UdeC"},"content":{"rendered":"\n<p class=\"wp-block-paragraph\"><em>\u201cLa Universidad de Colima edita libros para investigadores, docentes y escritores. Sin embargo este libro, al estar hecho por y para estudiantes, es muy valioso\u201d: Christian Torres Ortiz, rector.<\/em><\/p>\n\n\n\n<p class=\"wp-block-paragraph\">Colima, M\u00e9xico, Comunicado (06\/12\/2024).- Para cerrar las actividades de festejo por el 84 aniversario de la Universidad de Colima, este viernes se present\u00f3 el libro: \u201cExperiencias de movilidad: una ventana al mundo\u201d, una colecci\u00f3n de relatos fruto del concurso estatal \u201cMi experiencia de movilidad acad\u00e9mica\u201d. La presentaci\u00f3n, realizada en la Facultad de Comercio Exterior, campus Valle de las Garzas en Manzanillo, estuvo presidida por Christian Torres Ortiz Zerme\u00f1o, rector de esta casa de estudios.<\/p>\n\n\n\n<p class=\"wp-block-paragraph\">La obra, impulsada por la Direcci\u00f3n General de Publicaciones y la Oficina de Internacionalizaci\u00f3n y Cooperaci\u00f3n Acad\u00e9mica, re\u00fane las vivencias de 24 estudiantes, egresadas y egresados de la UdeC, durante sus experiencias de intercambio nacional e internacional.<\/p>\n\n\n\n<p class=\"wp-block-paragraph\">El libro, coordinado por las universitarias Ana Cecilia Garc\u00eda Valencia y Gabriela S\u00e1nchez Alfaro, incluye narraciones que abordan las oportunidades y desaf\u00edos que vivieron estos j\u00f3venes lejos de casa. Ellos y ellas quienes reflexionan sobre la importancia de mantener una mentalidad abierta y agradecida frente a lo desconocido.<\/p>\n\n\n\n<figure class=\"wp-block-image size-large\"><img loading=\"lazy\" decoding=\"async\" width=\"1024\" height=\"683\" src=\"https:\/\/diarioavanzada.com.mx\/wp-content\/uploads\/2024\/12\/Presentan-libro-Experiencias-de-movilidad-en-Manzanillo_Cecy-1024x683.jpg\" alt=\"\" class=\"wp-image-67869\" srcset=\"https:\/\/diarioavanzada.com.mx\/wp-content\/uploads\/2024\/12\/Presentan-libro-Experiencias-de-movilidad-en-Manzanillo_Cecy-1024x683.jpg 1024w, https:\/\/diarioavanzada.com.mx\/wp-content\/uploads\/2024\/12\/Presentan-libro-Experiencias-de-movilidad-en-Manzanillo_Cecy-300x200.jpg 300w, https:\/\/diarioavanzada.com.mx\/wp-content\/uploads\/2024\/12\/Presentan-libro-Experiencias-de-movilidad-en-Manzanillo_Cecy-768x512.jpg 768w, https:\/\/diarioavanzada.com.mx\/wp-content\/uploads\/2024\/12\/Presentan-libro-Experiencias-de-movilidad-en-Manzanillo_Cecy-1536x1024.jpg 1536w, https:\/\/diarioavanzada.com.mx\/wp-content\/uploads\/2024\/12\/Presentan-libro-Experiencias-de-movilidad-en-Manzanillo_Cecy-2048x1365.jpg 2048w, https:\/\/diarioavanzada.com.mx\/wp-content\/uploads\/2024\/12\/Presentan-libro-Experiencias-de-movilidad-en-Manzanillo_Cecy-1200x800.jpg 1200w\" sizes=\"auto, (max-width: 1024px) 100vw, 1024px\" \/><\/figure>\n\n\n\n<p class=\"wp-block-paragraph\">En su intervenci\u00f3n, el rector dijo: \u201cSon 24 historias inspiradoras de estudiantes que decidieron participar en el concurso de escritura joven \u201cMi experiencia de movilidad acad\u00e9mica. Su publicaci\u00f3n celebra la diversidad, el aprendizaje y el crecimiento personal de quienes deciden dejar la zona de confort y cruzar fronteras\u201d.<\/p>\n\n\n\n<p class=\"wp-block-paragraph\">Para concluir, llam\u00f3 la atenci\u00f3n en el hecho de que de los 18 eventos que hubo en el marco del 84 aniversario, tres fueron presentaciones de libros. \u201cLa Universidad de Colima edita libros para investigadores, docentes y escritores. Sin embargo este libro, al estar hecho por y para estudiantes, es muy valioso. Muestra que en la comunidad universitaria hay estudiantes brillantes, con capacidades y habilidades destacadas, independientemente de lo que estudien\u201d.<\/p>\n\n\n\n<p class=\"wp-block-paragraph\">Aurelio Deniz Gu\u00edzar, director de la Facultad de Turismo y Gastronom\u00eda, recomend\u00f3 el libro, ya que, dijo: \u201cA trav\u00e9s de un lenguaje claro y entendible, conocemos la experiencia de estudiantes en M\u00e9xico y el mundo, con testimonios que hablan del crecimiento personal\u201d.<\/p>\n\n\n\n<figure class=\"wp-block-image size-large\"><img loading=\"lazy\" decoding=\"async\" width=\"1024\" height=\"683\" src=\"https:\/\/diarioavanzada.com.mx\/wp-content\/uploads\/2024\/12\/Presentan-libro-Experiencias-de-movilidad-en-Manzanillo-1024x683.jpg\" alt=\"\" class=\"wp-image-67867\" srcset=\"https:\/\/diarioavanzada.com.mx\/wp-content\/uploads\/2024\/12\/Presentan-libro-Experiencias-de-movilidad-en-Manzanillo-1024x683.jpg 1024w, https:\/\/diarioavanzada.com.mx\/wp-content\/uploads\/2024\/12\/Presentan-libro-Experiencias-de-movilidad-en-Manzanillo-300x200.jpg 300w, https:\/\/diarioavanzada.com.mx\/wp-content\/uploads\/2024\/12\/Presentan-libro-Experiencias-de-movilidad-en-Manzanillo-768x512.jpg 768w, https:\/\/diarioavanzada.com.mx\/wp-content\/uploads\/2024\/12\/Presentan-libro-Experiencias-de-movilidad-en-Manzanillo-1536x1024.jpg 1536w, https:\/\/diarioavanzada.com.mx\/wp-content\/uploads\/2024\/12\/Presentan-libro-Experiencias-de-movilidad-en-Manzanillo-2048x1365.jpg 2048w, https:\/\/diarioavanzada.com.mx\/wp-content\/uploads\/2024\/12\/Presentan-libro-Experiencias-de-movilidad-en-Manzanillo-1200x800.jpg 1200w\" sizes=\"auto, (max-width: 1024px) 100vw, 1024px\" \/><\/figure>\n\n\n\n<p class=\"wp-block-paragraph\">Ana Cecilia Garc\u00eda, directora de la Oficina de Internacionalizaci\u00f3n y Cooperaci\u00f3n Acad\u00e9mica, dijo que este libro naci\u00f3 hace a\u00f1o de un sue\u00f1o compartido con Karina Robles, directora de Publicaciones. Surgi\u00f3 por la necesidad de que estudiantes y egresados de la UdeC compartan sus historias de movilidad. \u201cA trav\u00e9s de relatos honestos y emocionantes, podemos conocer los aprendizajes que tuvieron que enfrentar en lugares como Espa\u00f1a, Corea del Sur, Italia, Tailandia, M\u00e9xico, Chile y Per\u00fa, entre otros pa\u00edses\u201d.<\/p>\n\n\n\n<p class=\"wp-block-paragraph\">Destac\u00f3 que el libro documenta de primera mano las experiencias de autores y autoras, quienes adem\u00e1s de an\u00e9cdotas tambi\u00e9n hablan de sabores nuevos y reflexionan sobre tener una mentalidad abierta. \u201cM\u00e1s all\u00e1 de aventuras, los textos tambi\u00e9n agradecen a sus familias y a la Universidad por apoyarlos en su crecimiento profesional\u201d.<\/p>\n\n\n\n<p class=\"wp-block-paragraph\">En pres\u00eddium estuvieron tres autores: Sara Torres Arias, Daniel Augusto Pel\u00e1ez Osorio y Jos\u00e9 Antonio Ju\u00e1rez Vel\u00e1zquez, este \u00faltimo representado por su abuelito, el se\u00f1or Jos\u00e9 Antonio Ju\u00e1rez Cort\u00e9s.<\/p>\n\n\n\n<figure class=\"wp-block-image size-large\"><img loading=\"lazy\" decoding=\"async\" width=\"1024\" height=\"683\" src=\"https:\/\/diarioavanzada.com.mx\/wp-content\/uploads\/2024\/12\/Presentan-libro-Experiencias-de-movilidad-en-Manzanillo_e-1024x683.jpg\" alt=\"\" class=\"wp-image-67875\" srcset=\"https:\/\/diarioavanzada.com.mx\/wp-content\/uploads\/2024\/12\/Presentan-libro-Experiencias-de-movilidad-en-Manzanillo_e-1024x683.jpg 1024w, https:\/\/diarioavanzada.com.mx\/wp-content\/uploads\/2024\/12\/Presentan-libro-Experiencias-de-movilidad-en-Manzanillo_e-300x200.jpg 300w, https:\/\/diarioavanzada.com.mx\/wp-content\/uploads\/2024\/12\/Presentan-libro-Experiencias-de-movilidad-en-Manzanillo_e-768x512.jpg 768w, https:\/\/diarioavanzada.com.mx\/wp-content\/uploads\/2024\/12\/Presentan-libro-Experiencias-de-movilidad-en-Manzanillo_e-1536x1024.jpg 1536w, https:\/\/diarioavanzada.com.mx\/wp-content\/uploads\/2024\/12\/Presentan-libro-Experiencias-de-movilidad-en-Manzanillo_e-2048x1365.jpg 2048w, https:\/\/diarioavanzada.com.mx\/wp-content\/uploads\/2024\/12\/Presentan-libro-Experiencias-de-movilidad-en-Manzanillo_e-1200x800.jpg 1200w\" sizes=\"auto, (max-width: 1024px) 100vw, 1024px\" \/><\/figure>\n\n\n\n<p class=\"wp-block-paragraph\">Sara Torres mencion\u00f3 que tuvo la oportunidad de viajar a Canad\u00e1 y que fue la mejor experiencia de su vida. Para escribir su historia dijo que pens\u00f3 en la Sara del pasado antes de irse de movilidad, qu\u00e9 le gustar\u00eda saber, conocer y compartir con ella y otros estudiantes a punto de irse de intercambio.<\/p>\n\n\n\n<p class=\"wp-block-paragraph\">Por su parte, Daniel Pel\u00e1ez coment\u00f3 que este viaje transform\u00f3 su vida acad\u00e9mica y personalmente. Luego de compartir sus palabras en este libro, desea que esta experiencia tambi\u00e9n motive a otros estudiantes a irse de intercambio.<\/p>\n\n\n\n<figure class=\"wp-block-image size-large\"><img loading=\"lazy\" decoding=\"async\" width=\"1024\" height=\"683\" src=\"https:\/\/diarioavanzada.com.mx\/wp-content\/uploads\/2024\/12\/Presentan-libro-Experiencias-de-movilidad-en-Manzanillo_a-1024x683.jpg\" alt=\"\" class=\"wp-image-67870\" srcset=\"https:\/\/diarioavanzada.com.mx\/wp-content\/uploads\/2024\/12\/Presentan-libro-Experiencias-de-movilidad-en-Manzanillo_a-1024x683.jpg 1024w, https:\/\/diarioavanzada.com.mx\/wp-content\/uploads\/2024\/12\/Presentan-libro-Experiencias-de-movilidad-en-Manzanillo_a-300x200.jpg 300w, https:\/\/diarioavanzada.com.mx\/wp-content\/uploads\/2024\/12\/Presentan-libro-Experiencias-de-movilidad-en-Manzanillo_a-768x512.jpg 768w, https:\/\/diarioavanzada.com.mx\/wp-content\/uploads\/2024\/12\/Presentan-libro-Experiencias-de-movilidad-en-Manzanillo_a-1536x1024.jpg 1536w, https:\/\/diarioavanzada.com.mx\/wp-content\/uploads\/2024\/12\/Presentan-libro-Experiencias-de-movilidad-en-Manzanillo_a-2048x1366.jpg 2048w, https:\/\/diarioavanzada.com.mx\/wp-content\/uploads\/2024\/12\/Presentan-libro-Experiencias-de-movilidad-en-Manzanillo_a-1200x800.jpg 1200w\" sizes=\"auto, (max-width: 1024px) 100vw, 1024px\" \/><\/figure>\n\n\n\n<p class=\"wp-block-paragraph\">El se\u00f1or Jos\u00e9 Antonio Ju\u00e1rez Cort\u00e9s, en representaci\u00f3n de su nieto Jos\u00e9 Antonio, a trav\u00e9s de una lectura anim\u00f3 a estudiantes a seguir su sue\u00f1o, a conocer una nueva cultura, salir de su zona de confort, vencer el miedo y atreverse a realizar un intercambio. \u201cBusquen experiencias que los lleven a explotar su potencial. La educaci\u00f3n y el conocimiento son herramientas poderosas que pueden transformar vidas y construir futuros prometedores\u201d.<\/p>\n\n\n\n<p class=\"wp-block-paragraph\">Ana Karina Robles G\u00f3mez, directora general de Publicaciones de la UdeC y quien fue moderadora de esta presentaci\u00f3n, invit\u00f3 al auditorio a leer el libro y a conocer todas las historias de las y los autores.<\/p>\n\n\n\n<p class=\"wp-block-paragraph\">La intervenci\u00f3n musical fue de Jos\u00e9 Mario Sarabia Medrano, quien con 12 a\u00f1os de edad cursa el tercer semestre del taller de saxof\u00f3n alto del Centro Universitario de Bellas Artes de Manzanillo (CUBAM), bajo la tutor\u00eda de la maestra Alejandra Rinc\u00f3n Melgarejo. Ambos interpretaron dos obras: \u201cFly me to the moon\u201d y \u201cLa vie en rose\u201d.<\/p>\n\n\n\n<figure class=\"wp-block-image size-large\"><img loading=\"lazy\" decoding=\"async\" width=\"1024\" height=\"683\" src=\"https:\/\/diarioavanzada.com.mx\/wp-content\/uploads\/2024\/12\/Presentan-libro-Experiencias-de-movilidad-en-Manzanillo_c-1024x683.jpg\" alt=\"\" class=\"wp-image-67872\" srcset=\"https:\/\/diarioavanzada.com.mx\/wp-content\/uploads\/2024\/12\/Presentan-libro-Experiencias-de-movilidad-en-Manzanillo_c-1024x683.jpg 1024w, https:\/\/diarioavanzada.com.mx\/wp-content\/uploads\/2024\/12\/Presentan-libro-Experiencias-de-movilidad-en-Manzanillo_c-300x200.jpg 300w, https:\/\/diarioavanzada.com.mx\/wp-content\/uploads\/2024\/12\/Presentan-libro-Experiencias-de-movilidad-en-Manzanillo_c-768x512.jpg 768w, https:\/\/diarioavanzada.com.mx\/wp-content\/uploads\/2024\/12\/Presentan-libro-Experiencias-de-movilidad-en-Manzanillo_c-1536x1024.jpg 1536w, https:\/\/diarioavanzada.com.mx\/wp-content\/uploads\/2024\/12\/Presentan-libro-Experiencias-de-movilidad-en-Manzanillo_c-2048x1365.jpg 2048w, https:\/\/diarioavanzada.com.mx\/wp-content\/uploads\/2024\/12\/Presentan-libro-Experiencias-de-movilidad-en-Manzanillo_c-1200x800.jpg 1200w\" sizes=\"auto, (max-width: 1024px) 100vw, 1024px\" \/><\/figure>\n\n\n\n<p class=\"wp-block-paragraph\">Al finalizar la presentaci\u00f3n, el rector visit\u00f3 la exposici\u00f3n de los talleres de artes pl\u00e1sticas del CUBAM, donde est\u00e1n expuestos trabajos realizados por estudiantes de entre los 4 y 65 a\u00f1os, guiados por la maestra Jenny Segura y el maestro Enrique Alejandro Olvera. La muestra incluye dibujos anat\u00f3micos, con tinta china y esculturas en plastilina. En la presentaci\u00f3n del libro tambi\u00e9n estuvieron Joel Nino, secretario general; Ana Mar\u00eda Gallardo, delegada universitaria en Manzanillo; Camilo Garc\u00eda, presidente de la FEC; Jorge Mart\u00ednez, coordinador general de Comunicaci\u00f3n Social; No\u00e9 L\u00f3pez, director de la Facultad de Comercio Exterior y Nohema Larios, directora del CUBAM, entre otras y otros funcionarios.<\/p>\n\n\n\n<p class=\"wp-block-paragraph\"><\/p>\n<div class=\"fb-background-color\">\n\t\t\t  <div \n\t\t\t  \tclass = \"fb-comments\" \n\t\t\t  \tdata-href = \"https:\/\/diarioavanzada.com.mx\/?p=67864\"\n\t\t\t  \tdata-numposts = \"10\"\n\t\t\t  \tdata-lazy = \"true\"\n\t\t\t\tdata-colorscheme = \"light\"\n\t\t\t\tdata-order-by = \"social\"\n\t\t\t\tdata-mobile=true>\n\t\t\t  <\/div><\/div>\n\t\t  <style>\n\t\t    .fb-background-color {\n\t\t\t\tbackground:  !important;\n\t\t\t}\n\t\t\t.fb_iframe_widget_fluid_desktop iframe {\n\t\t\t    width: 100% !important;\n\t\t\t}\n\t\t  <\/style>\n\t\t  ","protected":false},"excerpt":{"rendered":"<p>\u201cLa Universidad de Colima edita libros para investigadores, docentes y escritores. Sin embargo este libro, al estar hecho por y para estudiantes, es muy valioso\u201d: Christian Torres Ortiz, rector. Colima, M\u00e9xico, Comunicado (06\/12\/2024).- Para cerrar las actividades de festejo por el 84 aniversario de la Universidad de Colima, este viernes se present\u00f3 el libro: \u201cExperiencias [&hellip;]<\/p>\n","protected":false},"author":7,"featured_media":67943,"comment_status":"closed","ping_status":"closed","sticky":false,"template":"","format":"standard","meta":{"_coblocks_attr":"","_coblocks_dimensions":"","_coblocks_responsive_height":"","_coblocks_accordion_ie_support":"","_crdt_document":"","advanced_seo_description":"","jetpack_seo_html_title":"","jetpack_seo_noindex":false,"_jetpack_memberships_contains_paid_content":false,"footnotes":""},"categories":[19,209,7],"tags":[],"class_list":["post-67864","post","type-post","status-publish","format-standard","has-post-thumbnail","hentry","category-colima","category-importantes","category-noticias"],"jetpack_featured_media_url":"https:\/\/diarioavanzada.com.mx\/wp-content\/uploads\/2024\/12\/img_5272-1.jpg","jetpack-related-posts":[],"jetpack_sharing_enabled":true,"amp_enabled":true,"_links":{"self":[{"href":"https:\/\/diarioavanzada.com.mx\/index.php?rest_route=\/wp\/v2\/posts\/67864","targetHints":{"allow":["GET"]}}],"collection":[{"href":"https:\/\/diarioavanzada.com.mx\/index.php?rest_route=\/wp\/v2\/posts"}],"about":[{"href":"https:\/\/diarioavanzada.com.mx\/index.php?rest_route=\/wp\/v2\/types\/post"}],"author":[{"embeddable":true,"href":"https:\/\/diarioavanzada.com.mx\/index.php?rest_route=\/wp\/v2\/users\/7"}],"replies":[{"embeddable":true,"href":"https:\/\/diarioavanzada.com.mx\/index.php?rest_route=%2Fwp%2Fv2%2Fcomments&post=67864"}],"version-history":[{"count":8,"href":"https:\/\/diarioavanzada.com.mx\/index.php?rest_route=\/wp\/v2\/posts\/67864\/revisions"}],"predecessor-version":[{"id":67944,"href":"https:\/\/diarioavanzada.com.mx\/index.php?rest_route=\/wp\/v2\/posts\/67864\/revisions\/67944"}],"wp:featuredmedia":[{"embeddable":true,"href":"https:\/\/diarioavanzada.com.mx\/index.php?rest_route=\/wp\/v2\/media\/67943"}],"wp:attachment":[{"href":"https:\/\/diarioavanzada.com.mx\/index.php?rest_route=%2Fwp%2Fv2%2Fmedia&parent=67864"}],"wp:term":[{"taxonomy":"category","embeddable":true,"href":"https:\/\/diarioavanzada.com.mx\/index.php?rest_route=%2Fwp%2Fv2%2Fcategories&post=67864"},{"taxonomy":"post_tag","embeddable":true,"href":"https:\/\/diarioavanzada.com.mx\/index.php?rest_route=%2Fwp%2Fv2%2Ftags&post=67864"}],"curies":[{"name":"wp","href":"https:\/\/api.w.org\/{rel}","templated":true}]}}