{"id":67843,"date":"2024-12-06T17:48:45","date_gmt":"2024-12-06T23:48:45","guid":{"rendered":"https:\/\/diarioavanzada.com.mx\/?p=67843"},"modified":"2024-12-06T17:50:31","modified_gmt":"2024-12-06T23:50:31","slug":"layda-sansores-designa-como-secretario-de-estado-a-jorge-luis-lavalle-preso-por-el-caso-odebrecht","status":"publish","type":"post","link":"https:\/\/diarioavanzada.com.mx\/?p=67843","title":{"rendered":"Layda Sansores nombra como Secretario de Estado a Jorge Luis Lavalle, implicado en el caso Odebrecht"},"content":{"rendered":"\n<p class=\"p1 wp-block-paragraph\">M\u00e9xico, Avanzada (06\/12\/2024).- El exsenador del PAN Jorge Luis Lavalle Maury, conocido por su presunta implicaci\u00f3n en el caso Odebrecht, fue designado como nuevo titular de la Secretar\u00eda de Desarrollo Econ\u00f3mico de Campeche. El anuncio, realizado el pasado martes 3 de diciembre por la gobernadora Layda Sansores, gener\u00f3 controversia por los antecedentes judiciales del pol\u00edtico campechano.<\/p>\n\n\n\n<p class=\"p1 wp-block-paragraph\">Lavalle Maury, originario de San Francisco de Campeche, ocup\u00f3 una curul en el Senado entre 2012 y 2018, periodo en el que se vio envuelto en acusaciones de corrupci\u00f3n tras ser se\u00f1alado por Emilio Lozoya, exdirector de Pemex, como receptor de sobornos para respaldar la reforma energ\u00e9tica del expresidente Enrique Pe\u00f1a Nieto. Estas denuncias lo llevaron a ser detenido en marzo de 2021 bajo cargos de cohecho, lavado de dinero y asociaci\u00f3n delictuosa, convirti\u00e9ndose en el \u00fanico pol\u00edtico procesado por el esc\u00e1ndalo Odebrecht. Pas\u00f3 m\u00e1s de un a\u00f1o en prisi\u00f3n preventiva en el Reclusorio Norte antes de obtener libertad bajo fianza en 2022, bajo estrictas medidas de vigilancia.<\/p>\n\n\n\n<p class=\"p1 wp-block-paragraph\">El nombramiento de Lavalle Maury fue anunciado en la cuenta oficial de X (anteriormente Twitter) de Sansores, quien expres\u00f3: \u201cHoy nombr\u00e9 a Jorge Luis Lavalle Maury como nuevo secretario de Desarrollo Econ\u00f3mico, con quien trabajaremos en equipo por el bien de Campeche\u201d. El anuncio sorprendi\u00f3 debido a las cr\u00edticas previas de Sansores hacia el exsenador, a quien hab\u00eda se\u00f1alado como s\u00edmbolo de corrupci\u00f3n en el pasado.<\/p>\n\n\n\n<p class=\"p1 wp-block-paragraph\">La designaci\u00f3n tambi\u00e9n plantea interrogantes sobre la direcci\u00f3n de la pol\u00edtica econ\u00f3mica en Campeche, un estado con desaf\u00edos hist\u00f3ricos en la diversificaci\u00f3n de su econom\u00eda. Seg\u00fan Sansores, el trabajo con Lavalle Maury buscar\u00e1 superar estos retos. Sin embargo, cr\u00edticos cuestionan c\u00f3mo el funcionario manejar\u00e1 esta responsabilidad mientras arrastra un historial legal controvertido.<\/p>\n\n\n\n<p class=\"p1 wp-block-paragraph\">El exsenador asumi\u00f3 el cargo en sustituci\u00f3n de Fernando Humberto Gamboa Rosas. En Quer\u00e9taro y otros estados, figuras de la 4T han evitado pronunciarse sobre la designaci\u00f3n, que para algunos simboliza la contradicci\u00f3n en el discurso anticorrupci\u00f3n de la coalici\u00f3n gobernante. \u201cEl caso de Lavalle es un recordatorio de lo podrido de la pol\u00edtica en M\u00e9xico\u201d, se\u00f1alaron analistas pol\u00edticos.<\/p>\n\n\n\n<p class=\"p1 wp-block-paragraph\"><\/p>\n<div class=\"fb-background-color\">\n\t\t\t  <div \n\t\t\t  \tclass = \"fb-comments\" \n\t\t\t  \tdata-href = \"https:\/\/diarioavanzada.com.mx\/?p=67843\"\n\t\t\t  \tdata-numposts = \"10\"\n\t\t\t  \tdata-lazy = \"true\"\n\t\t\t\tdata-colorscheme = \"light\"\n\t\t\t\tdata-order-by = \"social\"\n\t\t\t\tdata-mobile=true>\n\t\t\t  <\/div><\/div>\n\t\t  <style>\n\t\t    .fb-background-color {\n\t\t\t\tbackground:  !important;\n\t\t\t}\n\t\t\t.fb_iframe_widget_fluid_desktop iframe {\n\t\t\t    width: 100% !important;\n\t\t\t}\n\t\t  <\/style>\n\t\t  ","protected":false},"excerpt":{"rendered":"<p>M\u00e9xico, Avanzada (06\/12\/2024).- El exsenador del PAN Jorge Luis Lavalle Maury, conocido por su presunta implicaci\u00f3n en el caso Odebrecht, fue designado como nuevo titular de la Secretar\u00eda de Desarrollo Econ\u00f3mico de Campeche. El anuncio, realizado el pasado martes 3 de diciembre por la gobernadora Layda Sansores, gener\u00f3 controversia por los antecedentes judiciales del pol\u00edtico [&hellip;]<\/p>\n","protected":false},"author":7,"featured_media":67851,"comment_status":"closed","ping_status":"closed","sticky":false,"template":"","format":"standard","meta":{"_coblocks_attr":"","_coblocks_dimensions":"","_coblocks_responsive_height":"","_coblocks_accordion_ie_support":"","_crdt_document":"","advanced_seo_description":"","jetpack_seo_html_title":"","jetpack_seo_noindex":false,"_jetpack_memberships_contains_paid_content":false,"footnotes":""},"categories":[22,7],"tags":[],"class_list":["post-67843","post","type-post","status-publish","format-standard","has-post-thumbnail","hentry","category-nacion","category-noticias"],"jetpack_featured_media_url":"https:\/\/diarioavanzada.com.mx\/wp-content\/uploads\/2024\/12\/img_1130-1.jpg","jetpack-related-posts":[],"jetpack_sharing_enabled":true,"amp_enabled":true,"_links":{"self":[{"href":"https:\/\/diarioavanzada.com.mx\/index.php?rest_route=\/wp\/v2\/posts\/67843","targetHints":{"allow":["GET"]}}],"collection":[{"href":"https:\/\/diarioavanzada.com.mx\/index.php?rest_route=\/wp\/v2\/posts"}],"about":[{"href":"https:\/\/diarioavanzada.com.mx\/index.php?rest_route=\/wp\/v2\/types\/post"}],"author":[{"embeddable":true,"href":"https:\/\/diarioavanzada.com.mx\/index.php?rest_route=\/wp\/v2\/users\/7"}],"replies":[{"embeddable":true,"href":"https:\/\/diarioavanzada.com.mx\/index.php?rest_route=%2Fwp%2Fv2%2Fcomments&post=67843"}],"version-history":[{"count":2,"href":"https:\/\/diarioavanzada.com.mx\/index.php?rest_route=\/wp\/v2\/posts\/67843\/revisions"}],"predecessor-version":[{"id":67853,"href":"https:\/\/diarioavanzada.com.mx\/index.php?rest_route=\/wp\/v2\/posts\/67843\/revisions\/67853"}],"wp:featuredmedia":[{"embeddable":true,"href":"https:\/\/diarioavanzada.com.mx\/index.php?rest_route=\/wp\/v2\/media\/67851"}],"wp:attachment":[{"href":"https:\/\/diarioavanzada.com.mx\/index.php?rest_route=%2Fwp%2Fv2%2Fmedia&parent=67843"}],"wp:term":[{"taxonomy":"category","embeddable":true,"href":"https:\/\/diarioavanzada.com.mx\/index.php?rest_route=%2Fwp%2Fv2%2Fcategories&post=67843"},{"taxonomy":"post_tag","embeddable":true,"href":"https:\/\/diarioavanzada.com.mx\/index.php?rest_route=%2Fwp%2Fv2%2Ftags&post=67843"}],"curies":[{"name":"wp","href":"https:\/\/api.w.org\/{rel}","templated":true}]}}