{"id":67836,"date":"2024-12-06T11:59:27","date_gmt":"2024-12-06T17:59:27","guid":{"rendered":"https:\/\/diarioavanzada.com.mx\/?p=67836"},"modified":"2024-12-06T12:02:53","modified_gmt":"2024-12-06T18:02:53","slug":"manzanillo-el-motor-logistico-de-mexico-recibira-13-mil-598-mdp-para-su-modernizacion","status":"publish","type":"post","link":"https:\/\/diarioavanzada.com.mx\/?p=67836","title":{"rendered":"Manzanillo, el motor log\u00edstico de M\u00e9xico, recibir\u00e1 13 mil 598 mdp para su modernizaci\u00f3n"},"content":{"rendered":"\n<p class=\"p1 wp-block-paragraph\">Ciudad de M\u00e9xico, Avanzada (06\/12\/2024).- El Gobierno de M\u00e9xico, encabezado por la presidenta Claudia Sheinbaum, anunci\u00f3 una inversi\u00f3n hist\u00f3rica de 32 mil 875.24 millones de pesos para la modernizaci\u00f3n de seis puertos estrat\u00e9gicos. Entre ellos, Manzanillo se posiciona como el principal beneficiario, con un presupuesto de 13 mil 598 millones de pesos, lo que lo consolida como un eje clave en el comercio mar\u00edtimo del pa\u00eds.<\/p>\n\n\n\n<p class=\"p1 wp-block-paragraph\">Durante la conferencia matutina, la presidenta destac\u00f3 que esta inversi\u00f3n no solo mejorar\u00e1 la infraestructura portuaria, sino que tambi\u00e9n contribuir\u00e1 al bienestar de las comunidades locales a trav\u00e9s de los llamados Polos del Bienestar. \u201cNo es solo atraer inversi\u00f3n privada, sino generar bienestar con buenos salarios, acceso a vivienda digna, educaci\u00f3n y salud\u201d, subray\u00f3.<\/p>\n\n\n\n<p class=\"p3 wp-block-paragraph\"><strong>Detalles de la modernizaci\u00f3n en Manzanillo<\/strong><\/p>\n\n\n\n<p class=\"p1 wp-block-paragraph\">La inversi\u00f3n se destinar\u00e1 a ampliar la capacidad de sus dos recintos portuarios:<\/p>\n\n\n\n<p class=\"p4 wp-block-paragraph\">\u2022 Puerto Manzanillo San Pedrito: construcci\u00f3n de un patio para contenedores vac\u00edos, un muelle y d\u00e1rsena de pesca, y dragado de mantenimiento.<\/p>\n\n\n\n<p class=\"p4 wp-block-paragraph\">\u2022 Nuevo Manzanillo: construcci\u00f3n de dos terminales de hidrocarburos, un patio de almacenaje de contenedores, un muelle especializado para pesca de altura, cuatro terminales de contenedores y dragados de construcci\u00f3n. Adem\u00e1s, se habilitar\u00e1 un recinto aduanero capaz de manejar hasta 10 millones de TEUs anuales.<\/p>\n\n\n\n<p class=\"p1 wp-block-paragraph\">El secretario de Marina, almirante Raymundo Pedro Morales \u00c1ngeles, inform\u00f3 que estas mejoras permitir\u00e1n incrementar los ingresos de las Administraciones del Sistema Portuario Nacional (ASIPONA) en 7 mil 500 millones de pesos anuales, as\u00ed como un aumento del 120% en la recaudaci\u00f3n aduanera.<\/p>\n\n\n\n<p class=\"p3 wp-block-paragraph\"><strong>Impacto regional y nacional<\/strong><\/p>\n\n\n\n<p class=\"p1 wp-block-paragraph\">Manzanillo, uno de los principales puertos en el Pac\u00edfico, no solo fortalecer\u00e1 su capacidad para el comercio internacional, sino que tambi\u00e9n impulsar\u00e1 la econom\u00eda local mediante la generaci\u00f3n de empleos y la mejora de servicios para sus trabajadores. Adem\u00e1s, esta modernizaci\u00f3n se suma a los esfuerzos del Corredor Interoce\u00e1nico Istmo de Tehuantepec y el Tren Maya, proyectos destinados a interconectar los principales polos de desarrollo del pa\u00eds.<\/p>\n\n\n\n<p class=\"p1 wp-block-paragraph\">Con esta inversi\u00f3n, Manzanillo se prepara para enfrentar los desaf\u00edos del comercio global y reafirma su posici\u00f3n como el principal puerto de contenedores en M\u00e9xico.<\/p>\n<div class=\"fb-background-color\">\n\t\t\t  <div \n\t\t\t  \tclass = \"fb-comments\" \n\t\t\t  \tdata-href = \"https:\/\/diarioavanzada.com.mx\/?p=67836\"\n\t\t\t  \tdata-numposts = \"10\"\n\t\t\t  \tdata-lazy = \"true\"\n\t\t\t\tdata-colorscheme = \"light\"\n\t\t\t\tdata-order-by = \"social\"\n\t\t\t\tdata-mobile=true>\n\t\t\t  <\/div><\/div>\n\t\t  <style>\n\t\t    .fb-background-color {\n\t\t\t\tbackground:  !important;\n\t\t\t}\n\t\t\t.fb_iframe_widget_fluid_desktop iframe {\n\t\t\t    width: 100% !important;\n\t\t\t}\n\t\t  <\/style>\n\t\t  ","protected":false},"excerpt":{"rendered":"<p>Ciudad de M\u00e9xico, Avanzada (06\/12\/2024).- El Gobierno de M\u00e9xico, encabezado por la presidenta Claudia Sheinbaum, anunci\u00f3 una inversi\u00f3n hist\u00f3rica de 32 mil 875.24 millones de pesos para la modernizaci\u00f3n de seis puertos estrat\u00e9gicos. Entre ellos, Manzanillo se posiciona como el principal beneficiario, con un presupuesto de 13 mil 598 millones de pesos, lo que lo [&hellip;]<\/p>\n","protected":false},"author":7,"featured_media":67835,"comment_status":"closed","ping_status":"closed","sticky":false,"template":"","format":"standard","meta":{"_coblocks_attr":"","_coblocks_dimensions":"","_coblocks_responsive_height":"","_coblocks_accordion_ie_support":"","_crdt_document":"","advanced_seo_description":"","jetpack_seo_html_title":"","jetpack_seo_noindex":false,"_jetpack_memberships_contains_paid_content":false,"footnotes":""},"categories":[19,209],"tags":[],"class_list":["post-67836","post","type-post","status-publish","format-standard","has-post-thumbnail","hentry","category-colima","category-importantes"],"jetpack_featured_media_url":"https:\/\/diarioavanzada.com.mx\/wp-content\/uploads\/2024\/12\/img_5259-1.jpg","jetpack-related-posts":[],"jetpack_sharing_enabled":true,"amp_enabled":true,"_links":{"self":[{"href":"https:\/\/diarioavanzada.com.mx\/index.php?rest_route=\/wp\/v2\/posts\/67836","targetHints":{"allow":["GET"]}}],"collection":[{"href":"https:\/\/diarioavanzada.com.mx\/index.php?rest_route=\/wp\/v2\/posts"}],"about":[{"href":"https:\/\/diarioavanzada.com.mx\/index.php?rest_route=\/wp\/v2\/types\/post"}],"author":[{"embeddable":true,"href":"https:\/\/diarioavanzada.com.mx\/index.php?rest_route=\/wp\/v2\/users\/7"}],"replies":[{"embeddable":true,"href":"https:\/\/diarioavanzada.com.mx\/index.php?rest_route=%2Fwp%2Fv2%2Fcomments&post=67836"}],"version-history":[{"count":1,"href":"https:\/\/diarioavanzada.com.mx\/index.php?rest_route=\/wp\/v2\/posts\/67836\/revisions"}],"predecessor-version":[{"id":67837,"href":"https:\/\/diarioavanzada.com.mx\/index.php?rest_route=\/wp\/v2\/posts\/67836\/revisions\/67837"}],"wp:featuredmedia":[{"embeddable":true,"href":"https:\/\/diarioavanzada.com.mx\/index.php?rest_route=\/wp\/v2\/media\/67835"}],"wp:attachment":[{"href":"https:\/\/diarioavanzada.com.mx\/index.php?rest_route=%2Fwp%2Fv2%2Fmedia&parent=67836"}],"wp:term":[{"taxonomy":"category","embeddable":true,"href":"https:\/\/diarioavanzada.com.mx\/index.php?rest_route=%2Fwp%2Fv2%2Fcategories&post=67836"},{"taxonomy":"post_tag","embeddable":true,"href":"https:\/\/diarioavanzada.com.mx\/index.php?rest_route=%2Fwp%2Fv2%2Ftags&post=67836"}],"curies":[{"name":"wp","href":"https:\/\/api.w.org\/{rel}","templated":true}]}}