{"id":67812,"date":"2024-12-06T08:30:35","date_gmt":"2024-12-06T14:30:35","guid":{"rendered":"https:\/\/diarioavanzada.com.mx\/?p=67812"},"modified":"2024-12-06T08:30:35","modified_gmt":"2024-12-06T14:30:35","slug":"fiscalia-de-queretaro-vincula-a-proceso-a-regidora-de-huimilpan-por-fraude","status":"publish","type":"post","link":"https:\/\/diarioavanzada.com.mx\/?p=67812","title":{"rendered":"Fiscal\u00eda de Quer\u00e9taro vincula a proceso a regidora de Huimilpan por fraude"},"content":{"rendered":"\n<p class=\"wp-block-paragraph\">Quer\u00e9taro, M\u00e9xico, Avanzada (06\/12\/2024).- La Fiscal\u00eda General del Estado de Quer\u00e9taro inform\u00f3 sobre la vinculaci\u00f3n a proceso de una regidora del municipio de Huimilpan, acusada de uso indebido de documentos y fraude en agravio de habitantes de la delegaci\u00f3n de Lagunillas. La imputada permanecer\u00e1 en prisi\u00f3n preventiva mientras enfrenta el proceso penal.<\/p>\n\n\n\n<p class=\"wp-block-paragraph\">La detenci\u00f3n de la regidora ocurri\u00f3 hace seis d\u00edas, luego de que fiscales obtuvieran una orden de aprehensi\u00f3n ejecutada por elementos de la Polic\u00eda de Investigaci\u00f3n del Delito (PID). Durante la audiencia inicial, la acusada utiliz\u00f3 su derecho a la duplicidad del plazo constitucional, lo que pospuso la decisi\u00f3n sobre su situaci\u00f3n jur\u00eddica. En esta reanudaci\u00f3n, el juez determin\u00f3 vincularla a proceso y ratificar la prisi\u00f3n preventiva como medida cautelar.<\/p>\n\n\n\n<p class=\"wp-block-paragraph\">La autoridad judicial otorg\u00f3 un mes para la investigaci\u00f3n complementaria, periodo en el que la Fiscal\u00eda continuar\u00e1 reuniendo pruebas para sustentar las acusaciones.<\/p>\n\n\n\n<p class=\"wp-block-paragraph\">Mart\u00edn Arango, dirigente del Partido Acci\u00f3n Nacional (PAN) en Quer\u00e9taro, confirm\u00f3 que la regidora es simpatizante del partido, pero aclar\u00f3 que no es militante. Este comentario surge en medio de cuestionamientos sobre posibles v\u00ednculos partidistas de la implicada.<\/p>\n\n\n\n<p class=\"wp-block-paragraph\">El caso ha generado atenci\u00f3n debido a la presunta participaci\u00f3n de una funcionaria en un delito que afecta directamente a los ciudadanos de una de las delegaciones del municipio. Las autoridades aseguran que continuar\u00e1n trabajando para esclarecer los hechos y garantizar justicia a las v\u00edctimas.<\/p>\n<div class=\"fb-background-color\">\n\t\t\t  <div \n\t\t\t  \tclass = \"fb-comments\" \n\t\t\t  \tdata-href = \"https:\/\/diarioavanzada.com.mx\/?p=67812\"\n\t\t\t  \tdata-numposts = \"10\"\n\t\t\t  \tdata-lazy = \"true\"\n\t\t\t\tdata-colorscheme = \"light\"\n\t\t\t\tdata-order-by = \"social\"\n\t\t\t\tdata-mobile=true>\n\t\t\t  <\/div><\/div>\n\t\t  <style>\n\t\t    .fb-background-color {\n\t\t\t\tbackground:  !important;\n\t\t\t}\n\t\t\t.fb_iframe_widget_fluid_desktop iframe {\n\t\t\t    width: 100% !important;\n\t\t\t}\n\t\t  <\/style>\n\t\t  ","protected":false},"excerpt":{"rendered":"<p>Quer\u00e9taro, M\u00e9xico, Avanzada (06\/12\/2024).- La Fiscal\u00eda General del Estado de Quer\u00e9taro inform\u00f3 sobre la vinculaci\u00f3n a proceso de una regidora del municipio de Huimilpan, acusada de uso indebido de documentos y fraude en agravio de habitantes de la delegaci\u00f3n de Lagunillas. La imputada permanecer\u00e1 en prisi\u00f3n preventiva mientras enfrenta el proceso penal. La detenci\u00f3n de [&hellip;]<\/p>\n","protected":false},"author":7,"featured_media":67811,"comment_status":"closed","ping_status":"closed","sticky":false,"template":"","format":"standard","meta":{"_coblocks_attr":"","_coblocks_dimensions":"","_coblocks_responsive_height":"","_coblocks_accordion_ie_support":"","_crdt_document":"","advanced_seo_description":"","jetpack_seo_html_title":"","jetpack_seo_noindex":false,"_jetpack_memberships_contains_paid_content":false,"footnotes":""},"categories":[22,231],"tags":[],"class_list":["post-67812","post","type-post","status-publish","format-standard","has-post-thumbnail","hentry","category-nacion","category-seguridad"],"jetpack_featured_media_url":"https:\/\/diarioavanzada.com.mx\/wp-content\/uploads\/2024\/12\/img_1099-1.jpg","jetpack-related-posts":[],"jetpack_sharing_enabled":true,"amp_enabled":true,"_links":{"self":[{"href":"https:\/\/diarioavanzada.com.mx\/index.php?rest_route=\/wp\/v2\/posts\/67812","targetHints":{"allow":["GET"]}}],"collection":[{"href":"https:\/\/diarioavanzada.com.mx\/index.php?rest_route=\/wp\/v2\/posts"}],"about":[{"href":"https:\/\/diarioavanzada.com.mx\/index.php?rest_route=\/wp\/v2\/types\/post"}],"author":[{"embeddable":true,"href":"https:\/\/diarioavanzada.com.mx\/index.php?rest_route=\/wp\/v2\/users\/7"}],"replies":[{"embeddable":true,"href":"https:\/\/diarioavanzada.com.mx\/index.php?rest_route=%2Fwp%2Fv2%2Fcomments&post=67812"}],"version-history":[{"count":0,"href":"https:\/\/diarioavanzada.com.mx\/index.php?rest_route=\/wp\/v2\/posts\/67812\/revisions"}],"wp:featuredmedia":[{"embeddable":true,"href":"https:\/\/diarioavanzada.com.mx\/index.php?rest_route=\/wp\/v2\/media\/67811"}],"wp:attachment":[{"href":"https:\/\/diarioavanzada.com.mx\/index.php?rest_route=%2Fwp%2Fv2%2Fmedia&parent=67812"}],"wp:term":[{"taxonomy":"category","embeddable":true,"href":"https:\/\/diarioavanzada.com.mx\/index.php?rest_route=%2Fwp%2Fv2%2Fcategories&post=67812"},{"taxonomy":"post_tag","embeddable":true,"href":"https:\/\/diarioavanzada.com.mx\/index.php?rest_route=%2Fwp%2Fv2%2Ftags&post=67812"}],"curies":[{"name":"wp","href":"https:\/\/api.w.org\/{rel}","templated":true}]}}