{"id":67810,"date":"2024-12-06T08:05:48","date_gmt":"2024-12-06T14:05:48","guid":{"rendered":"https:\/\/diarioavanzada.com.mx\/?p=67810"},"modified":"2024-12-06T08:05:48","modified_gmt":"2024-12-06T14:05:48","slug":"colima-espera-cielos-despejados-y-ambiente-calido-para-este-dia","status":"publish","type":"post","link":"https:\/\/diarioavanzada.com.mx\/?p=67810","title":{"rendered":"Colima espera cielos despejados y ambiente c\u00e1lido para este d\u00eda"},"content":{"rendered":"\n<p class=\"p1 wp-block-paragraph\">Colima, M\u00e9xico, Avanzada (06\/12\/2024).- El frente fr\u00edo No. 13 y la entrada de humedad del oc\u00e9ano Pac\u00edfico generar\u00e1n intervalos de chubascos, acompa\u00f1ados de posibles descargas el\u00e9ctricas, en Colima. Asimismo, se espera cielo medio nublado durante el d\u00eda y temperaturas m\u00e1ximas de 35 a 40 \u00b0C en la entidad.<\/p>\n\n\n\n<p class=\"p1 wp-block-paragraph\">Por la ma\u00f1ana, prevalecer\u00e1 un ambiente templado en las costas, mientras que en zonas altas se podr\u00edan registrar condiciones fr\u00edas. Por la tarde, el clima ser\u00e1 c\u00e1lido a caluroso.<\/p>\n\n\n\n<p class=\"p1 wp-block-paragraph\">El viento ser\u00e1 de componente oeste con rachas de hasta 40 km\/h, favoreciendo condiciones din\u00e1micas en el Pac\u00edfico Centro.<\/p>\n\n\n\n<p class=\"wp-block-paragraph\"><\/p>\n<div class=\"fb-background-color\">\n\t\t\t  <div \n\t\t\t  \tclass = \"fb-comments\" \n\t\t\t  \tdata-href = \"https:\/\/diarioavanzada.com.mx\/?p=67810\"\n\t\t\t  \tdata-numposts = \"10\"\n\t\t\t  \tdata-lazy = \"true\"\n\t\t\t\tdata-colorscheme = \"light\"\n\t\t\t\tdata-order-by = \"social\"\n\t\t\t\tdata-mobile=true>\n\t\t\t  <\/div><\/div>\n\t\t  <style>\n\t\t    .fb-background-color {\n\t\t\t\tbackground:  !important;\n\t\t\t}\n\t\t\t.fb_iframe_widget_fluid_desktop iframe {\n\t\t\t    width: 100% !important;\n\t\t\t}\n\t\t  <\/style>\n\t\t  ","protected":false},"excerpt":{"rendered":"<p>Colima, M\u00e9xico, Avanzada (06\/12\/2024).- El frente fr\u00edo No. 13 y la entrada de humedad del oc\u00e9ano Pac\u00edfico generar\u00e1n intervalos de chubascos, acompa\u00f1ados de posibles descargas el\u00e9ctricas, en Colima. Asimismo, se espera cielo medio nublado durante el d\u00eda y temperaturas m\u00e1ximas de 35 a 40 \u00b0C en la entidad. Por la ma\u00f1ana, prevalecer\u00e1 un ambiente templado [&hellip;]<\/p>\n","protected":false},"author":7,"featured_media":67809,"comment_status":"closed","ping_status":"closed","sticky":false,"template":"","format":"standard","meta":{"_coblocks_attr":"","_coblocks_dimensions":"","_coblocks_responsive_height":"","_coblocks_accordion_ie_support":"","_crdt_document":"","advanced_seo_description":"","jetpack_seo_html_title":"","jetpack_seo_noindex":false,"_jetpack_memberships_contains_paid_content":false,"footnotes":""},"categories":[19,7],"tags":[],"class_list":["post-67810","post","type-post","status-publish","format-standard","has-post-thumbnail","hentry","category-colima","category-noticias"],"jetpack_featured_media_url":"https:\/\/diarioavanzada.com.mx\/wp-content\/uploads\/2024\/12\/img_0274-1.jpg","jetpack-related-posts":[],"jetpack_sharing_enabled":true,"amp_enabled":true,"_links":{"self":[{"href":"https:\/\/diarioavanzada.com.mx\/index.php?rest_route=\/wp\/v2\/posts\/67810","targetHints":{"allow":["GET"]}}],"collection":[{"href":"https:\/\/diarioavanzada.com.mx\/index.php?rest_route=\/wp\/v2\/posts"}],"about":[{"href":"https:\/\/diarioavanzada.com.mx\/index.php?rest_route=\/wp\/v2\/types\/post"}],"author":[{"embeddable":true,"href":"https:\/\/diarioavanzada.com.mx\/index.php?rest_route=\/wp\/v2\/users\/7"}],"replies":[{"embeddable":true,"href":"https:\/\/diarioavanzada.com.mx\/index.php?rest_route=%2Fwp%2Fv2%2Fcomments&post=67810"}],"version-history":[{"count":0,"href":"https:\/\/diarioavanzada.com.mx\/index.php?rest_route=\/wp\/v2\/posts\/67810\/revisions"}],"wp:featuredmedia":[{"embeddable":true,"href":"https:\/\/diarioavanzada.com.mx\/index.php?rest_route=\/wp\/v2\/media\/67809"}],"wp:attachment":[{"href":"https:\/\/diarioavanzada.com.mx\/index.php?rest_route=%2Fwp%2Fv2%2Fmedia&parent=67810"}],"wp:term":[{"taxonomy":"category","embeddable":true,"href":"https:\/\/diarioavanzada.com.mx\/index.php?rest_route=%2Fwp%2Fv2%2Fcategories&post=67810"},{"taxonomy":"post_tag","embeddable":true,"href":"https:\/\/diarioavanzada.com.mx\/index.php?rest_route=%2Fwp%2Fv2%2Ftags&post=67810"}],"curies":[{"name":"wp","href":"https:\/\/api.w.org\/{rel}","templated":true}]}}