{"id":67793,"date":"2024-12-06T06:12:34","date_gmt":"2024-12-06T12:12:34","guid":{"rendered":"https:\/\/diarioavanzada.com.mx\/?p=67793"},"modified":"2024-12-06T06:12:34","modified_gmt":"2024-12-06T12:12:34","slug":"acelerando-el-desastre-en-seguridad-de-manzanillo","status":"publish","type":"post","link":"https:\/\/diarioavanzada.com.mx\/?p=67793","title":{"rendered":"Acelerando el desastre en seguridad&nbsp;de Manzanillo"},"content":{"rendered":"\n<p class=\"wp-block-paragraph\">Columna<\/p>\n\n\n\n<p class=\"wp-block-paragraph\">El Puercoesp\u00edn&nbsp;<\/p>\n\n\n\n<p class=\"s4 wp-block-paragraph\">En la pasada conferencia de prensa estatal, encabezada por la gobernadora, Rosi&nbsp;Bayardo tuvo la oportunidad de expresar en 2 minutos con 40 segundos todo lo que \u201csabe\u201d de seguridad y lo que est\u00e1 haciendo en Manzanillo&nbsp;en la materia. Su breve discurso nos record\u00f3 aquella Rosi secretaria de Econom\u00eda que se enred\u00f3 todita entre cifras de empleo e inversi\u00f3n y termin\u00f3 despedida de dicha secretar\u00eda, pues confundi\u00f3 la gimnasia con la magnesia. &nbsp;<\/p>\n\n\n\n<p class=\"s4 wp-block-paragraph\">El lenguaje es el instrumento del cerebro para pensar, la capacidad que tenemos para articular ideas nos habla de nuestra capacidad&nbsp;para aplicarlas a la realidad y resolver problemas.<\/p>\n\n\n\n<p class=\"s4 wp-block-paragraph\">2 minutos con 40 segundos habl\u00f3 la presidenta&nbsp;municipal&nbsp;de Manzanillo de que la prioridad&nbsp;de su gobierno&nbsp;es la seguridad, que tiene todo el respaldo de los gobiernos federal y estatal, que la inseguridad es su reto mayor, que tiene muy claro que la ley la obliga a atender la prevenci\u00f3n del delito, pero tambi\u00e9n atiende las causas, que va fortalecer el tema de la tecnolog\u00eda con el apoyo de los gobiernos antes citados, que ya le dieron 7 patrullas -importantes instrumentos para combatir a la delincuencia- donde se invirti\u00f3 una suma millonaria- que ella s\u00ed las recibi\u00f3,&nbsp;no como antes.&nbsp;<\/p>\n\n\n\n<p class=\"s4 wp-block-paragraph\">Despu\u00e9s&nbsp;de escuchar los 2 minutos con 40 segundos uno concluye lo siguiente:<\/p>\n\n\n\n<p class=\"wp-block-paragraph\">1.&nbsp;Que no tiene la m\u00e1s m\u00ednima claridad de la estrategia que est\u00e1 proponiendo el Gobierno de M\u00e9xico en la materia.<\/p>\n\n\n\n<p class=\"wp-block-paragraph\">2.&nbsp;No cuenta con una estrategia local.<\/p>\n\n\n\n<p class=\"wp-block-paragraph\">3.&nbsp;Carece de un mapa de los lugares de municipio donde se focalizan las operaciones de los delincuentes comunes.<\/p>\n\n\n\n<p class=\"wp-block-paragraph\">4.&nbsp;No con la informaci\u00f3n b\u00e1sica o desconoce totalmente c\u00f3mo se va a combatir al crimen organizados.<\/p>\n\n\n\n<p class=\"wp-block-paragraph\">5.&nbsp;Desconoce c\u00f3mo se va a usar la tecnolog\u00eda, la log\u00edstica y la inteligencia policiaca para contener al crimen organizado, considerando que el estado de Colima es de los m\u00e1s violentos a nivel nacional.<\/p>\n\n\n\n<p class=\"wp-block-paragraph\">6.&nbsp;No sabe que tecnolog\u00eda&nbsp;va a&nbsp;aportar Colima y cu\u00e1l el Gobierno de M\u00e9xico.<\/p>\n\n\n\n<p class=\"wp-block-paragraph\">7.&nbsp;En&nbsp;conclusi\u00f3n:&nbsp;no tiene la m\u00e1s remota idea de c\u00f3mo operan la delincuencia com\u00fan y el crimen organizado en Manzanillo. Anda levitando.&nbsp;Sus dos minutos con 40 segundos hablando de seguridad es un galimat\u00edas perfecto.<\/p>\n\n\n\n<p class=\"s4 wp-block-paragraph\">Por lo pronto el Ranking&nbsp;Royals&nbsp;p\u00fablico el 14 de noviembre pasado c\u00f3mo ha avanzado la violencia en las ciudades del mundo considerando los homicidios dolosos por cada 100 mil habitantes.&nbsp;<\/p>\n\n\n\n<p class=\"s4 wp-block-paragraph\">En su reporte denominados Las Ciudades m\u00e1s Peligrosas en Mundo, los primeros cinco lugares son:<\/p>\n\n\n\n<p class=\"wp-block-paragraph\">01.&nbsp;Colima&nbsp;\u200b\u200b\u200b140.32 homicidios dolosos por cada 100 mil habitantes<\/p>\n\n\n\n<p class=\"wp-block-paragraph\">02.&nbsp;Cd. Obreg\u00f3n\u200b\u200b117.83<\/p>\n\n\n\n<p class=\"wp-block-paragraph\">03.&nbsp;Porto -au-&nbsp;Principe\u200b117.24<\/p>\n\n\n\n<p class=\"wp-block-paragraph\">04.&nbsp;Zamora\u200b\u200b\u200b105.13<\/p>\n\n\n\n<p class=\"wp-block-paragraph\">05.&nbsp;Manzanillo\u200b\u200b102.58<\/p>\n\n\n\n<p class=\"s4 wp-block-paragraph\"><\/p>\n\n\n\n<p class=\"s4 wp-block-paragraph\">Como puede observarse seg\u00fan el Ranking&nbsp;RoyalsManzanillo ya entr\u00f3 a los primeros cinco lugares lo cual significa que Rosi Bayardo ha tenido la enorme capacidad de colocar a Manzanillo en los primeros cinco lugares del mundo&nbsp;con p\u00e9sima seguridad p\u00fablica y&nbsp;con ese ritmo terminar\u00e1 ahuyentando al turismo del puerto.<\/p>\n\n\n\n<p class=\"s4 wp-block-paragraph\">Y como dijo Omar Garc\u00eda&nbsp;Harfuch&nbsp;en el programa de Los Periodistas que conducen \u00c1lvaro Delgado y&nbsp;Alejandro P\u00e1ez&nbsp;Varela&nbsp;que&nbsp;la estrategia para contener la violencia depender\u00e1,en grande medida,&nbsp;del liderazgo de los pol\u00edticos locales, es decir, que Rosi&nbsp;e Indira ser\u00e1n las responsable del desastre en proceso en materia de seguridad, seg\u00fan el&nbsp;supersecretarioHarfuch.<\/p>\n<div class=\"fb-background-color\">\n\t\t\t  <div \n\t\t\t  \tclass = \"fb-comments\" \n\t\t\t  \tdata-href = \"https:\/\/diarioavanzada.com.mx\/?p=67793\"\n\t\t\t  \tdata-numposts = \"10\"\n\t\t\t  \tdata-lazy = \"true\"\n\t\t\t\tdata-colorscheme = \"light\"\n\t\t\t\tdata-order-by = \"social\"\n\t\t\t\tdata-mobile=true>\n\t\t\t  <\/div><\/div>\n\t\t  <style>\n\t\t    .fb-background-color {\n\t\t\t\tbackground:  !important;\n\t\t\t}\n\t\t\t.fb_iframe_widget_fluid_desktop iframe {\n\t\t\t    width: 100% !important;\n\t\t\t}\n\t\t  <\/style>\n\t\t  ","protected":false},"excerpt":{"rendered":"<p>Columna El Puercoesp\u00edn&nbsp; En la pasada conferencia de prensa estatal, encabezada por la gobernadora, Rosi&nbsp;Bayardo tuvo la oportunidad de expresar en 2 minutos con 40 segundos todo lo que \u201csabe\u201d de seguridad y lo que est\u00e1 haciendo en Manzanillo&nbsp;en la materia. Su breve discurso nos record\u00f3 aquella Rosi secretaria de Econom\u00eda que se enred\u00f3 todita [&hellip;]<\/p>\n","protected":false},"author":9,"featured_media":67792,"comment_status":"closed","ping_status":"closed","sticky":false,"template":"","format":"standard","meta":{"_coblocks_attr":"","_coblocks_dimensions":"","_coblocks_responsive_height":"","_coblocks_accordion_ie_support":"","advanced_seo_description":"","jetpack_seo_html_title":"","jetpack_seo_noindex":false,"jetpack_seo_schema_type":"","_jetpack_newsletter_access":"","_jetpack_dont_email_post_to_subs":false,"_jetpack_newsletter_tier_id":0,"_jetpack_memberships_contains_paywalled_content":false,"_wpcom_ai_launchpad_first_post":false,"_jetpack_feature_clip_id":0,"_jetpack_memberships_contains_paid_content":false,"footnotes":"","jetpack_post_was_ever_published":false},"categories":[19,209,24],"tags":[],"class_list":["post-67793","post","type-post","status-publish","format-standard","has-post-thumbnail","hentry","category-colima","category-importantes","category-opinion"],"jetpack-related-posts":[],"jetpack_sharing_enabled":true,"amp_enabled":true,"jetpack_featured_media_url":"https:\/\/diarioavanzada.com.mx\/wp-content\/uploads\/2024\/12\/img_5250-1.jpg","_links":{"self":[{"href":"https:\/\/diarioavanzada.com.mx\/index.php?rest_route=\/wp\/v2\/posts\/67793","targetHints":{"allow":["GET"]}}],"collection":[{"href":"https:\/\/diarioavanzada.com.mx\/index.php?rest_route=\/wp\/v2\/posts"}],"about":[{"href":"https:\/\/diarioavanzada.com.mx\/index.php?rest_route=\/wp\/v2\/types\/post"}],"author":[{"embeddable":true,"href":"https:\/\/diarioavanzada.com.mx\/index.php?rest_route=\/wp\/v2\/users\/9"}],"replies":[{"embeddable":true,"href":"https:\/\/diarioavanzada.com.mx\/index.php?rest_route=%2Fwp%2Fv2%2Fcomments&post=67793"}],"version-history":[{"count":1,"href":"https:\/\/diarioavanzada.com.mx\/index.php?rest_route=\/wp\/v2\/posts\/67793\/revisions"}],"predecessor-version":[{"id":67794,"href":"https:\/\/diarioavanzada.com.mx\/index.php?rest_route=\/wp\/v2\/posts\/67793\/revisions\/67794"}],"wp:featuredmedia":[{"embeddable":true,"href":"https:\/\/diarioavanzada.com.mx\/index.php?rest_route=\/wp\/v2\/media\/67792"}],"wp:attachment":[{"href":"https:\/\/diarioavanzada.com.mx\/index.php?rest_route=%2Fwp%2Fv2%2Fmedia&parent=67793"}],"wp:term":[{"taxonomy":"category","embeddable":true,"href":"https:\/\/diarioavanzada.com.mx\/index.php?rest_route=%2Fwp%2Fv2%2Fcategories&post=67793"},{"taxonomy":"post_tag","embeddable":true,"href":"https:\/\/diarioavanzada.com.mx\/index.php?rest_route=%2Fwp%2Fv2%2Ftags&post=67793"}],"curies":[{"name":"wp","href":"https:\/\/api.w.org\/{rel}","templated":true}]}}