{"id":67756,"date":"2024-12-05T20:10:52","date_gmt":"2024-12-06T02:10:52","guid":{"rendered":"https:\/\/diarioavanzada.com.mx\/?p=67756"},"modified":"2024-12-05T20:11:37","modified_gmt":"2024-12-06T02:11:37","slug":"asiste-rector-de-la-udec-a-ceremonia-de-reconocimientos-por-el-dia-del-policia","status":"publish","type":"post","link":"https:\/\/diarioavanzada.com.mx\/?p=67756","title":{"rendered":"Asiste rector de la UdeC a ceremonia de reconocimientos por el D\u00eda del Polic\u00eda"},"content":{"rendered":"\n<p class=\"wp-block-paragraph\">Colima, M\u00e9xico, Avanzada (05\/12\/2024).-&nbsp;El rector de la Universidad de Colima, Christian Jorge Torres Ortiz Zerme\u00f1o, asisti\u00f3 a la ceremonia de celebraci\u00f3n del D\u00eda del Polic\u00eda, en la que se hizo entrega de est\u00edmulos y reconocimientos a elementos de la Secretar\u00eda de Seguridad P\u00fablica. El acto, realizado en instalaciones de la feria de Colima, estuvo encabezado por la gobernadora del estado, Indira Vizca\u00edno Silva, quien destac\u00f3 que el trabajo de las y los buenos polic\u00edas es fundamental para lograr recuperar la paz en el estado. Ameniz\u00f3 el evento el Mariachi Universidad de Colima.<\/p>\n\n\n\n<figure class=\"wp-block-image size-large\"><img loading=\"lazy\" decoding=\"async\" width=\"1024\" height=\"681\" src=\"https:\/\/diarioavanzada.com.mx\/wp-content\/uploads\/2024\/12\/Asiste-rector-a-ceremonia-por-el-Dia-del-Policia-1024x681.jpg\" alt=\"\" class=\"wp-image-67758\" srcset=\"https:\/\/diarioavanzada.com.mx\/wp-content\/uploads\/2024\/12\/Asiste-rector-a-ceremonia-por-el-Dia-del-Policia-1024x681.jpg 1024w, https:\/\/diarioavanzada.com.mx\/wp-content\/uploads\/2024\/12\/Asiste-rector-a-ceremonia-por-el-Dia-del-Policia-300x200.jpg 300w, https:\/\/diarioavanzada.com.mx\/wp-content\/uploads\/2024\/12\/Asiste-rector-a-ceremonia-por-el-Dia-del-Policia-768x511.jpg 768w, https:\/\/diarioavanzada.com.mx\/wp-content\/uploads\/2024\/12\/Asiste-rector-a-ceremonia-por-el-Dia-del-Policia-1200x798.jpg 1200w, https:\/\/diarioavanzada.com.mx\/wp-content\/uploads\/2024\/12\/Asiste-rector-a-ceremonia-por-el-Dia-del-Policia.jpg 1225w\" sizes=\"auto, (max-width: 1024px) 100vw, 1024px\" \/><\/figure>\n\n\n\n<p class=\"wp-block-paragraph\"><\/p>\n<div class=\"fb-background-color\">\n\t\t\t  <div \n\t\t\t  \tclass = \"fb-comments\" \n\t\t\t  \tdata-href = \"https:\/\/diarioavanzada.com.mx\/?p=67756\"\n\t\t\t  \tdata-numposts = \"10\"\n\t\t\t  \tdata-lazy = \"true\"\n\t\t\t\tdata-colorscheme = \"light\"\n\t\t\t\tdata-order-by = \"social\"\n\t\t\t\tdata-mobile=true>\n\t\t\t  <\/div><\/div>\n\t\t  <style>\n\t\t    .fb-background-color {\n\t\t\t\tbackground:  !important;\n\t\t\t}\n\t\t\t.fb_iframe_widget_fluid_desktop iframe {\n\t\t\t    width: 100% !important;\n\t\t\t}\n\t\t  <\/style>\n\t\t  ","protected":false},"excerpt":{"rendered":"<p>Colima, M\u00e9xico, Avanzada (05\/12\/2024).-&nbsp;El rector de la Universidad de Colima, Christian Jorge Torres Ortiz Zerme\u00f1o, asisti\u00f3 a la ceremonia de celebraci\u00f3n del D\u00eda del Polic\u00eda, en la que se hizo entrega de est\u00edmulos y reconocimientos a elementos de la Secretar\u00eda de Seguridad P\u00fablica. El acto, realizado en instalaciones de la feria de Colima, estuvo encabezado [&hellip;]<\/p>\n","protected":false},"author":7,"featured_media":67764,"comment_status":"closed","ping_status":"closed","sticky":false,"template":"","format":"standard","meta":{"_coblocks_attr":"","_coblocks_dimensions":"","_coblocks_responsive_height":"","_coblocks_accordion_ie_support":"","_crdt_document":"","advanced_seo_description":"","jetpack_seo_html_title":"","jetpack_seo_noindex":false,"_jetpack_memberships_contains_paid_content":false,"footnotes":""},"categories":[19,209,7,231],"tags":[],"class_list":["post-67756","post","type-post","status-publish","format-standard","has-post-thumbnail","hentry","category-colima","category-importantes","category-noticias","category-seguridad"],"jetpack_featured_media_url":"https:\/\/diarioavanzada.com.mx\/wp-content\/uploads\/2024\/12\/img_5033-1.jpg","jetpack-related-posts":[],"jetpack_sharing_enabled":true,"amp_enabled":true,"_links":{"self":[{"href":"https:\/\/diarioavanzada.com.mx\/index.php?rest_route=\/wp\/v2\/posts\/67756","targetHints":{"allow":["GET"]}}],"collection":[{"href":"https:\/\/diarioavanzada.com.mx\/index.php?rest_route=\/wp\/v2\/posts"}],"about":[{"href":"https:\/\/diarioavanzada.com.mx\/index.php?rest_route=\/wp\/v2\/types\/post"}],"author":[{"embeddable":true,"href":"https:\/\/diarioavanzada.com.mx\/index.php?rest_route=\/wp\/v2\/users\/7"}],"replies":[{"embeddable":true,"href":"https:\/\/diarioavanzada.com.mx\/index.php?rest_route=%2Fwp%2Fv2%2Fcomments&post=67756"}],"version-history":[{"count":5,"href":"https:\/\/diarioavanzada.com.mx\/index.php?rest_route=\/wp\/v2\/posts\/67756\/revisions"}],"predecessor-version":[{"id":67765,"href":"https:\/\/diarioavanzada.com.mx\/index.php?rest_route=\/wp\/v2\/posts\/67756\/revisions\/67765"}],"wp:featuredmedia":[{"embeddable":true,"href":"https:\/\/diarioavanzada.com.mx\/index.php?rest_route=\/wp\/v2\/media\/67764"}],"wp:attachment":[{"href":"https:\/\/diarioavanzada.com.mx\/index.php?rest_route=%2Fwp%2Fv2%2Fmedia&parent=67756"}],"wp:term":[{"taxonomy":"category","embeddable":true,"href":"https:\/\/diarioavanzada.com.mx\/index.php?rest_route=%2Fwp%2Fv2%2Fcategories&post=67756"},{"taxonomy":"post_tag","embeddable":true,"href":"https:\/\/diarioavanzada.com.mx\/index.php?rest_route=%2Fwp%2Fv2%2Ftags&post=67756"}],"curies":[{"name":"wp","href":"https:\/\/api.w.org\/{rel}","templated":true}]}}