{"id":67735,"date":"2024-12-05T20:13:27","date_gmt":"2024-12-06T02:13:27","guid":{"rendered":"https:\/\/diarioavanzada.com.mx\/?p=67735"},"modified":"2024-12-05T20:14:32","modified_gmt":"2024-12-06T02:14:32","slug":"necesario-vincular-las-ciencias-sociales-a-problemas-reales-de-la-sociedad-rector","status":"publish","type":"post","link":"https:\/\/diarioavanzada.com.mx\/?p=67735","title":{"rendered":"Necesario vincular las ciencias sociales a&nbsp;problemas reales de la sociedad: Rector"},"content":{"rendered":"\n<p class=\"wp-block-paragraph\"><em>\u201cEl estudio de las ciencias sociales estaba concentrado en la vida acad\u00e9mica, y me parece fundamental la actividad vinculante, la incidencia del estudio de las ciencias sociales en la resoluci\u00f3n de problemas de la sociedad\u201d, agreg\u00f3 en entrevista.<\/em><\/p>\n\n\n\n<p class=\"wp-block-paragraph\">Colima, M\u00e9xico, Avanzada (05\/12\/2024).- Christian Torres Ortiz Zerme\u00f1o, rector de la Universidad de Colima, al participar en el programa radiof\u00f3nico \u201cVoces CUIS\u201d, transmitido por Universo 94.9, abord\u00f3 los desaf\u00edos y retos actuales de las Ciencias Sociales en las Universidades. El programa celebra los 40 a\u00f1os del Centro Universitario de Investigaciones Sociales.<\/p>\n\n\n\n<p class=\"wp-block-paragraph\">Torres Ortiz dijo que uno de los retos es la vinculaci\u00f3n. \u201cQu\u00e9 tanto somos visibles para la toma de decisiones p\u00fablicas. El estudio de las ciencias sociales estaba concentrado en la vida acad\u00e9mica; durante muchos a\u00f1os as\u00ed fue, y me parece fundamental la actividad vinculante, la incidencia del estudio de las ciencias sociales en la resoluci\u00f3n de problemas de la sociedad\u201d.<\/p>\n\n\n\n<figure class=\"wp-block-image size-large\"><img loading=\"lazy\" decoding=\"async\" width=\"1024\" height=\"681\" src=\"https:\/\/diarioavanzada.com.mx\/wp-content\/uploads\/2024\/12\/Entrevista-al-rector-en-Voces-del-CUIS_b-1024x681.jpg\" alt=\"\" class=\"wp-image-67737\" srcset=\"https:\/\/diarioavanzada.com.mx\/wp-content\/uploads\/2024\/12\/Entrevista-al-rector-en-Voces-del-CUIS_b-1024x681.jpg 1024w, https:\/\/diarioavanzada.com.mx\/wp-content\/uploads\/2024\/12\/Entrevista-al-rector-en-Voces-del-CUIS_b-300x200.jpg 300w, https:\/\/diarioavanzada.com.mx\/wp-content\/uploads\/2024\/12\/Entrevista-al-rector-en-Voces-del-CUIS_b-768x511.jpg 768w, https:\/\/diarioavanzada.com.mx\/wp-content\/uploads\/2024\/12\/Entrevista-al-rector-en-Voces-del-CUIS_b-1200x798.jpg 1200w, https:\/\/diarioavanzada.com.mx\/wp-content\/uploads\/2024\/12\/Entrevista-al-rector-en-Voces-del-CUIS_b.jpg 1225w\" sizes=\"auto, (max-width: 1024px) 100vw, 1024px\" \/><\/figure>\n\n\n\n<p class=\"wp-block-paragraph\">\u201cOtros retos son el estudio transversal desde la ciencia social, la interdisciplinaridad, la transversalidad y visibilidad de las ciencias sociales. En los \u00faltimos a\u00f1os, sobre todo en la educaci\u00f3n superior, especialmente en la privada, hay un propuesta de mercantilizaci\u00f3n de la educaci\u00f3n, y eso nos pone en primer frente a las ciencias sociales, ya que existe otro tipo de formaciones que pueden resultar m\u00e1s atractivas, y las ciencias sociales se han quedado en otro escal\u00f3n\u201d, complet\u00f3.<\/p>\n\n\n\n<p class=\"wp-block-paragraph\">Destac\u00f3 que, si no fuera por la universidad p\u00fablica, dif\u00edcilmente podr\u00edamos mantener la vigencia de las ciencias sociales. Hay que visibilizarlas, tener claro lo que hacen, cu\u00e1les son y sobre todo la aportaci\u00f3n que pueden realizar, no solo en la investigaci\u00f3n, en la academia, sino su incidencia puntual en los grandes problemas sociales que vive un municipio, un estado, pa\u00eds y el planeta\u201d.<\/p>\n\n\n\n<p class=\"wp-block-paragraph\">El rector subray\u00f3 la importancia de construir agendas en las ciencias sociales \u201cen funci\u00f3n de nuestras realidades y necesidades; por ejemplo, \u201cel tema de pobreza me parece fundamental en realidades como la nuestra\u201d. Otro tema donde las ciencias sociales pueden hacer mucho, agreg\u00f3, es el del agua. \u201cQu\u00e9 aportaciones estamos haciendo; eso no solo les corresponde a ciertas disciplinas duras, sino que las ciencias sociales pueden hacer mucho en esta tem\u00e1tica\u201d.&nbsp;<\/p>\n\n\n\n<p class=\"wp-block-paragraph\">Recomend\u00f3 no moverse a partir de modas, sino ver qu\u00e9 aportaciones se hacen para resolver los problemas p\u00fablicos.<\/p>\n\n\n\n<figure class=\"wp-block-image size-large\"><img loading=\"lazy\" decoding=\"async\" width=\"1024\" height=\"681\" src=\"https:\/\/diarioavanzada.com.mx\/wp-content\/uploads\/2024\/12\/Entrevista-al-rector-en-Voces-del-CUIS_a-1024x681.jpg\" alt=\"\" class=\"wp-image-67739\" srcset=\"https:\/\/diarioavanzada.com.mx\/wp-content\/uploads\/2024\/12\/Entrevista-al-rector-en-Voces-del-CUIS_a-1024x681.jpg 1024w, https:\/\/diarioavanzada.com.mx\/wp-content\/uploads\/2024\/12\/Entrevista-al-rector-en-Voces-del-CUIS_a-300x200.jpg 300w, https:\/\/diarioavanzada.com.mx\/wp-content\/uploads\/2024\/12\/Entrevista-al-rector-en-Voces-del-CUIS_a-768x511.jpg 768w, https:\/\/diarioavanzada.com.mx\/wp-content\/uploads\/2024\/12\/Entrevista-al-rector-en-Voces-del-CUIS_a-1200x798.jpg 1200w, https:\/\/diarioavanzada.com.mx\/wp-content\/uploads\/2024\/12\/Entrevista-al-rector-en-Voces-del-CUIS_a.jpg 1225w\" sizes=\"auto, (max-width: 1024px) 100vw, 1024px\" \/><\/figure>\n\n\n\n<p class=\"wp-block-paragraph\">\u201cEl gran desaf\u00edo son las nueva tecnolog\u00edas, c\u00f3mo las incorporamos a los procesos de estudio, de ense\u00f1anza y de investigaci\u00f3n, saber qu\u00e9 se hace de las ciencias sociales. Eso implica capacitaciones y competencias de los cient\u00edficos sociales. La inteligencia artificial, hasta d\u00f3nde y para qu\u00e9 usarla en los procesos educativos. Este mes de septiembre, en sesi\u00f3n de Consejo Universitario, dimos a conocer los lineamientos sobre el uso de la inteligencia artificial en la Universidad de Colima, para establecer las fronteras; esto es, para qu\u00e9 si es \u00fatil y para qu\u00e9 no ser\u00e1 necesaria la inteligencia artificial\u201d, coment\u00f3 el rector.<\/p>\n\n\n\n<p class=\"wp-block-paragraph\">Para terminar, dijo que \u201cantes, de alguna manera ten\u00edamos la certeza que desde la vida p\u00fablica se pod\u00edan conseguir recursos para hacer investigaci\u00f3n; ahora no es as\u00ed. Entonces, tenemos que buscar en otro lado. Las necesidades de la iniciativa privada, que inciden en la vida p\u00fablica, pueden ser un camino para las ciencias sociales y otro es buscar recursos fuera del pa\u00eds o autogenerarlos para realizar investigaciones\u201d.&nbsp;<\/p>\n\n\n\n<p class=\"wp-block-paragraph\">Finalmente, felicit\u00f3 al CUIS por sus 40 aniversario.<\/p>\n\n\n\n<p class=\"wp-block-paragraph\"><\/p>\n<div class=\"fb-background-color\">\n\t\t\t  <div \n\t\t\t  \tclass = \"fb-comments\" \n\t\t\t  \tdata-href = \"https:\/\/diarioavanzada.com.mx\/?p=67735\"\n\t\t\t  \tdata-numposts = \"10\"\n\t\t\t  \tdata-lazy = \"true\"\n\t\t\t\tdata-colorscheme = \"light\"\n\t\t\t\tdata-order-by = \"social\"\n\t\t\t\tdata-mobile=true>\n\t\t\t  <\/div><\/div>\n\t\t  <style>\n\t\t    .fb-background-color {\n\t\t\t\tbackground:  !important;\n\t\t\t}\n\t\t\t.fb_iframe_widget_fluid_desktop iframe {\n\t\t\t    width: 100% !important;\n\t\t\t}\n\t\t  <\/style>\n\t\t  ","protected":false},"excerpt":{"rendered":"<p>\u201cEl estudio de las ciencias sociales estaba concentrado en la vida acad\u00e9mica, y me parece fundamental la actividad vinculante, la incidencia del estudio de las ciencias sociales en la resoluci\u00f3n de problemas de la sociedad\u201d, agreg\u00f3 en entrevista. Colima, M\u00e9xico, Avanzada (05\/12\/2024).- Christian Torres Ortiz Zerme\u00f1o, rector de la Universidad de Colima, al participar en [&hellip;]<\/p>\n","protected":false},"author":7,"featured_media":67767,"comment_status":"closed","ping_status":"closed","sticky":false,"template":"","format":"standard","meta":{"_coblocks_attr":"","_coblocks_dimensions":"","_coblocks_responsive_height":"","_coblocks_accordion_ie_support":"","_crdt_document":"","advanced_seo_description":"","jetpack_seo_html_title":"","jetpack_seo_noindex":false,"_jetpack_memberships_contains_paid_content":false,"footnotes":""},"categories":[19,209,7],"tags":[],"class_list":["post-67735","post","type-post","status-publish","format-standard","has-post-thumbnail","hentry","category-colima","category-importantes","category-noticias"],"jetpack_featured_media_url":"https:\/\/diarioavanzada.com.mx\/wp-content\/uploads\/2024\/12\/img_5034-1.jpg","jetpack-related-posts":[],"jetpack_sharing_enabled":true,"amp_enabled":true,"_links":{"self":[{"href":"https:\/\/diarioavanzada.com.mx\/index.php?rest_route=\/wp\/v2\/posts\/67735","targetHints":{"allow":["GET"]}}],"collection":[{"href":"https:\/\/diarioavanzada.com.mx\/index.php?rest_route=\/wp\/v2\/posts"}],"about":[{"href":"https:\/\/diarioavanzada.com.mx\/index.php?rest_route=\/wp\/v2\/types\/post"}],"author":[{"embeddable":true,"href":"https:\/\/diarioavanzada.com.mx\/index.php?rest_route=\/wp\/v2\/users\/7"}],"replies":[{"embeddable":true,"href":"https:\/\/diarioavanzada.com.mx\/index.php?rest_route=%2Fwp%2Fv2%2Fcomments&post=67735"}],"version-history":[{"count":6,"href":"https:\/\/diarioavanzada.com.mx\/index.php?rest_route=\/wp\/v2\/posts\/67735\/revisions"}],"predecessor-version":[{"id":67768,"href":"https:\/\/diarioavanzada.com.mx\/index.php?rest_route=\/wp\/v2\/posts\/67735\/revisions\/67768"}],"wp:featuredmedia":[{"embeddable":true,"href":"https:\/\/diarioavanzada.com.mx\/index.php?rest_route=\/wp\/v2\/media\/67767"}],"wp:attachment":[{"href":"https:\/\/diarioavanzada.com.mx\/index.php?rest_route=%2Fwp%2Fv2%2Fmedia&parent=67735"}],"wp:term":[{"taxonomy":"category","embeddable":true,"href":"https:\/\/diarioavanzada.com.mx\/index.php?rest_route=%2Fwp%2Fv2%2Fcategories&post=67735"},{"taxonomy":"post_tag","embeddable":true,"href":"https:\/\/diarioavanzada.com.mx\/index.php?rest_route=%2Fwp%2Fv2%2Ftags&post=67735"}],"curies":[{"name":"wp","href":"https:\/\/api.w.org\/{rel}","templated":true}]}}