{"id":67724,"date":"2024-12-05T21:56:24","date_gmt":"2024-12-06T03:56:24","guid":{"rendered":"https:\/\/diarioavanzada.com.mx\/?p=67724"},"modified":"2024-12-05T21:57:43","modified_gmt":"2024-12-06T03:57:43","slug":"tercera-expo-fime-innovacion-y-talento-estudiantil-en-beneficio-de-la-sociedad","status":"publish","type":"post","link":"https:\/\/diarioavanzada.com.mx\/?p=67724","title":{"rendered":"Tercera Expo FIME: Innovaci\u00f3n y talento estudiantil en beneficio de la sociedad"},"content":{"rendered":"\n<p class=\"wp-block-paragraph\"><em>\u201cCon estas exposiciones buscamos fortalecer la vinculaci\u00f3n con \u00e1reas como finanzas y planes de negocios, de manera que los prototipos no solo se queden en ideas, sino que puedan convertirse en empresas sostenibles\u201d: Walter A. Mata.<\/em><\/p>\n\n\n\n<p class=\"wp-block-paragraph\">Colima, M\u00e9xico, Avanzada (05\/12\/2024).-&nbsp;Con gran \u00e9xito se llev\u00f3 a cabo la Tercera Expo FIME, donde estudiantes del s\u00e9ptimo semestre de la Ingenier\u00eda en Computaci\u00f3n Inteligente de la Facultad de Ingenier\u00eda Mec\u00e1nica y El\u00e9ctrica (FIME) de la Universidad de Colima presentaron 11 prototipos innovadores. Los proyectos, desarrollados desde la conceptualizaci\u00f3n hasta su implementaci\u00f3n pr\u00e1ctica, fueron expuestos ante empresarios colimenses con el objetivo de conectar la academia con el sector productivo.<\/p>\n\n\n\n<p class=\"wp-block-paragraph\">Entre los proyectos, destacaron soluciones tecnol\u00f3gicas como una plataforma log\u00edstica para optimizar la operaci\u00f3n de ferreter\u00edas, una pluma inteligente dise\u00f1ada para el control de acceso en residenciales y plazas comerciales, y una red social enfocada en conectar donantes con personas necesitadas. Tambi\u00e9n se presentaron dispositivos como una pulsera inteligente para facilitar la vida de personas con artritis reumatoide, otra destinada a proteger a mujeres en situaciones de riesgo de secuestro, y un joystick (palanca de mando) integrado al manubrio de bicicletas que permite manejar aplicaciones m\u00f3viles de manera segura.<\/p>\n\n\n\n<p class=\"wp-block-paragraph\">Otros prototipos incluyeron un software capaz de mejorar la resoluci\u00f3n de radiograf\u00edas para convertirlas en im\u00e1genes de alta calidad, una aplicaci\u00f3n para organizar fiestas y eventos, una pantalla LED de alta definici\u00f3n dise\u00f1ada para colocarse en la parte posterior de los tel\u00e9fonos celulares, un sistema de apoyo para la planificaci\u00f3n agr\u00edcola en distintas temporadas y un dron dise\u00f1ado para medir la temperatura en estanques pisc\u00edcolas.<\/p>\n\n\n\n<p class=\"wp-block-paragraph\">Los proyectos fueron evaluados por empresarios invitados, entre ellos Lenin Guillermo Mercado Suazo, gerente de LM Rob\u00f3tica, y Aar\u00f3n Eduardo Moya Mart\u00ednez, representante de Corporativo FOEM &amp; CO y MOCE Consultores. Mercado calific\u00f3 los prototipos como \u201cpropuestas innovadoras con potencial m\u00e1s all\u00e1 del \u00e1mbito acad\u00e9mico,\u201d destacando su capacidad para transformarse en art\u00edculos cient\u00edficos, proyectos de graduaci\u00f3n o iniciativas empresariales.<\/p>\n\n\n\n<p class=\"wp-block-paragraph\">Por su parte, Moya enfatiz\u00f3 la importancia de integrar proyecciones financieras y estrategias de mercado en los modelos de negocio. \u201cAunque algunos proyectos tienen un enfoque altruista, es esencial que contemplen la sostenibilidad econ\u00f3mica, ya que toda empresa debe mantenerse operativa a largo plazo\u201d, coment\u00f3.<\/p>\n\n\n\n<p class=\"wp-block-paragraph\">Uno de los desarrollos que capt\u00f3 la atenci\u00f3n fue un joystick integrado al manubrio de bicicletas, creado por Antar Alejandro Ortiz Vega, Antonio Fernando Fern\u00e1ndez Cruz y Jes\u00fas Anahel M\u00e1rquez Nava. Este dispositivo, dise\u00f1ado para mejorar la ergonom\u00eda y<\/p>\n\n\n\n<p class=\"wp-block-paragraph\">seguridad del ciclista, permite controlar aplicaciones m\u00f3viles mediante una conexi\u00f3n Bluetooth utilizando solo un dedo.&nbsp;<\/p>\n\n\n\n<figure class=\"wp-block-image size-large\"><img loading=\"lazy\" decoding=\"async\" width=\"1024\" height=\"681\" src=\"https:\/\/diarioavanzada.com.mx\/wp-content\/uploads\/2024\/12\/Tercera-EXPO-FIME_d-1024x681.jpg\" alt=\"\" class=\"wp-image-67730\" srcset=\"https:\/\/diarioavanzada.com.mx\/wp-content\/uploads\/2024\/12\/Tercera-EXPO-FIME_d-1024x681.jpg 1024w, https:\/\/diarioavanzada.com.mx\/wp-content\/uploads\/2024\/12\/Tercera-EXPO-FIME_d-300x200.jpg 300w, https:\/\/diarioavanzada.com.mx\/wp-content\/uploads\/2024\/12\/Tercera-EXPO-FIME_d-768x511.jpg 768w, https:\/\/diarioavanzada.com.mx\/wp-content\/uploads\/2024\/12\/Tercera-EXPO-FIME_d-1200x798.jpg 1200w, https:\/\/diarioavanzada.com.mx\/wp-content\/uploads\/2024\/12\/Tercera-EXPO-FIME_d.jpg 1225w\" sizes=\"auto, (max-width: 1024px) 100vw, 1024px\" \/><\/figure>\n\n\n\n<p class=\"wp-block-paragraph\">Seg\u00fan Fern\u00e1ndez Cruz, el objetivo es ofrecer un producto compacto, accesible y fabricado con materiales que puedan repararse localmente. \u201cQueremos reducir la dependencia de piezas importadas, principalmente de origen chino, que complican el mantenimiento en M\u00e9xico. Adem\u00e1s, buscamos minimizar el impacto ambiental asociado al desecho de bater\u00edas y otros componentes\u201d, explic\u00f3.<\/p>\n\n\n\n<p class=\"wp-block-paragraph\">Otro proyecto destacado fue ESTELA, un dispositivo dise\u00f1ado por Guadalupe Montserrat Peralta S\u00e1nchez, para aumentar la seguridad de las mujeres mientras caminan por la calle. Este sistema combina tecnolog\u00eda port\u00e1til con una aplicaci\u00f3n m\u00f3vil que emite alertas en caso de desviaciones de rutas seguras previamente registradas. El dispositivo incluye un registro diario que almacena datos como la vestimenta y posibles incidencias, as\u00ed como un mapeo colaborativo de zonas inseguras reportadas por usuarias. En situaciones de emergencia, puede redirigir a una ruta m\u00e1s segura o contactar con l\u00edneas de ayuda.<\/p>\n\n\n\n<figure class=\"wp-block-image size-large\"><img loading=\"lazy\" decoding=\"async\" width=\"1024\" height=\"681\" src=\"https:\/\/diarioavanzada.com.mx\/wp-content\/uploads\/2024\/12\/Tercera-EXPO-FIME_b-1024x681.jpg\" alt=\"\" class=\"wp-image-67729\" srcset=\"https:\/\/diarioavanzada.com.mx\/wp-content\/uploads\/2024\/12\/Tercera-EXPO-FIME_b-1024x681.jpg 1024w, https:\/\/diarioavanzada.com.mx\/wp-content\/uploads\/2024\/12\/Tercera-EXPO-FIME_b-300x200.jpg 300w, https:\/\/diarioavanzada.com.mx\/wp-content\/uploads\/2024\/12\/Tercera-EXPO-FIME_b-768x511.jpg 768w, https:\/\/diarioavanzada.com.mx\/wp-content\/uploads\/2024\/12\/Tercera-EXPO-FIME_b-1200x798.jpg 1200w, https:\/\/diarioavanzada.com.mx\/wp-content\/uploads\/2024\/12\/Tercera-EXPO-FIME_b.jpg 1225w\" sizes=\"auto, (max-width: 1024px) 100vw, 1024px\" \/><\/figure>\n\n\n\n<p class=\"wp-block-paragraph\">Tambi\u00e9n llam\u00f3 la atenci\u00f3n I-Learning, una plataforma desarrollada por Ana Isabel S\u00e1nchez Heredia, Rafael Zamora Guerrero y Jes\u00fas Emilio Manzano Morales. Esta herramienta utiliza inteligencia artificial para crear res\u00famenes y cuestionarios din\u00e1micos a partir de clases impartidas, facilitando el estudio tanto para estudiantes como para maestros.&nbsp;<\/p>\n\n\n\n<p class=\"wp-block-paragraph\">\u201cCon el uso de la computadora y el celular podremos tener la informaci\u00f3n en ese momento y ya si el maestro decide evaluar podemos tener material registrado. Adem\u00e1s identifica la forma personal de cada usuario de aprender, ya sean visuales, mediante el texto, la expresi\u00f3n o el sonido.\u201d, se\u00f1al\u00f3 S\u00e1nchez Heredia.<\/p>\n\n\n\n<figure class=\"wp-block-image size-large\"><img loading=\"lazy\" decoding=\"async\" width=\"1024\" height=\"681\" src=\"https:\/\/diarioavanzada.com.mx\/wp-content\/uploads\/2024\/12\/Tercera-EXPO-FIME_c-1024x681.jpg\" alt=\"\" class=\"wp-image-67727\" srcset=\"https:\/\/diarioavanzada.com.mx\/wp-content\/uploads\/2024\/12\/Tercera-EXPO-FIME_c-1024x681.jpg 1024w, https:\/\/diarioavanzada.com.mx\/wp-content\/uploads\/2024\/12\/Tercera-EXPO-FIME_c-300x200.jpg 300w, https:\/\/diarioavanzada.com.mx\/wp-content\/uploads\/2024\/12\/Tercera-EXPO-FIME_c-768x511.jpg 768w, https:\/\/diarioavanzada.com.mx\/wp-content\/uploads\/2024\/12\/Tercera-EXPO-FIME_c-1200x798.jpg 1200w, https:\/\/diarioavanzada.com.mx\/wp-content\/uploads\/2024\/12\/Tercera-EXPO-FIME_c.jpg 1225w\" sizes=\"auto, (max-width: 1024px) 100vw, 1024px\" \/><\/figure>\n\n\n\n<p class=\"wp-block-paragraph\">La Tercera Expo FIME, organizada tradicionalmente al cierre de cada semestre, cont\u00f3 con el apoyo y asesor\u00eda de los profesores Walter Alexander Mata L\u00f3pez, Martha Evangelista y Luis Mor\u00e1n. Los docentes acompa\u00f1aron a los y las estudiantes durante el desarrollo de sus proyectos y fomentaron el enfoque en soluciones viables y de impacto social.<\/p>\n\n\n\n<p class=\"wp-block-paragraph\">Mata L\u00f3pez destac\u00f3 la importancia de trabajar en proyectos longitudinales, es decir, propuestas que los estudiantes inician en los primeros semestres y perfeccionan a lo largo de su carrera. \u201cCon estas exposiciones buscamos fortalecer la vinculaci\u00f3n con \u00e1reas como finanzas y planes de negocios, de manera que los prototipos no solo se queden en ideas, sino que puedan convertirse en empresas sostenibles\u201d, afirm\u00f3.<\/p>\n\n\n\n<figure class=\"wp-block-image size-large\"><img loading=\"lazy\" decoding=\"async\" width=\"1024\" height=\"681\" src=\"https:\/\/diarioavanzada.com.mx\/wp-content\/uploads\/2024\/12\/Tercera-EXPO-FIME-1024x681.jpg\" alt=\"\" class=\"wp-image-67733\" srcset=\"https:\/\/diarioavanzada.com.mx\/wp-content\/uploads\/2024\/12\/Tercera-EXPO-FIME-1024x681.jpg 1024w, https:\/\/diarioavanzada.com.mx\/wp-content\/uploads\/2024\/12\/Tercera-EXPO-FIME-300x200.jpg 300w, https:\/\/diarioavanzada.com.mx\/wp-content\/uploads\/2024\/12\/Tercera-EXPO-FIME-768x511.jpg 768w, https:\/\/diarioavanzada.com.mx\/wp-content\/uploads\/2024\/12\/Tercera-EXPO-FIME-1200x798.jpg 1200w, https:\/\/diarioavanzada.com.mx\/wp-content\/uploads\/2024\/12\/Tercera-EXPO-FIME.jpg 1225w\" sizes=\"auto, (max-width: 1024px) 100vw, 1024px\" \/><\/figure>\n\n\n\n<p class=\"wp-block-paragraph\">La interacci\u00f3n entre estudiantes y empresarios fue enriquecedora, ya que permiti\u00f3 a los j\u00f3venes demostrar la funcionalidad de sus prototipos en un entorno pr\u00e1ctico y recibir retroalimentaci\u00f3n directa. Al cierre del evento, qued\u00f3 claro que la innovaci\u00f3n y el talento de los estudiantes tienen el potencial de impactar positivamente en la sociedad y en el \u00e1mbito empresarial, con propuestas que abordan problemas reales y ofrecen soluciones creativas.<\/p>\n\n\n\n<p class=\"wp-block-paragraph\"><\/p>\n<div class=\"fb-background-color\">\n\t\t\t  <div \n\t\t\t  \tclass = \"fb-comments\" \n\t\t\t  \tdata-href = \"https:\/\/diarioavanzada.com.mx\/?p=67724\"\n\t\t\t  \tdata-numposts = \"10\"\n\t\t\t  \tdata-lazy = \"true\"\n\t\t\t\tdata-colorscheme = \"light\"\n\t\t\t\tdata-order-by = \"social\"\n\t\t\t\tdata-mobile=true>\n\t\t\t  <\/div><\/div>\n\t\t  <style>\n\t\t    .fb-background-color {\n\t\t\t\tbackground:  !important;\n\t\t\t}\n\t\t\t.fb_iframe_widget_fluid_desktop iframe {\n\t\t\t    width: 100% !important;\n\t\t\t}\n\t\t  <\/style>\n\t\t  ","protected":false},"excerpt":{"rendered":"<p>\u201cCon estas exposiciones buscamos fortalecer la vinculaci\u00f3n con \u00e1reas como finanzas y planes de negocios, de manera que los prototipos no solo se queden en ideas, sino que puedan convertirse en empresas sostenibles\u201d: Walter A. Mata. Colima, M\u00e9xico, Avanzada (05\/12\/2024).-&nbsp;Con gran \u00e9xito se llev\u00f3 a cabo la Tercera Expo FIME, donde estudiantes del s\u00e9ptimo semestre [&hellip;]<\/p>\n","protected":false},"author":7,"featured_media":67781,"comment_status":"closed","ping_status":"closed","sticky":false,"template":"","format":"standard","meta":{"_coblocks_attr":"","_coblocks_dimensions":"","_coblocks_responsive_height":"","_coblocks_accordion_ie_support":"","_crdt_document":"","advanced_seo_description":"","jetpack_seo_html_title":"","jetpack_seo_noindex":false,"_jetpack_memberships_contains_paid_content":false,"footnotes":""},"categories":[7],"tags":[],"class_list":["post-67724","post","type-post","status-publish","format-standard","has-post-thumbnail","hentry","category-noticias"],"jetpack_featured_media_url":"https:\/\/diarioavanzada.com.mx\/wp-content\/uploads\/2024\/12\/img_5245-1.jpg","jetpack-related-posts":[],"jetpack_sharing_enabled":true,"amp_enabled":true,"_links":{"self":[{"href":"https:\/\/diarioavanzada.com.mx\/index.php?rest_route=\/wp\/v2\/posts\/67724","targetHints":{"allow":["GET"]}}],"collection":[{"href":"https:\/\/diarioavanzada.com.mx\/index.php?rest_route=\/wp\/v2\/posts"}],"about":[{"href":"https:\/\/diarioavanzada.com.mx\/index.php?rest_route=\/wp\/v2\/types\/post"}],"author":[{"embeddable":true,"href":"https:\/\/diarioavanzada.com.mx\/index.php?rest_route=\/wp\/v2\/users\/7"}],"replies":[{"embeddable":true,"href":"https:\/\/diarioavanzada.com.mx\/index.php?rest_route=%2Fwp%2Fv2%2Fcomments&post=67724"}],"version-history":[{"count":6,"href":"https:\/\/diarioavanzada.com.mx\/index.php?rest_route=\/wp\/v2\/posts\/67724\/revisions"}],"predecessor-version":[{"id":67782,"href":"https:\/\/diarioavanzada.com.mx\/index.php?rest_route=\/wp\/v2\/posts\/67724\/revisions\/67782"}],"wp:featuredmedia":[{"embeddable":true,"href":"https:\/\/diarioavanzada.com.mx\/index.php?rest_route=\/wp\/v2\/media\/67781"}],"wp:attachment":[{"href":"https:\/\/diarioavanzada.com.mx\/index.php?rest_route=%2Fwp%2Fv2%2Fmedia&parent=67724"}],"wp:term":[{"taxonomy":"category","embeddable":true,"href":"https:\/\/diarioavanzada.com.mx\/index.php?rest_route=%2Fwp%2Fv2%2Fcategories&post=67724"},{"taxonomy":"post_tag","embeddable":true,"href":"https:\/\/diarioavanzada.com.mx\/index.php?rest_route=%2Fwp%2Fv2%2Ftags&post=67724"}],"curies":[{"name":"wp","href":"https:\/\/api.w.org\/{rel}","templated":true}]}}