{"id":67682,"date":"2024-12-05T18:15:23","date_gmt":"2024-12-06T00:15:23","guid":{"rendered":"https:\/\/diarioavanzada.com.mx\/?p=67682"},"modified":"2024-12-05T18:18:50","modified_gmt":"2024-12-06T00:18:50","slug":"buscan-a-menor-ricardo-alvarez-morales-desaparecido-en-manzanillo-solicitan-apoyo-ciudadano","status":"publish","type":"post","link":"https:\/\/diarioavanzada.com.mx\/?p=67682","title":{"rendered":"Se busca: Ricardo tiene 16 a\u00f1os, desapareci\u00f3 el 27 de noviembre en Manzanillo"},"content":{"rendered":"\n<p class=\"p1 wp-block-paragraph\">Colima, M\u00e9xico, Avanzada (05\/12\/2024).- La Comisi\u00f3n de B\u00fasqueda de Personas del Estado de Colima emiti\u00f3 una ficha para localizar a Ricardo \u00c1lvarez Morales, un joven de 16 a\u00f1os que desapareci\u00f3 en Manzanillo el pasado 14 de octubre de 2024. Su desaparici\u00f3n fue reportada oficialmente el 27 de noviembre.<\/p>\n\n\n\n<p class=\"p1 wp-block-paragraph\">Ricardo mide 1.60 metros, tiene cara ovalada, frente amplia, cejas pobladas, nariz chica y recta, y boca peque\u00f1a. Su cabello es corto, chino y negro, sus ojos son redondos y de color caf\u00e9 oscuro, y su tez es morena.<\/p>\n\n\n\n<p class=\"p1 wp-block-paragraph\">Entre sus se\u00f1as particulares, Ricardo tiene varios tatuajes: el nombre \u201cRosa\u201d acompa\u00f1ado de un coraz\u00f3n y una cruz en el brazo derecho, la figura de un santo en la cara interna del antebrazo izquierdo y los n\u00fameros \u201c420\u201d en la cara interna de la mu\u00f1eca izquierda.<\/p>\n\n\n\n<p class=\"p1 wp-block-paragraph\">Al momento de su desaparici\u00f3n, vest\u00eda un short rojo y sandalias.<\/p>\n\n\n\n<p class=\"p1 wp-block-paragraph\">Las autoridades solicitan el apoyo de la ciudadan\u00eda para proporcionar cualquier informaci\u00f3n que ayude a dar con su paradero. Para reportes, pueden comunicarse al n\u00famero de la Comisi\u00f3n de B\u00fasqueda de Personas del Estado de Colima: 312 131 3809.<\/p>\n\n\n\n<p class=\"p1 wp-block-paragraph\">La familia de Ricardo y las autoridades hacen un llamado urgente para localizarlo y garantizar su regreso seguro a casa.<\/p>\n\n\n\n<figure class=\"wp-block-image size-large\"><img loading=\"lazy\" decoding=\"async\" width=\"940\" height=\"788\" src=\"https:\/\/diarioavanzada.com.mx\/wp-content\/uploads\/2024\/12\/c8376cba-1d78-4e81-9511-1c5f3ffa4db2-1.jpg\" alt=\"\" class=\"wp-image-67705\" srcset=\"https:\/\/diarioavanzada.com.mx\/wp-content\/uploads\/2024\/12\/c8376cba-1d78-4e81-9511-1c5f3ffa4db2-1.jpg 940w, https:\/\/diarioavanzada.com.mx\/wp-content\/uploads\/2024\/12\/c8376cba-1d78-4e81-9511-1c5f3ffa4db2-1-300x251.jpg 300w, https:\/\/diarioavanzada.com.mx\/wp-content\/uploads\/2024\/12\/c8376cba-1d78-4e81-9511-1c5f3ffa4db2-1-768x644.jpg 768w\" sizes=\"auto, (max-width: 940px) 100vw, 940px\" \/><\/figure>\n<div class=\"fb-background-color\">\n\t\t\t  <div \n\t\t\t  \tclass = \"fb-comments\" \n\t\t\t  \tdata-href = \"https:\/\/diarioavanzada.com.mx\/?p=67682\"\n\t\t\t  \tdata-numposts = \"10\"\n\t\t\t  \tdata-lazy = \"true\"\n\t\t\t\tdata-colorscheme = \"light\"\n\t\t\t\tdata-order-by = \"social\"\n\t\t\t\tdata-mobile=true>\n\t\t\t  <\/div><\/div>\n\t\t  <style>\n\t\t    .fb-background-color {\n\t\t\t\tbackground:  !important;\n\t\t\t}\n\t\t\t.fb_iframe_widget_fluid_desktop iframe {\n\t\t\t    width: 100% !important;\n\t\t\t}\n\t\t  <\/style>\n\t\t  ","protected":false},"excerpt":{"rendered":"<p>Colima, M\u00e9xico, Avanzada (05\/12\/2024).- La Comisi\u00f3n de B\u00fasqueda de Personas del Estado de Colima emiti\u00f3 una ficha para localizar a Ricardo \u00c1lvarez Morales, un joven de 16 a\u00f1os que desapareci\u00f3 en Manzanillo el pasado 14 de octubre de 2024. Su desaparici\u00f3n fue reportada oficialmente el 27 de noviembre. Ricardo mide 1.60 metros, tiene cara ovalada, [&hellip;]<\/p>\n","protected":false},"author":7,"featured_media":67706,"comment_status":"closed","ping_status":"closed","sticky":false,"template":"","format":"standard","meta":{"_coblocks_attr":"","_coblocks_dimensions":"","_coblocks_responsive_height":"","_coblocks_accordion_ie_support":"","_crdt_document":"","advanced_seo_description":"","jetpack_seo_html_title":"","jetpack_seo_noindex":false,"_jetpack_memberships_contains_paid_content":false,"footnotes":""},"categories":[19,209,7,231],"tags":[],"class_list":["post-67682","post","type-post","status-publish","format-standard","has-post-thumbnail","hentry","category-colima","category-importantes","category-noticias","category-seguridad"],"jetpack_featured_media_url":"https:\/\/diarioavanzada.com.mx\/wp-content\/uploads\/2024\/12\/img_5030-1.png","jetpack-related-posts":[],"jetpack_sharing_enabled":true,"amp_enabled":true,"_links":{"self":[{"href":"https:\/\/diarioavanzada.com.mx\/index.php?rest_route=\/wp\/v2\/posts\/67682","targetHints":{"allow":["GET"]}}],"collection":[{"href":"https:\/\/diarioavanzada.com.mx\/index.php?rest_route=\/wp\/v2\/posts"}],"about":[{"href":"https:\/\/diarioavanzada.com.mx\/index.php?rest_route=\/wp\/v2\/types\/post"}],"author":[{"embeddable":true,"href":"https:\/\/diarioavanzada.com.mx\/index.php?rest_route=\/wp\/v2\/users\/7"}],"replies":[{"embeddable":true,"href":"https:\/\/diarioavanzada.com.mx\/index.php?rest_route=%2Fwp%2Fv2%2Fcomments&post=67682"}],"version-history":[{"count":5,"href":"https:\/\/diarioavanzada.com.mx\/index.php?rest_route=\/wp\/v2\/posts\/67682\/revisions"}],"predecessor-version":[{"id":67710,"href":"https:\/\/diarioavanzada.com.mx\/index.php?rest_route=\/wp\/v2\/posts\/67682\/revisions\/67710"}],"wp:featuredmedia":[{"embeddable":true,"href":"https:\/\/diarioavanzada.com.mx\/index.php?rest_route=\/wp\/v2\/media\/67706"}],"wp:attachment":[{"href":"https:\/\/diarioavanzada.com.mx\/index.php?rest_route=%2Fwp%2Fv2%2Fmedia&parent=67682"}],"wp:term":[{"taxonomy":"category","embeddable":true,"href":"https:\/\/diarioavanzada.com.mx\/index.php?rest_route=%2Fwp%2Fv2%2Fcategories&post=67682"},{"taxonomy":"post_tag","embeddable":true,"href":"https:\/\/diarioavanzada.com.mx\/index.php?rest_route=%2Fwp%2Fv2%2Ftags&post=67682"}],"curies":[{"name":"wp","href":"https:\/\/api.w.org\/{rel}","templated":true}]}}