{"id":67680,"date":"2024-12-05T17:36:26","date_gmt":"2024-12-05T23:36:26","guid":{"rendered":"https:\/\/diarioavanzada.com.mx\/?p=67680"},"modified":"2024-12-05T17:37:44","modified_gmt":"2024-12-05T23:37:44","slug":"se-busca-gabriel-tiene-17-anos-desaparecio-el-18-de-julio-en-tecoman","status":"publish","type":"post","link":"https:\/\/diarioavanzada.com.mx\/?p=67680","title":{"rendered":"Se busca: Gabriel tiene 17 a\u00f1os, desapareci\u00f3 el 18 de julio en Tecom\u00e1n"},"content":{"rendered":"\n<p class=\"p1 wp-block-paragraph\">Colima, M\u00e9xico, Avanzada (05\/12\/2024).- La Comisi\u00f3n de B\u00fasqueda de Personas en Colima emiti\u00f3 una alerta para localizar a Gabriel Omar \u00c1valos Gu\u00edzar, un joven de 17 a\u00f1os desaparecido en el municipio de Tecom\u00e1n.<\/p>\n\n\n\n<p class=\"p1 wp-block-paragraph\">Gabriel fue visto por \u00faltima vez el 18 de julio de 2024, aunque su desaparici\u00f3n fue reportada hasta el pasado 26 de noviembre. Seg\u00fan la informaci\u00f3n oficial, mide 1.60 metros, tiene cara ovalada, frente amplia, nariz grande y cabello corto, chino, de color casta\u00f1o oscuro. Sus ojos son peque\u00f1os y de color caf\u00e9 claro, y su tez es blanca.<\/p>\n\n\n\n<p class=\"p1 wp-block-paragraph\">Entre sus se\u00f1as particulares, Gabriel tiene una cicatriz en forma de cortada que se extiende desde el pecho hasta el est\u00f3mago. Adem\u00e1s, presenta dificultad para caminar debido a una discapacidad en uno de sus pies. La vestimenta que llevaba al momento de su desaparici\u00f3n no fue especificada.<\/p>\n\n\n\n<p class=\"p1 wp-block-paragraph\">Las autoridades solicitan el apoyo de la poblaci\u00f3n para obtener cualquier informaci\u00f3n que pueda ayudar a localizarlo. Si alguien cuenta con datos relevantes, puede comunicarse a los n\u00fameros de emergencia o directamente con la Comisi\u00f3n de B\u00fasqueda 312 131 3809.<\/p>\n\n\n\n<p class=\"p1 wp-block-paragraph\">La familia y las autoridades hacen un llamado urgente para dar con su paradero y garantizar su regreso a casa.<\/p>\n\n\n\n<figure class=\"wp-block-image size-large\"><img loading=\"lazy\" decoding=\"async\" width=\"940\" height=\"788\" src=\"https:\/\/diarioavanzada.com.mx\/wp-content\/uploads\/2024\/12\/e77707bb-9b96-4449-adf0-e4a64231b7a4-1.jpg\" alt=\"\" class=\"wp-image-67696\" srcset=\"https:\/\/diarioavanzada.com.mx\/wp-content\/uploads\/2024\/12\/e77707bb-9b96-4449-adf0-e4a64231b7a4-1.jpg 940w, https:\/\/diarioavanzada.com.mx\/wp-content\/uploads\/2024\/12\/e77707bb-9b96-4449-adf0-e4a64231b7a4-1-300x251.jpg 300w, https:\/\/diarioavanzada.com.mx\/wp-content\/uploads\/2024\/12\/e77707bb-9b96-4449-adf0-e4a64231b7a4-1-768x644.jpg 768w\" sizes=\"auto, (max-width: 940px) 100vw, 940px\" \/><\/figure>\n<div class=\"fb-background-color\">\n\t\t\t  <div \n\t\t\t  \tclass = \"fb-comments\" \n\t\t\t  \tdata-href = \"https:\/\/diarioavanzada.com.mx\/?p=67680\"\n\t\t\t  \tdata-numposts = \"10\"\n\t\t\t  \tdata-lazy = \"true\"\n\t\t\t\tdata-colorscheme = \"light\"\n\t\t\t\tdata-order-by = \"social\"\n\t\t\t\tdata-mobile=true>\n\t\t\t  <\/div><\/div>\n\t\t  <style>\n\t\t    .fb-background-color {\n\t\t\t\tbackground:  !important;\n\t\t\t}\n\t\t\t.fb_iframe_widget_fluid_desktop iframe {\n\t\t\t    width: 100% !important;\n\t\t\t}\n\t\t  <\/style>\n\t\t  ","protected":false},"excerpt":{"rendered":"<p>Colima, M\u00e9xico, Avanzada (05\/12\/2024).- La Comisi\u00f3n de B\u00fasqueda de Personas en Colima emiti\u00f3 una alerta para localizar a Gabriel Omar \u00c1valos Gu\u00edzar, un joven de 17 a\u00f1os desaparecido en el municipio de Tecom\u00e1n. Gabriel fue visto por \u00faltima vez el 18 de julio de 2024, aunque su desaparici\u00f3n fue reportada hasta el pasado 26 de [&hellip;]<\/p>\n","protected":false},"author":7,"featured_media":67698,"comment_status":"closed","ping_status":"closed","sticky":false,"template":"","format":"standard","meta":{"_coblocks_attr":"","_coblocks_dimensions":"","_coblocks_responsive_height":"","_coblocks_accordion_ie_support":"","_crdt_document":"","advanced_seo_description":"","jetpack_seo_html_title":"","jetpack_seo_noindex":false,"_jetpack_memberships_contains_paid_content":false,"footnotes":""},"categories":[19,209,7,231],"tags":[],"class_list":["post-67680","post","type-post","status-publish","format-standard","has-post-thumbnail","hentry","category-colima","category-importantes","category-noticias","category-seguridad"],"jetpack_featured_media_url":"https:\/\/diarioavanzada.com.mx\/wp-content\/uploads\/2024\/12\/img_5022-1.png","jetpack-related-posts":[],"jetpack_sharing_enabled":true,"amp_enabled":true,"_links":{"self":[{"href":"https:\/\/diarioavanzada.com.mx\/index.php?rest_route=\/wp\/v2\/posts\/67680","targetHints":{"allow":["GET"]}}],"collection":[{"href":"https:\/\/diarioavanzada.com.mx\/index.php?rest_route=\/wp\/v2\/posts"}],"about":[{"href":"https:\/\/diarioavanzada.com.mx\/index.php?rest_route=\/wp\/v2\/types\/post"}],"author":[{"embeddable":true,"href":"https:\/\/diarioavanzada.com.mx\/index.php?rest_route=\/wp\/v2\/users\/7"}],"replies":[{"embeddable":true,"href":"https:\/\/diarioavanzada.com.mx\/index.php?rest_route=%2Fwp%2Fv2%2Fcomments&post=67680"}],"version-history":[{"count":4,"href":"https:\/\/diarioavanzada.com.mx\/index.php?rest_route=\/wp\/v2\/posts\/67680\/revisions"}],"predecessor-version":[{"id":67701,"href":"https:\/\/diarioavanzada.com.mx\/index.php?rest_route=\/wp\/v2\/posts\/67680\/revisions\/67701"}],"wp:featuredmedia":[{"embeddable":true,"href":"https:\/\/diarioavanzada.com.mx\/index.php?rest_route=\/wp\/v2\/media\/67698"}],"wp:attachment":[{"href":"https:\/\/diarioavanzada.com.mx\/index.php?rest_route=%2Fwp%2Fv2%2Fmedia&parent=67680"}],"wp:term":[{"taxonomy":"category","embeddable":true,"href":"https:\/\/diarioavanzada.com.mx\/index.php?rest_route=%2Fwp%2Fv2%2Fcategories&post=67680"},{"taxonomy":"post_tag","embeddable":true,"href":"https:\/\/diarioavanzada.com.mx\/index.php?rest_route=%2Fwp%2Fv2%2Ftags&post=67680"}],"curies":[{"name":"wp","href":"https:\/\/api.w.org\/{rel}","templated":true}]}}