{"id":67638,"date":"2024-12-05T07:11:30","date_gmt":"2024-12-05T13:11:30","guid":{"rendered":"https:\/\/diarioavanzada.com.mx\/?p=67638"},"modified":"2024-12-05T07:11:30","modified_gmt":"2024-12-05T13:11:30","slug":"sismo-de-magnitud-4-1-se-registra-en-ixtepec-oaxaca","status":"publish","type":"post","link":"https:\/\/diarioavanzada.com.mx\/?p=67638","title":{"rendered":"Sismo de magnitud 4.1 se registra en Ixtepec, Oaxaca"},"content":{"rendered":"\n<p class=\"p1 wp-block-paragraph\">M\u00e9xico, Avanzada (05\/12\/2024).- Un sismo de magnitud 4.1 ocurri\u00f3 la noche del mi\u00e9rcoles 4 de diciembre, a las 23:09 horas, con epicentro ubicado a 12 kil\u00f3metros al suroeste de Ciudad Ixtepec, Oaxaca, inform\u00f3 el Servicio Sismol\u00f3gico Nacional (SSN). Las coordenadas del movimiento tel\u00farico fueron latitud 16.46 y longitud -95.14, con una profundidad de apenas 3 kil\u00f3metros, lo que lo clasifica como un evento superficial.<\/p>\n\n\n\n<p class=\"p1 wp-block-paragraph\">Debido a la baja magnitud, no se reportaron da\u00f1os materiales ni afectaciones a la poblaci\u00f3n, aunque el evento s\u00ed fue perceptible en algunas localidades cercanas. Las autoridades de Protecci\u00f3n Civil monitorean la zona para descartar riesgos y recomiendan a la ciudadan\u00eda mantenerse informada a trav\u00e9s de canales oficiales.<\/p>\n\n\n\n<p class=\"p1 wp-block-paragraph\">Oaxaca, al encontrarse en una de las regiones de mayor actividad s\u00edsmica del pa\u00eds, enfrenta constantemente movimientos tel\u00faricos debido a la interacci\u00f3n de las placas tect\u00f3nicas de Cocos, Norteam\u00e9rica y Caribe.<\/p>\n\n\n\n<p class=\"p1 wp-block-paragraph\">En caso de emergencias, se recuerda a la poblaci\u00f3n seguir el protocolo de seguridad y reportar cualquier incidencia al n\u00famero 911.<\/p>\n<div class=\"fb-background-color\">\n\t\t\t  <div \n\t\t\t  \tclass = \"fb-comments\" \n\t\t\t  \tdata-href = \"https:\/\/diarioavanzada.com.mx\/?p=67638\"\n\t\t\t  \tdata-numposts = \"10\"\n\t\t\t  \tdata-lazy = \"true\"\n\t\t\t\tdata-colorscheme = \"light\"\n\t\t\t\tdata-order-by = \"social\"\n\t\t\t\tdata-mobile=true>\n\t\t\t  <\/div><\/div>\n\t\t  <style>\n\t\t    .fb-background-color {\n\t\t\t\tbackground:  !important;\n\t\t\t}\n\t\t\t.fb_iframe_widget_fluid_desktop iframe {\n\t\t\t    width: 100% !important;\n\t\t\t}\n\t\t  <\/style>\n\t\t  ","protected":false},"excerpt":{"rendered":"<p>M\u00e9xico, Avanzada (05\/12\/2024).- Un sismo de magnitud 4.1 ocurri\u00f3 la noche del mi\u00e9rcoles 4 de diciembre, a las 23:09 horas, con epicentro ubicado a 12 kil\u00f3metros al suroeste de Ciudad Ixtepec, Oaxaca, inform\u00f3 el Servicio Sismol\u00f3gico Nacional (SSN). Las coordenadas del movimiento tel\u00farico fueron latitud 16.46 y longitud -95.14, con una profundidad de apenas 3 [&hellip;]<\/p>\n","protected":false},"author":7,"featured_media":67637,"comment_status":"closed","ping_status":"closed","sticky":false,"template":"","format":"standard","meta":{"_coblocks_attr":"","_coblocks_dimensions":"","_coblocks_responsive_height":"","_coblocks_accordion_ie_support":"","_crdt_document":"","advanced_seo_description":"","jetpack_seo_html_title":"","jetpack_seo_noindex":false,"_jetpack_memberships_contains_paid_content":false,"footnotes":""},"categories":[22,7],"tags":[],"class_list":["post-67638","post","type-post","status-publish","format-standard","has-post-thumbnail","hentry","category-nacion","category-noticias"],"jetpack_featured_media_url":"https:\/\/diarioavanzada.com.mx\/wp-content\/uploads\/2024\/12\/img_0209-1.jpg","jetpack-related-posts":[],"jetpack_sharing_enabled":true,"amp_enabled":true,"_links":{"self":[{"href":"https:\/\/diarioavanzada.com.mx\/index.php?rest_route=\/wp\/v2\/posts\/67638","targetHints":{"allow":["GET"]}}],"collection":[{"href":"https:\/\/diarioavanzada.com.mx\/index.php?rest_route=\/wp\/v2\/posts"}],"about":[{"href":"https:\/\/diarioavanzada.com.mx\/index.php?rest_route=\/wp\/v2\/types\/post"}],"author":[{"embeddable":true,"href":"https:\/\/diarioavanzada.com.mx\/index.php?rest_route=\/wp\/v2\/users\/7"}],"replies":[{"embeddable":true,"href":"https:\/\/diarioavanzada.com.mx\/index.php?rest_route=%2Fwp%2Fv2%2Fcomments&post=67638"}],"version-history":[{"count":0,"href":"https:\/\/diarioavanzada.com.mx\/index.php?rest_route=\/wp\/v2\/posts\/67638\/revisions"}],"wp:featuredmedia":[{"embeddable":true,"href":"https:\/\/diarioavanzada.com.mx\/index.php?rest_route=\/wp\/v2\/media\/67637"}],"wp:attachment":[{"href":"https:\/\/diarioavanzada.com.mx\/index.php?rest_route=%2Fwp%2Fv2%2Fmedia&parent=67638"}],"wp:term":[{"taxonomy":"category","embeddable":true,"href":"https:\/\/diarioavanzada.com.mx\/index.php?rest_route=%2Fwp%2Fv2%2Fcategories&post=67638"},{"taxonomy":"post_tag","embeddable":true,"href":"https:\/\/diarioavanzada.com.mx\/index.php?rest_route=%2Fwp%2Fv2%2Ftags&post=67638"}],"curies":[{"name":"wp","href":"https:\/\/api.w.org\/{rel}","templated":true}]}}