{"id":67546,"date":"2024-12-04T16:28:13","date_gmt":"2024-12-04T22:28:13","guid":{"rendered":"https:\/\/diarioavanzada.com.mx\/?p=67546"},"modified":"2024-12-04T16:28:13","modified_gmt":"2024-12-04T22:28:13","slug":"la-mayoria-de-mujeres-desaparecidas-estan-vinculadas-al-narco-fiscal-de-tabasco","status":"publish","type":"post","link":"https:\/\/diarioavanzada.com.mx\/?p=67546","title":{"rendered":"La mayor\u00eda de mujeres desaparecidas est\u00e1n vinculadas al narco: Fiscal de Tabasco"},"content":{"rendered":"\n<p class=\"p1 wp-block-paragraph\">Tabasco, M\u00e9xico, Avanzada (04\/12\/2024).- El Fiscal General de Tabasco, Jos\u00e9 Barajas Mej\u00eda, gener\u00f3 controversia al declarar que la mayor\u00eda de las mujeres desaparecidas en la entidad est\u00e1n vinculadas a actividades il\u00edcitas. Estas palabras, calificadas por colectivos y expertos como revictimizantes, suscitan&nbsp; preocupaci\u00f3n por la falta de enfoque en las causas estructurales que llevan a la desaparici\u00f3n de mujeres, en lugar de centrar la narrativa en posibles comportamientos de las v\u00edctimas.<\/p>\n\n\n\n<p class=\"p1 wp-block-paragraph\">Seg\u00fan datos oficiales, el 24% de las mujeres desaparecidas en Tabasco tienen entre 15 y 19 a\u00f1os, un rango de edad que evidencia la vulnerabilidad de las adolescentes. En general, el 34% de las personas desaparecidas tienen entre 15 y 24 a\u00f1os, lo que refuerza la necesidad de atender esta problem\u00e1tica desde una perspectiva de derechos humanos.<\/p>\n\n\n\n<p class=\"p1 wp-block-paragraph\">El municipio de Centro, donde se encuentra la capital del estado, concentra la mayor cantidad de casos, con un preocupante aumento de 143 desapariciones en mayo de 2023 a 309 en el mismo mes de 2024. Adem\u00e1s, Huimanguillo y C\u00e1rdenas se posicionan como puntos cr\u00edticos en la incidencia de personas desaparecidas.<\/p>\n\n\n\n<p class=\"p1 wp-block-paragraph\">A pesar de los compromisos anunciados por Barajas Mej\u00eda para fortalecer las investigaciones y la procuraci\u00f3n de justicia, organizaciones sociales se\u00f1alan que las declaraciones del fiscal invisibilizan el contexto de violencia estructural que afecta a las mujeres en Tabasco. \u201cEs fundamental que las autoridades aborden estos casos desde un enfoque sensible, evitando la revictimizaci\u00f3n de quienes sufren desaparici\u00f3n y de sus familias\u201d, destac\u00f3 un representante de un colectivo local de b\u00fasqueda.<\/p>\n\n\n\n<p class=\"p1 wp-block-paragraph\">Diversos sectores instan a la Fiscal\u00eda de Tabasco a priorizar acciones que enfrenten las causas de fondo de las desapariciones, como la falta de oportunidades, la violencia de g\u00e9nero y la impunidad. Tambi\u00e9n subrayan la importancia de trabajar en conjunto con colectivos ciudadanos y organismos especializados para garantizar que las investigaciones sean eficaces y respetuosas de los derechos de las v\u00edctimas y sus familias.<\/p>\n\n\n\n<p class=\"p1 wp-block-paragraph\"><\/p>\n\n\n\n<figure class=\"wp-block-video\"><div class=\"wp-block-embed__wrapper\">\n<iframe title=\"VideoPress Video Player\" aria-label='VideoPress Video Player' width='740' height='658' src='https:\/\/videopress.com\/embed\/RKFARZzu?cover=1&amp;preloadContent=metadata&amp;useAverageColor=1&amp;hd=0' frameborder='0' allowfullscreen data-resize-to-parent=\"true\" allow='clipboard-write'><\/iframe><script src='https:\/\/v0.wordpress.com\/js\/next\/videopress-iframe.js?m=1725245713'><\/script>\n<\/div><\/figure>\n<div class=\"fb-background-color\">\n\t\t\t  <div \n\t\t\t  \tclass = \"fb-comments\" \n\t\t\t  \tdata-href = \"https:\/\/diarioavanzada.com.mx\/?p=67546\"\n\t\t\t  \tdata-numposts = \"10\"\n\t\t\t  \tdata-lazy = \"true\"\n\t\t\t\tdata-colorscheme = \"light\"\n\t\t\t\tdata-order-by = \"social\"\n\t\t\t\tdata-mobile=true>\n\t\t\t  <\/div><\/div>\n\t\t  <style>\n\t\t    .fb-background-color {\n\t\t\t\tbackground:  !important;\n\t\t\t}\n\t\t\t.fb_iframe_widget_fluid_desktop iframe {\n\t\t\t    width: 100% !important;\n\t\t\t}\n\t\t  <\/style>\n\t\t  ","protected":false},"excerpt":{"rendered":"<p>Tabasco, M\u00e9xico, Avanzada (04\/12\/2024).- El Fiscal General de Tabasco, Jos\u00e9 Barajas Mej\u00eda, gener\u00f3 controversia al declarar que la mayor\u00eda de las mujeres desaparecidas en la entidad est\u00e1n vinculadas a actividades il\u00edcitas. Estas palabras, calificadas por colectivos y expertos como revictimizantes, suscitan&nbsp; preocupaci\u00f3n por la falta de enfoque en las causas estructurales que llevan a la [&hellip;]<\/p>\n","protected":false},"author":7,"featured_media":67545,"comment_status":"closed","ping_status":"closed","sticky":false,"template":"","format":"standard","meta":{"_coblocks_attr":"","_coblocks_dimensions":"","_coblocks_responsive_height":"","_coblocks_accordion_ie_support":"","_crdt_document":"","advanced_seo_description":"","jetpack_seo_html_title":"","jetpack_seo_noindex":false,"_jetpack_memberships_contains_paid_content":false,"footnotes":""},"categories":[22,7],"tags":[],"class_list":["post-67546","post","type-post","status-publish","format-standard","has-post-thumbnail","hentry","category-nacion","category-noticias"],"jetpack_featured_media_url":"https:\/\/diarioavanzada.com.mx\/wp-content\/uploads\/2024\/12\/img_0197-1.jpg","jetpack-related-posts":[],"jetpack_sharing_enabled":true,"amp_enabled":true,"_links":{"self":[{"href":"https:\/\/diarioavanzada.com.mx\/index.php?rest_route=\/wp\/v2\/posts\/67546","targetHints":{"allow":["GET"]}}],"collection":[{"href":"https:\/\/diarioavanzada.com.mx\/index.php?rest_route=\/wp\/v2\/posts"}],"about":[{"href":"https:\/\/diarioavanzada.com.mx\/index.php?rest_route=\/wp\/v2\/types\/post"}],"author":[{"embeddable":true,"href":"https:\/\/diarioavanzada.com.mx\/index.php?rest_route=\/wp\/v2\/users\/7"}],"replies":[{"embeddable":true,"href":"https:\/\/diarioavanzada.com.mx\/index.php?rest_route=%2Fwp%2Fv2%2Fcomments&post=67546"}],"version-history":[{"count":1,"href":"https:\/\/diarioavanzada.com.mx\/index.php?rest_route=\/wp\/v2\/posts\/67546\/revisions"}],"predecessor-version":[{"id":67551,"href":"https:\/\/diarioavanzada.com.mx\/index.php?rest_route=\/wp\/v2\/posts\/67546\/revisions\/67551"}],"wp:featuredmedia":[{"embeddable":true,"href":"https:\/\/diarioavanzada.com.mx\/index.php?rest_route=\/wp\/v2\/media\/67545"}],"wp:attachment":[{"href":"https:\/\/diarioavanzada.com.mx\/index.php?rest_route=%2Fwp%2Fv2%2Fmedia&parent=67546"}],"wp:term":[{"taxonomy":"category","embeddable":true,"href":"https:\/\/diarioavanzada.com.mx\/index.php?rest_route=%2Fwp%2Fv2%2Fcategories&post=67546"},{"taxonomy":"post_tag","embeddable":true,"href":"https:\/\/diarioavanzada.com.mx\/index.php?rest_route=%2Fwp%2Fv2%2Ftags&post=67546"}],"curies":[{"name":"wp","href":"https:\/\/api.w.org\/{rel}","templated":true}]}}