{"id":67426,"date":"2024-12-03T19:36:41","date_gmt":"2024-12-04T01:36:41","guid":{"rendered":"https:\/\/diarioavanzada.com.mx\/?p=67426"},"modified":"2024-12-03T19:36:41","modified_gmt":"2024-12-04T01:36:41","slug":"riult-rivera-anuncia-el-inicio-de-la-campana-de-prevencion-vial-para-diciembre","status":"publish","type":"post","link":"https:\/\/diarioavanzada.com.mx\/?p=67426","title":{"rendered":"Riult Rivera anuncia el inicio de la campa\u00f1a de prevenci\u00f3n vial para diciembre"},"content":{"rendered":"\n<p class=\"wp-block-paragraph\">Colima, M\u00e9xico, Avanzada (03\/12\/2024).- Con el objetivo de garantizar la seguridad de automovilistas, motociclistas y peatones durante las festividades decembrinas, el presidente municipal de Colima, Riult Rivera Guti\u00e9rrez, anunci\u00f3 el inicio de una campa\u00f1a de prevenci\u00f3n vial encabezada por la Direcci\u00f3n de Seguridad P\u00fablica y Vialidad.<\/p>\n\n\n\n<p class=\"p1 wp-block-paragraph\">El alcalde destac\u00f3 que esta estrategia busca lograr un saldo blanco al cierre del a\u00f1o, promoviendo una conducci\u00f3n responsable y la sana convivencia en esta temporada. \u201cQueremos que conduzcan con responsabilidad y as\u00ed salvaguardar la integridad f\u00edsica de todos\u201d, subray\u00f3 Rivera Guti\u00e9rrez.<\/p>\n\n\n\n<p class=\"p1 wp-block-paragraph\">Entre las acciones principales de la campa\u00f1a se encuentra el exhorto a los automovilistas a respetar los l\u00edmites de velocidad, usar el cintur\u00f3n de seguridad, evitar el uso del celular al conducir y abstenerse de manejar bajo los efectos del alcohol o sustancias prohibidas.<\/p>\n\n\n\n<figure class=\"wp-block-image size-large\"><img loading=\"lazy\" decoding=\"async\" width=\"1024\" height=\"682\" src=\"https:\/\/diarioavanzada.com.mx\/wp-content\/uploads\/2024\/12\/e37a7e2b-6f76-49b2-a655-19805155e1b2-1-1024x682.jpg\" class=\"wp-image-67424\" srcset=\"https:\/\/diarioavanzada.com.mx\/wp-content\/uploads\/2024\/12\/e37a7e2b-6f76-49b2-a655-19805155e1b2-1-1024x682.jpg 1024w, https:\/\/diarioavanzada.com.mx\/wp-content\/uploads\/2024\/12\/e37a7e2b-6f76-49b2-a655-19805155e1b2-1-300x200.jpg 300w, https:\/\/diarioavanzada.com.mx\/wp-content\/uploads\/2024\/12\/e37a7e2b-6f76-49b2-a655-19805155e1b2-1-768x512.jpg 768w, https:\/\/diarioavanzada.com.mx\/wp-content\/uploads\/2024\/12\/e37a7e2b-6f76-49b2-a655-19805155e1b2-1-1536x1023.jpg 1536w, https:\/\/diarioavanzada.com.mx\/wp-content\/uploads\/2024\/12\/e37a7e2b-6f76-49b2-a655-19805155e1b2-1.jpg 1600w\" sizes=\"auto, (max-width: 1024px) 100vw, 1024px\" \/><\/figure>\n\n\n\n<p class=\"p1 wp-block-paragraph\">Adem\u00e1s, se implementar\u00e1n operativos de vigilancia en las principales avenidas de la ciudad, donde se medir\u00e1n los l\u00edmites de velocidad y se supervisar\u00e1 el cumplimiento de las normas de tr\u00e1nsito. En caso de infracciones, se realizar\u00e1n llamados de atenci\u00f3n en una primera ocasi\u00f3n, pero las faltas reiteradas ser\u00e1n sancionadas conforme al reglamento.<\/p>\n\n\n\n<p class=\"p1 wp-block-paragraph\">El operativo tambi\u00e9n abarcar\u00e1 a motociclistas, con especial \u00e9nfasis en el uso obligatorio del casco protector y la moderaci\u00f3n del ruido y la velocidad. \u201cLo primordial es salvaguardar su integridad f\u00edsica y prevenir cualquier desgracia que pudiera suscitarse\u201d, a\u00f1adi\u00f3 el edil.<\/p>\n\n\n\n<p class=\"p1 wp-block-paragraph\">La campa\u00f1a busca fomentar una cultura de responsabilidad vial y disfrute seguro de las festividades. \u201cQueremos que todas y todos disfruten sanamente estas celebraciones, con responsabilidad y sin lamentaciones\u201d, concluy\u00f3 Rivera Guti\u00e9rrez.<\/p>\n\n\n\n<p class=\"p1 wp-block-paragraph\">El gobierno municipal reafirm\u00f3 su compromiso con la seguridad de los colimenses y llam\u00f3 a la ciudadan\u00eda a colaborar para hacer de esta temporada un periodo de paz y convivencia responsable.<\/p>\n\n\n\n<figure class=\"wp-block-image size-large\"><img loading=\"lazy\" decoding=\"async\" width=\"1024\" height=\"682\" src=\"https:\/\/diarioavanzada.com.mx\/wp-content\/uploads\/2024\/12\/0d3e1a0d-626f-4af4-9cd2-03233c04fdc0-1-1024x682.jpg\" class=\"wp-image-67423\" srcset=\"https:\/\/diarioavanzada.com.mx\/wp-content\/uploads\/2024\/12\/0d3e1a0d-626f-4af4-9cd2-03233c04fdc0-1-1024x682.jpg 1024w, https:\/\/diarioavanzada.com.mx\/wp-content\/uploads\/2024\/12\/0d3e1a0d-626f-4af4-9cd2-03233c04fdc0-1-300x200.jpg 300w, https:\/\/diarioavanzada.com.mx\/wp-content\/uploads\/2024\/12\/0d3e1a0d-626f-4af4-9cd2-03233c04fdc0-1-768x512.jpg 768w, https:\/\/diarioavanzada.com.mx\/wp-content\/uploads\/2024\/12\/0d3e1a0d-626f-4af4-9cd2-03233c04fdc0-1-1536x1023.jpg 1536w, https:\/\/diarioavanzada.com.mx\/wp-content\/uploads\/2024\/12\/0d3e1a0d-626f-4af4-9cd2-03233c04fdc0-1.jpg 1600w\" sizes=\"auto, (max-width: 1024px) 100vw, 1024px\" \/><\/figure>\n<div class=\"fb-background-color\">\n\t\t\t  <div \n\t\t\t  \tclass = \"fb-comments\" \n\t\t\t  \tdata-href = \"https:\/\/diarioavanzada.com.mx\/?p=67426\"\n\t\t\t  \tdata-numposts = \"10\"\n\t\t\t  \tdata-lazy = \"true\"\n\t\t\t\tdata-colorscheme = \"light\"\n\t\t\t\tdata-order-by = \"social\"\n\t\t\t\tdata-mobile=true>\n\t\t\t  <\/div><\/div>\n\t\t  <style>\n\t\t    .fb-background-color {\n\t\t\t\tbackground:  !important;\n\t\t\t}\n\t\t\t.fb_iframe_widget_fluid_desktop iframe {\n\t\t\t    width: 100% !important;\n\t\t\t}\n\t\t  <\/style>\n\t\t  ","protected":false},"excerpt":{"rendered":"<p>Colima, M\u00e9xico, Avanzada (03\/12\/2024).- Con el objetivo de garantizar la seguridad de automovilistas, motociclistas y peatones durante las festividades decembrinas, el presidente municipal de Colima, Riult Rivera Guti\u00e9rrez, anunci\u00f3 el inicio de una campa\u00f1a de prevenci\u00f3n vial encabezada por la Direcci\u00f3n de Seguridad P\u00fablica y Vialidad. El alcalde destac\u00f3 que esta estrategia busca lograr un [&hellip;]<\/p>\n","protected":false},"author":7,"featured_media":67425,"comment_status":"closed","ping_status":"closed","sticky":false,"template":"","format":"standard","meta":{"_coblocks_attr":"","_coblocks_dimensions":"","_coblocks_responsive_height":"","_coblocks_accordion_ie_support":"","_crdt_document":"","advanced_seo_description":"","jetpack_seo_html_title":"","jetpack_seo_noindex":false,"_jetpack_memberships_contains_paid_content":false,"footnotes":""},"categories":[19,209,21],"tags":[],"class_list":["post-67426","post","type-post","status-publish","format-standard","has-post-thumbnail","hentry","category-colima","category-importantes","category-municipios"],"jetpack_featured_media_url":"https:\/\/diarioavanzada.com.mx\/wp-content\/uploads\/2024\/12\/c9bcc5e4-a5e0-40e4-bb46-b05b2fb79662-1.jpg","jetpack-related-posts":[],"jetpack_sharing_enabled":true,"amp_enabled":true,"_links":{"self":[{"href":"https:\/\/diarioavanzada.com.mx\/index.php?rest_route=\/wp\/v2\/posts\/67426","targetHints":{"allow":["GET"]}}],"collection":[{"href":"https:\/\/diarioavanzada.com.mx\/index.php?rest_route=\/wp\/v2\/posts"}],"about":[{"href":"https:\/\/diarioavanzada.com.mx\/index.php?rest_route=\/wp\/v2\/types\/post"}],"author":[{"embeddable":true,"href":"https:\/\/diarioavanzada.com.mx\/index.php?rest_route=\/wp\/v2\/users\/7"}],"replies":[{"embeddable":true,"href":"https:\/\/diarioavanzada.com.mx\/index.php?rest_route=%2Fwp%2Fv2%2Fcomments&post=67426"}],"version-history":[{"count":0,"href":"https:\/\/diarioavanzada.com.mx\/index.php?rest_route=\/wp\/v2\/posts\/67426\/revisions"}],"wp:featuredmedia":[{"embeddable":true,"href":"https:\/\/diarioavanzada.com.mx\/index.php?rest_route=\/wp\/v2\/media\/67425"}],"wp:attachment":[{"href":"https:\/\/diarioavanzada.com.mx\/index.php?rest_route=%2Fwp%2Fv2%2Fmedia&parent=67426"}],"wp:term":[{"taxonomy":"category","embeddable":true,"href":"https:\/\/diarioavanzada.com.mx\/index.php?rest_route=%2Fwp%2Fv2%2Fcategories&post=67426"},{"taxonomy":"post_tag","embeddable":true,"href":"https:\/\/diarioavanzada.com.mx\/index.php?rest_route=%2Fwp%2Fv2%2Ftags&post=67426"}],"curies":[{"name":"wp","href":"https:\/\/api.w.org\/{rel}","templated":true}]}}