{"id":67409,"date":"2024-12-03T11:21:33","date_gmt":"2024-12-03T17:21:33","guid":{"rendered":"https:\/\/diarioavanzada.com.mx\/?p=67409"},"modified":"2024-12-03T11:25:56","modified_gmt":"2024-12-03T17:25:56","slug":"diputados-avalan-una-carga-mas-para-los-contribuyentes-impuestos-ecologicos","status":"publish","type":"post","link":"https:\/\/diarioavanzada.com.mx\/?p=67409","title":{"rendered":"Diputados avalan una carga m\u00e1s para los contribuyentes: \u201cimpuestos ecol\u00f3gicos\u201d"},"content":{"rendered":"\n<h2 class=\"wp-block-heading\">Editorial<\/h2>\n\n\n\n<p class=\"wp-block-paragraph\">En una de sus \u00faltimas decisiones del a\u00f1o, el Congreso del Estado de Colima aprob\u00f3, con 23 votos a favor, una reforma a la Ley de Hacienda estatal para instaurar los llamados &#8220;impuestos ecol\u00f3gicos&#8221;. Aunque el objetivo declarado es combatir la contaminaci\u00f3n y fomentar tecnolog\u00edas limpias, la medida levanta cuestionamientos sobre su viabilidad, impacto real y posibles fines meramente recaudatorios.<\/p>\n\n\n\n<p class=\"wp-block-paragraph\">La reforma establece que empresas, personas f\u00edsicas, instituciones gubernamentales y organismos descentralizados que emitan gases de efecto invernadero deber\u00e1n pagar una tasa equivalente a cinco veces el valor diario de la Unidad de Medida y Actualizaci\u00f3n (UMA) por cada tonelada de CO2e emitida. Aunque la justificaci\u00f3n t\u00e9cnica incluye referencias al RETC y RENE de la SEMARNAT, as\u00ed como a organismos verificadores acreditados, surgen dudas sobre c\u00f3mo se garantizar\u00e1 la transparencia y precisi\u00f3n en estas mediciones.<\/p>\n\n\n\n<p class=\"wp-block-paragraph\">La implementaci\u00f3n de este impuesto plantea tambi\u00e9n retos para las peque\u00f1as y medianas empresas, que podr\u00edan enfrentarse a costos adicionales significativos. En un contexto econ\u00f3mico ya complicado, \u00bfc\u00f3mo podr\u00e1n ajustarse a estas nuevas obligaciones sin comprometer su viabilidad?<\/p>\n\n\n\n<p class=\"wp-block-paragraph\">Aunque el diputado Jaime Enrique Sotelo Garc\u00eda, del Partido Verde, defendi\u00f3 la medida argumentando la necesidad de reducir la contaminaci\u00f3n, es inevitable preguntarse si el verdadero fin es ambiental o simplemente recaudatorio. El hecho de que los ingresos se destinen al Fideicomiso Ambiental del Estado de Colima no garantiza que se traduzcan en pol\u00edticas concretas y eficaces para mitigar el cambio clim\u00e1tico.<\/p>\n\n\n\n<p class=\"wp-block-paragraph\">Experiencias similares en otras entidades federativas muestran que estos impuestos no siempre cumplen con su objetivo ambiental. Sin una fiscalizaci\u00f3n adecuada y la implementaci\u00f3n de acciones claras, el riesgo es que la medida se convierta en una carga m\u00e1s para los contribuyentes, sin generar beneficios tangibles para el medio ambiente.<\/p>\n\n\n\n<p class=\"wp-block-paragraph\">La reforma tambi\u00e9n deja preguntas sin responder sobre c\u00f3mo se controlar\u00e1 el uso de los recursos obtenidos. Si bien se prev\u00e9 que el impuesto entre en vigor&nbsp;el 1 de enero de 2025&nbsp;y se pague anualmente, falta claridad sobre las acciones espec\u00edficas que se financiar\u00e1n y c\u00f3mo se medir\u00e1 su impacto. Adem\u00e1s, las empresas podr\u00edan optar por trasladar estos costos al consumidor final, lo que incrementar\u00eda el costo de vida en el estado.<\/p>\n\n\n\n<p class=\"wp-block-paragraph\">Si Colima realmente busca posicionarse como un estado comprometido con el medio ambiente, ser\u00eda necesario acompa\u00f1ar esta medida de un programa integral que fomente la transici\u00f3n hacia energ\u00edas limpias y tecnolog\u00edas sostenibles. Sin un plan claro, los &#8220;impuestos ecol\u00f3gicos&#8221; podr\u00edan quedarse en el papel, m\u00e1s como una estrategia fiscal que como una soluci\u00f3n ambiental.<\/p>\n\n\n\n<p class=\"wp-block-paragraph\">La pregunta queda en el aire: \u00bfestamos frente a un verdadero compromiso ambiental o ante un simple maquillaje fiscal disfrazado de ecologismo?<\/p>\n\n\n\n<p class=\"wp-block-paragraph\"><\/p>\n<div class=\"fb-background-color\">\n\t\t\t  <div \n\t\t\t  \tclass = \"fb-comments\" \n\t\t\t  \tdata-href = \"https:\/\/diarioavanzada.com.mx\/?p=67409\"\n\t\t\t  \tdata-numposts = \"10\"\n\t\t\t  \tdata-lazy = \"true\"\n\t\t\t\tdata-colorscheme = \"light\"\n\t\t\t\tdata-order-by = \"social\"\n\t\t\t\tdata-mobile=true>\n\t\t\t  <\/div><\/div>\n\t\t  <style>\n\t\t    .fb-background-color {\n\t\t\t\tbackground:  !important;\n\t\t\t}\n\t\t\t.fb_iframe_widget_fluid_desktop iframe {\n\t\t\t    width: 100% !important;\n\t\t\t}\n\t\t  <\/style>\n\t\t  ","protected":false},"excerpt":{"rendered":"<p>Editorial En una de sus \u00faltimas decisiones del a\u00f1o, el Congreso del Estado de Colima aprob\u00f3, con 23 votos a favor, una reforma a la Ley de Hacienda estatal para instaurar los llamados &#8220;impuestos ecol\u00f3gicos&#8221;. Aunque el objetivo declarado es combatir la contaminaci\u00f3n y fomentar tecnolog\u00edas limpias, la medida levanta cuestionamientos sobre su viabilidad, impacto [&hellip;]<\/p>\n","protected":false},"author":7,"featured_media":67408,"comment_status":"closed","ping_status":"closed","sticky":false,"template":"","format":"standard","meta":{"_coblocks_attr":"","_coblocks_dimensions":"","_coblocks_responsive_height":"","_coblocks_accordion_ie_support":"","_crdt_document":"","advanced_seo_description":"","jetpack_seo_html_title":"","jetpack_seo_noindex":false,"_jetpack_memberships_contains_paid_content":false,"footnotes":""},"categories":[19,209],"tags":[],"class_list":["post-67409","post","type-post","status-publish","format-standard","has-post-thumbnail","hentry","category-colima","category-importantes"],"jetpack_featured_media_url":"https:\/\/diarioavanzada.com.mx\/wp-content\/uploads\/2024\/12\/0d85ea41-bf29-4ac4-bb03-c6e912f7cbc6-1.jpg","jetpack-related-posts":[],"jetpack_sharing_enabled":true,"amp_enabled":true,"_links":{"self":[{"href":"https:\/\/diarioavanzada.com.mx\/index.php?rest_route=\/wp\/v2\/posts\/67409","targetHints":{"allow":["GET"]}}],"collection":[{"href":"https:\/\/diarioavanzada.com.mx\/index.php?rest_route=\/wp\/v2\/posts"}],"about":[{"href":"https:\/\/diarioavanzada.com.mx\/index.php?rest_route=\/wp\/v2\/types\/post"}],"author":[{"embeddable":true,"href":"https:\/\/diarioavanzada.com.mx\/index.php?rest_route=\/wp\/v2\/users\/7"}],"replies":[{"embeddable":true,"href":"https:\/\/diarioavanzada.com.mx\/index.php?rest_route=%2Fwp%2Fv2%2Fcomments&post=67409"}],"version-history":[{"count":1,"href":"https:\/\/diarioavanzada.com.mx\/index.php?rest_route=\/wp\/v2\/posts\/67409\/revisions"}],"predecessor-version":[{"id":67410,"href":"https:\/\/diarioavanzada.com.mx\/index.php?rest_route=\/wp\/v2\/posts\/67409\/revisions\/67410"}],"wp:featuredmedia":[{"embeddable":true,"href":"https:\/\/diarioavanzada.com.mx\/index.php?rest_route=\/wp\/v2\/media\/67408"}],"wp:attachment":[{"href":"https:\/\/diarioavanzada.com.mx\/index.php?rest_route=%2Fwp%2Fv2%2Fmedia&parent=67409"}],"wp:term":[{"taxonomy":"category","embeddable":true,"href":"https:\/\/diarioavanzada.com.mx\/index.php?rest_route=%2Fwp%2Fv2%2Fcategories&post=67409"},{"taxonomy":"post_tag","embeddable":true,"href":"https:\/\/diarioavanzada.com.mx\/index.php?rest_route=%2Fwp%2Fv2%2Ftags&post=67409"}],"curies":[{"name":"wp","href":"https:\/\/api.w.org\/{rel}","templated":true}]}}