{"id":67396,"date":"2024-12-03T08:15:43","date_gmt":"2024-12-03T14:15:43","guid":{"rendered":"https:\/\/diarioavanzada.com.mx\/?p=67396"},"modified":"2024-12-03T08:18:43","modified_gmt":"2024-12-03T14:18:43","slug":"nueve-mil-colimenses-buscaron-empleo-sin-exito-revela-el-inegi","status":"publish","type":"post","link":"https:\/\/diarioavanzada.com.mx\/?p=67396","title":{"rendered":"Nueve mil colimenses buscaron empleo sin \u00e9xito, revela el INEGI"},"content":{"rendered":"\n<p class=\"wp-block-paragraph\">Colima, M\u00e9xico, Avanzada (03\/12\/2024).- El Instituto Nacional de Estad\u00edstica y Geograf\u00eda (INEGI) present\u00f3 los resultados de la Encuesta Nacional de Ocupaci\u00f3n y Empleo (ENOE) correspondientes al tercer trimestre de 2024 y revel\u00f3 que el 2.3 % de la poblaci\u00f3n en edad de laborar busc\u00f3 empleo sin encontrarlo, lo que equivale a 8,834 personas de las 384,080 que integran la poblaci\u00f3n econ\u00f3micamente activa ocupada y desocupada en la entidad.<\/p>\n\n\n\n<p class=\"wp-block-paragraph\">La poblaci\u00f3n desocupada \u2014aquella que no contaba con trabajo pero busc\u00f3 uno en el \u00faltimo mes\u2014 muestra una ligera diferencia entre g\u00e9neros. Para los hombres, el 2.4 % se mantuvo desocupado, mientras que para las mujeres este porcentaje fue del 2.3 %.<\/p>\n\n\n\n<p class=\"wp-block-paragraph\">Adem\u00e1s, el informe destac\u00f3 que la poblaci\u00f3n ocupada disminuy\u00f3 en 3,947 personas respecto al tercer trimestre de 2023, alcanzando un total de 375,094 personas en el tercer trimestre de 2024. Este decremento se observ\u00f3 principalmente entre los hombres, cuya ocupaci\u00f3n cay\u00f3 en 7,364 personas, mientras que la poblaci\u00f3n femenina ocupada aument\u00f3 en 3,417 personas.<\/p>\n\n\n\n<p class=\"wp-block-paragraph\">En cuanto a las actividades econ\u00f3micas, los sectores terciarios concentraron al 72 % de la poblaci\u00f3n ocupada, con un incremento de 2,502 personas respecto al a\u00f1o anterior. Sin embargo, el sector comercio mostr\u00f3 un descenso significativo de 4,332 personas ocupadas, equivalente a una disminuci\u00f3n de un punto porcentual en comparaci\u00f3n con el tercer trimestre de 2023.<\/p>\n\n\n\n<p class=\"wp-block-paragraph\">Por otro lado, las \u00e1reas de transporte, comunicaciones, correo y almacenamiento experimentaron un aumento notable, con 9,732 personas ocupadas adicionales, y los servicios sociales incrementaron en 3,805 personas. Sin embargo, los servicios diversos, que representan el 10.2 % del total de ocupaci\u00f3n, registraron una ca\u00edda de 2,785 trabajadores.<\/p>\n\n\n\n<p class=\"wp-block-paragraph\">El informe tambi\u00e9n resalt\u00f3 que 11.9 % de la Poblaci\u00f3n No Econ\u00f3micamente Activa (PNEA) en Colima estaba disponible para trabajar, es decir, 22,592 personas que no buscaron empleo, pero aceptar\u00edan uno si se&nbsp;los&nbsp;ofrecieran.<\/p>\n<div class=\"fb-background-color\">\n\t\t\t  <div \n\t\t\t  \tclass = \"fb-comments\" \n\t\t\t  \tdata-href = \"https:\/\/diarioavanzada.com.mx\/?p=67396\"\n\t\t\t  \tdata-numposts = \"10\"\n\t\t\t  \tdata-lazy = \"true\"\n\t\t\t\tdata-colorscheme = \"light\"\n\t\t\t\tdata-order-by = \"social\"\n\t\t\t\tdata-mobile=true>\n\t\t\t  <\/div><\/div>\n\t\t  <style>\n\t\t    .fb-background-color {\n\t\t\t\tbackground:  !important;\n\t\t\t}\n\t\t\t.fb_iframe_widget_fluid_desktop iframe {\n\t\t\t    width: 100% !important;\n\t\t\t}\n\t\t  <\/style>\n\t\t  ","protected":false},"excerpt":{"rendered":"<p>Colima, M\u00e9xico, Avanzada (03\/12\/2024).- El Instituto Nacional de Estad\u00edstica y Geograf\u00eda (INEGI) present\u00f3 los resultados de la Encuesta Nacional de Ocupaci\u00f3n y Empleo (ENOE) correspondientes al tercer trimestre de 2024 y revel\u00f3 que el 2.3 % de la poblaci\u00f3n en edad de laborar busc\u00f3 empleo sin encontrarlo, lo que equivale a 8,834 personas de las [&hellip;]<\/p>\n","protected":false},"author":7,"featured_media":67399,"comment_status":"closed","ping_status":"closed","sticky":false,"template":"","format":"standard","meta":{"_coblocks_attr":"","_coblocks_dimensions":"","_coblocks_responsive_height":"","_coblocks_accordion_ie_support":"","_crdt_document":"","advanced_seo_description":"","jetpack_seo_html_title":"","jetpack_seo_noindex":false,"_jetpack_memberships_contains_paid_content":false,"footnotes":""},"categories":[19,209,7],"tags":[],"class_list":["post-67396","post","type-post","status-publish","format-standard","has-post-thumbnail","hentry","category-colima","category-importantes","category-noticias"],"jetpack_featured_media_url":"https:\/\/diarioavanzada.com.mx\/wp-content\/uploads\/2024\/12\/img_4942-1.png","jetpack-related-posts":[],"jetpack_sharing_enabled":true,"amp_enabled":true,"_links":{"self":[{"href":"https:\/\/diarioavanzada.com.mx\/index.php?rest_route=\/wp\/v2\/posts\/67396","targetHints":{"allow":["GET"]}}],"collection":[{"href":"https:\/\/diarioavanzada.com.mx\/index.php?rest_route=\/wp\/v2\/posts"}],"about":[{"href":"https:\/\/diarioavanzada.com.mx\/index.php?rest_route=\/wp\/v2\/types\/post"}],"author":[{"embeddable":true,"href":"https:\/\/diarioavanzada.com.mx\/index.php?rest_route=\/wp\/v2\/users\/7"}],"replies":[{"embeddable":true,"href":"https:\/\/diarioavanzada.com.mx\/index.php?rest_route=%2Fwp%2Fv2%2Fcomments&post=67396"}],"version-history":[{"count":3,"href":"https:\/\/diarioavanzada.com.mx\/index.php?rest_route=\/wp\/v2\/posts\/67396\/revisions"}],"predecessor-version":[{"id":67400,"href":"https:\/\/diarioavanzada.com.mx\/index.php?rest_route=\/wp\/v2\/posts\/67396\/revisions\/67400"}],"wp:featuredmedia":[{"embeddable":true,"href":"https:\/\/diarioavanzada.com.mx\/index.php?rest_route=\/wp\/v2\/media\/67399"}],"wp:attachment":[{"href":"https:\/\/diarioavanzada.com.mx\/index.php?rest_route=%2Fwp%2Fv2%2Fmedia&parent=67396"}],"wp:term":[{"taxonomy":"category","embeddable":true,"href":"https:\/\/diarioavanzada.com.mx\/index.php?rest_route=%2Fwp%2Fv2%2Fcategories&post=67396"},{"taxonomy":"post_tag","embeddable":true,"href":"https:\/\/diarioavanzada.com.mx\/index.php?rest_route=%2Fwp%2Fv2%2Ftags&post=67396"}],"curies":[{"name":"wp","href":"https:\/\/api.w.org\/{rel}","templated":true}]}}