{"id":67395,"date":"2024-12-03T07:47:43","date_gmt":"2024-12-03T13:47:43","guid":{"rendered":"https:\/\/diarioavanzada.com.mx\/?p=67395"},"modified":"2024-12-03T07:47:43","modified_gmt":"2024-12-03T13:47:43","slug":"colima-espera-cielos-despejados-y-ambiente-calido-este-dia","status":"publish","type":"post","link":"https:\/\/diarioavanzada.com.mx\/?p=67395","title":{"rendered":"Colima espera cielos despejados y ambiente c\u00e1lido este d\u00eda"},"content":{"rendered":"\n<p class=\"p1 wp-block-paragraph\">Colima, M\u00e9xico, Avanzada (03\/12\/2024).- En Colima, se espera un clima estable y sin lluvias, con cielo despejado durante toda la jornada, inform\u00f3 el Servicio Meteorol\u00f3gico Nacional. Durante la ma\u00f1ana, el ambiente ser\u00e1 templado en las zonas costeras y fr\u00edo en \u00e1reas altas, mientras que por la tarde las temperaturas alcanzar\u00e1n m\u00e1ximas de entre 30 y 35 grados Celsius, generando un ambiente caluroso.<\/p>\n\n\n\n<p class=\"p1 wp-block-paragraph\">El viento ser\u00e1 de direcci\u00f3n variable, con velocidades de 10 a 20 km\/h. Las condiciones actuales son resultado de una circulaci\u00f3n anticicl\u00f3nica que predomina en niveles medios de la atm\u00f3sfera, manteniendo estabilidad atmosf\u00e9rica en el occidente del pa\u00eds.<\/p>\n\n\n\n<p class=\"p1 wp-block-paragraph\">Se recomienda a la poblaci\u00f3n mantenerse hidratada y tomar precauciones ante el calor durante las horas de mayor radiaci\u00f3n solar.<\/p>\n<div class=\"fb-background-color\">\n\t\t\t  <div \n\t\t\t  \tclass = \"fb-comments\" \n\t\t\t  \tdata-href = \"https:\/\/diarioavanzada.com.mx\/?p=67395\"\n\t\t\t  \tdata-numposts = \"10\"\n\t\t\t  \tdata-lazy = \"true\"\n\t\t\t\tdata-colorscheme = \"light\"\n\t\t\t\tdata-order-by = \"social\"\n\t\t\t\tdata-mobile=true>\n\t\t\t  <\/div><\/div>\n\t\t  <style>\n\t\t    .fb-background-color {\n\t\t\t\tbackground:  !important;\n\t\t\t}\n\t\t\t.fb_iframe_widget_fluid_desktop iframe {\n\t\t\t    width: 100% !important;\n\t\t\t}\n\t\t  <\/style>\n\t\t  ","protected":false},"excerpt":{"rendered":"<p>Colima, M\u00e9xico, Avanzada (03\/12\/2024).- En Colima, se espera un clima estable y sin lluvias, con cielo despejado durante toda la jornada, inform\u00f3 el Servicio Meteorol\u00f3gico Nacional. Durante la ma\u00f1ana, el ambiente ser\u00e1 templado en las zonas costeras y fr\u00edo en \u00e1reas altas, mientras que por la tarde las temperaturas alcanzar\u00e1n m\u00e1ximas de entre 30 y [&hellip;]<\/p>\n","protected":false},"author":7,"featured_media":67394,"comment_status":"closed","ping_status":"closed","sticky":false,"template":"","format":"standard","meta":{"_coblocks_attr":"","_coblocks_dimensions":"","_coblocks_responsive_height":"","_coblocks_accordion_ie_support":"","_crdt_document":"","advanced_seo_description":"","jetpack_seo_html_title":"","jetpack_seo_noindex":false,"_jetpack_memberships_contains_paid_content":false,"footnotes":""},"categories":[19,7],"tags":[],"class_list":["post-67395","post","type-post","status-publish","format-standard","has-post-thumbnail","hentry","category-colima","category-noticias"],"jetpack_featured_media_url":"https:\/\/diarioavanzada.com.mx\/wp-content\/uploads\/2024\/12\/img_0129-1.jpg","jetpack-related-posts":[],"jetpack_sharing_enabled":true,"amp_enabled":true,"_links":{"self":[{"href":"https:\/\/diarioavanzada.com.mx\/index.php?rest_route=\/wp\/v2\/posts\/67395","targetHints":{"allow":["GET"]}}],"collection":[{"href":"https:\/\/diarioavanzada.com.mx\/index.php?rest_route=\/wp\/v2\/posts"}],"about":[{"href":"https:\/\/diarioavanzada.com.mx\/index.php?rest_route=\/wp\/v2\/types\/post"}],"author":[{"embeddable":true,"href":"https:\/\/diarioavanzada.com.mx\/index.php?rest_route=\/wp\/v2\/users\/7"}],"replies":[{"embeddable":true,"href":"https:\/\/diarioavanzada.com.mx\/index.php?rest_route=%2Fwp%2Fv2%2Fcomments&post=67395"}],"version-history":[{"count":0,"href":"https:\/\/diarioavanzada.com.mx\/index.php?rest_route=\/wp\/v2\/posts\/67395\/revisions"}],"wp:featuredmedia":[{"embeddable":true,"href":"https:\/\/diarioavanzada.com.mx\/index.php?rest_route=\/wp\/v2\/media\/67394"}],"wp:attachment":[{"href":"https:\/\/diarioavanzada.com.mx\/index.php?rest_route=%2Fwp%2Fv2%2Fmedia&parent=67395"}],"wp:term":[{"taxonomy":"category","embeddable":true,"href":"https:\/\/diarioavanzada.com.mx\/index.php?rest_route=%2Fwp%2Fv2%2Fcategories&post=67395"},{"taxonomy":"post_tag","embeddable":true,"href":"https:\/\/diarioavanzada.com.mx\/index.php?rest_route=%2Fwp%2Fv2%2Ftags&post=67395"}],"curies":[{"name":"wp","href":"https:\/\/api.w.org\/{rel}","templated":true}]}}