{"id":67384,"date":"2024-12-03T05:15:50","date_gmt":"2024-12-03T11:15:50","guid":{"rendered":"https:\/\/diarioavanzada.com.mx\/?p=67384"},"modified":"2024-12-03T05:15:50","modified_gmt":"2024-12-03T11:15:50","slug":"y-la-fabrica-china-de-camiones-elam-faw","status":"publish","type":"post","link":"https:\/\/diarioavanzada.com.mx\/?p=67384","title":{"rendered":"\u00bfY la f\u00e1brica china de camiones ELAM-FAW?"},"content":{"rendered":"\n<p class=\"s3 wp-block-paragraph\">Columna<\/p>\n\n\n\n<p class=\"s3 wp-block-paragraph\">El Puercoesp\u00edn&nbsp;<\/p>\n\n\n\n<p class=\"s3 wp-block-paragraph\">Corr\u00edan los d\u00edas finales de enero,&nbsp;m\u00e1s o menos el 24 o 25 de enero,&nbsp;cuando la gobernadora de Colima anunci\u00f3 la firma de una carta de intenci\u00f3n con la empresa ELAM-FAW (empresa china) para instalar una planta ensambladora de camiones de carga, con una inversi\u00f3n inicial de 7 mil millones de pesos y la creaci\u00f3n de 300 empleos directos&nbsp;y 650 indirectos.<\/p>\n\n\n\n<p class=\"s7 wp-block-paragraph\">La carta de&nbsp;intenci\u00f3n ten\u00eda el prop\u00f3sito de la instalaci\u00f3n en el estado de una planta ensambladora de camiones de carga. La carta era, seg\u00fan Francisco Rodr\u00edguez Garc\u00eda, titular de la Secretar\u00eda de Desarrollo Econ\u00f3mico de Colima el resultado de un a\u00f1o de negociaciones y gestiones. Se trataba, enfatiz\u00f3 el secretario, de una contribuci\u00f3n de ELAM-FAW al crecimiento econ\u00f3mico de Colima.<\/p>\n\n\n\n<p class=\"s7 wp-block-paragraph\">En esa distante conferencia de prensa Ernesto del Blanco, presidente del Consejo de la Ensambladora Latinoamericana de Camiones (ELAM) dijo que se trataba de una inversi\u00f3n superior al producto interno bruto de la miner\u00eda y de la industria alimentaria.&nbsp;<\/p>\n\n\n\n<p class=\"s7 wp-block-paragraph\">El presidente del Consejo de ELAM-FAW, reconoci\u00f3 y agradeci\u00f3 a la gobernadora, Indira Vizca\u00edno y al equipo de&nbsp;Sedeco, por mantener puertas abiertas para hacer realidad este proyecto y destac\u00f3 que Colima tiene diversas caracter\u00edsticas, como es el caso de Manzanillo -por los ahorros que representar\u00eda en t\u00e9rminos de log\u00edstica hacia distintos lugares del pa\u00eds- y profesionistas, con carreras afines a esa industria.&nbsp;<\/p>\n\n\n\n<p class=\"s7 wp-block-paragraph\">Y cerr\u00f3 su intervenci\u00f3n diciendo: \u201cYo creo que esta noticia no la debemos estar retrasado m\u00e1s de un par de meses y estamos hablando de que llegando tendremos que construir muy r\u00e1pido y esperemos que hacia finales del a\u00f1o podamos estar no solamente poniendo la primera piedra, sino, adem\u00e1s inaugurando (la planta)\u201d.&nbsp;<\/p>\n\n\n\n<p class=\"s7 wp-block-paragraph\">Paso febrero, marzo, abril, mayo, junio, julio, agosto, septiembre, octubre, noviembre y estamos a 3 de diciembre y cero planta ensambladora de camiones chinos.<\/p>\n\n\n\n<p class=\"s7 wp-block-paragraph\">Los concesionarios de ELAM-FAW la timaron.<\/p>\n\n\n\n<p class=\"s7 wp-block-paragraph\">Los concesionarios del transporte p\u00fablico la timaron. Las chatarras siguen circulando.<\/p>\n\n\n\n<p class=\"s7 wp-block-paragraph\">El gobierno de Indira Vizca\u00edno es incapaz de hacer algo por s\u00ed mismo. Solo se dedica a hacer las grandes obras que transforman, es decir: alcantarillas, bodeguitas en las escuelas y techitos. Y al mantenimiento de los edificios los reporta como si su gobierno los hubiera hecho.<\/p>\n\n\n\n<p class=\"s7 wp-block-paragraph\">Y tiene raz\u00f3n cuando dice que lo mejor est\u00e1 por venir, ya falta poco para que ella y sus ineptos miembros de su gobierno se vayan.&nbsp;<\/p>\n\n\n\n<p class=\"s7 wp-block-paragraph\">La carta de intenci\u00f3n gobierno del&nbsp;estado de Colima-ELAM\/FAW pasa al archivo de cosas sin importancia, es decir, al archivo \u00fanico.<\/p>\n<div class=\"fb-background-color\">\n\t\t\t  <div \n\t\t\t  \tclass = \"fb-comments\" \n\t\t\t  \tdata-href = \"https:\/\/diarioavanzada.com.mx\/?p=67384\"\n\t\t\t  \tdata-numposts = \"10\"\n\t\t\t  \tdata-lazy = \"true\"\n\t\t\t\tdata-colorscheme = \"light\"\n\t\t\t\tdata-order-by = \"social\"\n\t\t\t\tdata-mobile=true>\n\t\t\t  <\/div><\/div>\n\t\t  <style>\n\t\t    .fb-background-color {\n\t\t\t\tbackground:  !important;\n\t\t\t}\n\t\t\t.fb_iframe_widget_fluid_desktop iframe {\n\t\t\t    width: 100% !important;\n\t\t\t}\n\t\t  <\/style>\n\t\t  ","protected":false},"excerpt":{"rendered":"<p>Columna El Puercoesp\u00edn&nbsp; Corr\u00edan los d\u00edas finales de enero,&nbsp;m\u00e1s o menos el 24 o 25 de enero,&nbsp;cuando la gobernadora de Colima anunci\u00f3 la firma de una carta de intenci\u00f3n con la empresa ELAM-FAW (empresa china) para instalar una planta ensambladora de camiones de carga, con una inversi\u00f3n inicial de 7 mil millones de pesos y [&hellip;]<\/p>\n","protected":false},"author":9,"featured_media":67383,"comment_status":"closed","ping_status":"closed","sticky":false,"template":"","format":"standard","meta":{"_coblocks_attr":"","_coblocks_dimensions":"","_coblocks_responsive_height":"","_coblocks_accordion_ie_support":"","advanced_seo_description":"","jetpack_seo_html_title":"","jetpack_seo_noindex":false,"jetpack_seo_schema_type":"","_jetpack_newsletter_access":"","_jetpack_dont_email_post_to_subs":false,"_jetpack_newsletter_tier_id":0,"_jetpack_memberships_contains_paywalled_content":false,"_wpcom_ai_launchpad_first_post":false,"_jetpack_feature_clip_id":0,"_jetpack_memberships_contains_paid_content":false,"footnotes":"","jetpack_post_was_ever_published":false},"categories":[19,209,24],"tags":[],"class_list":["post-67384","post","type-post","status-publish","format-standard","has-post-thumbnail","hentry","category-colima","category-importantes","category-opinion"],"jetpack-related-posts":[],"jetpack_sharing_enabled":true,"amp_enabled":true,"jetpack_featured_media_url":"https:\/\/diarioavanzada.com.mx\/wp-content\/uploads\/2024\/12\/img_0888-1.jpg","_links":{"self":[{"href":"https:\/\/diarioavanzada.com.mx\/index.php?rest_route=\/wp\/v2\/posts\/67384","targetHints":{"allow":["GET"]}}],"collection":[{"href":"https:\/\/diarioavanzada.com.mx\/index.php?rest_route=\/wp\/v2\/posts"}],"about":[{"href":"https:\/\/diarioavanzada.com.mx\/index.php?rest_route=\/wp\/v2\/types\/post"}],"author":[{"embeddable":true,"href":"https:\/\/diarioavanzada.com.mx\/index.php?rest_route=\/wp\/v2\/users\/9"}],"replies":[{"embeddable":true,"href":"https:\/\/diarioavanzada.com.mx\/index.php?rest_route=%2Fwp%2Fv2%2Fcomments&post=67384"}],"version-history":[{"count":0,"href":"https:\/\/diarioavanzada.com.mx\/index.php?rest_route=\/wp\/v2\/posts\/67384\/revisions"}],"wp:featuredmedia":[{"embeddable":true,"href":"https:\/\/diarioavanzada.com.mx\/index.php?rest_route=\/wp\/v2\/media\/67383"}],"wp:attachment":[{"href":"https:\/\/diarioavanzada.com.mx\/index.php?rest_route=%2Fwp%2Fv2%2Fmedia&parent=67384"}],"wp:term":[{"taxonomy":"category","embeddable":true,"href":"https:\/\/diarioavanzada.com.mx\/index.php?rest_route=%2Fwp%2Fv2%2Fcategories&post=67384"},{"taxonomy":"post_tag","embeddable":true,"href":"https:\/\/diarioavanzada.com.mx\/index.php?rest_route=%2Fwp%2Fv2%2Ftags&post=67384"}],"curies":[{"name":"wp","href":"https:\/\/api.w.org\/{rel}","templated":true}]}}