{"id":67381,"date":"2024-12-02T23:23:53","date_gmt":"2024-12-03T05:23:53","guid":{"rendered":"https:\/\/diarioavanzada.com.mx\/?p=67381"},"modified":"2024-12-03T19:54:57","modified_gmt":"2024-12-04T01:54:57","slug":"acribillan-a-dos-menores-de-edad-en-manzanillo-estan-heridos","status":"publish","type":"post","link":"https:\/\/diarioavanzada.com.mx\/?p=67381","title":{"rendered":"Acribillan a dos menores de edad en Manzanillo, est\u00e1n heridas"},"content":{"rendered":"\n<p class=\"p1 wp-block-paragraph\">Colima, M\u00e9xico, Avanzada (02\/12\/2024).- La tarde de este lunes, 2 de diciembre, dos menores de edad resultaron heridas tras un ataque a balazos en la comunidad de Campos, en el municipio de Manzanillo, Colima.<\/p>\n\n\n\n<p class=\"p1 wp-block-paragraph\">De acuerdo con informaci\u00f3n de fuentes policiales, el ataque ocurri\u00f3 alrededor de las 17:00 horas, cuando los menores se encontraban en la v\u00eda p\u00fablica. Sujetos armados, que viajaban a bordo de una camioneta, dispararon repetidamente contra ellas antes de huir del lugar.<\/p>\n\n\n\n<p class=\"p1 wp-block-paragraph\">Poco despu\u00e9s, las autoridades lograron la detenci\u00f3n de un presunto agresor.<\/p>\n\n\n\n<p class=\"p1 wp-block-paragraph\">Las v\u00edctimas fueron trasladadas a un hospital para recibir atenci\u00f3n m\u00e9dica. Hasta el momento, se desconoce su estado de salud, mientras que las autoridades ya investigan el caso para determinar el motivo del ataque y la posible participaci\u00f3n de m\u00e1s involucrados.<\/p>\n\n\n\n<p class=\"p1 wp-block-paragraph\"><\/p>\n<div class=\"fb-background-color\">\n\t\t\t  <div \n\t\t\t  \tclass = \"fb-comments\" \n\t\t\t  \tdata-href = \"https:\/\/diarioavanzada.com.mx\/?p=67381\"\n\t\t\t  \tdata-numposts = \"10\"\n\t\t\t  \tdata-lazy = \"true\"\n\t\t\t\tdata-colorscheme = \"light\"\n\t\t\t\tdata-order-by = \"social\"\n\t\t\t\tdata-mobile=true>\n\t\t\t  <\/div><\/div>\n\t\t  <style>\n\t\t    .fb-background-color {\n\t\t\t\tbackground:  !important;\n\t\t\t}\n\t\t\t.fb_iframe_widget_fluid_desktop iframe {\n\t\t\t    width: 100% !important;\n\t\t\t}\n\t\t  <\/style>\n\t\t  ","protected":false},"excerpt":{"rendered":"<p>Colima, M\u00e9xico, Avanzada (02\/12\/2024).- La tarde de este lunes, 2 de diciembre, dos menores de edad resultaron heridas tras un ataque a balazos en la comunidad de Campos, en el municipio de Manzanillo, Colima. De acuerdo con informaci\u00f3n de fuentes policiales, el ataque ocurri\u00f3 alrededor de las 17:00 horas, cuando los menores se encontraban en [&hellip;]<\/p>\n","protected":false},"author":7,"featured_media":67380,"comment_status":"closed","ping_status":"closed","sticky":false,"template":"","format":"standard","meta":{"_coblocks_attr":"","_coblocks_dimensions":"","_coblocks_responsive_height":"","_coblocks_accordion_ie_support":"","_crdt_document":"","advanced_seo_description":"","jetpack_seo_html_title":"","jetpack_seo_noindex":false,"_jetpack_memberships_contains_paid_content":false,"footnotes":""},"categories":[19,7,231],"tags":[],"class_list":["post-67381","post","type-post","status-publish","format-standard","has-post-thumbnail","hentry","category-colima","category-noticias","category-seguridad"],"jetpack_featured_media_url":"https:\/\/diarioavanzada.com.mx\/wp-content\/uploads\/2024\/12\/350b7b40-811d-4553-b513-53710271703e-1.jpg","jetpack-related-posts":[],"jetpack_sharing_enabled":true,"amp_enabled":true,"_links":{"self":[{"href":"https:\/\/diarioavanzada.com.mx\/index.php?rest_route=\/wp\/v2\/posts\/67381","targetHints":{"allow":["GET"]}}],"collection":[{"href":"https:\/\/diarioavanzada.com.mx\/index.php?rest_route=\/wp\/v2\/posts"}],"about":[{"href":"https:\/\/diarioavanzada.com.mx\/index.php?rest_route=\/wp\/v2\/types\/post"}],"author":[{"embeddable":true,"href":"https:\/\/diarioavanzada.com.mx\/index.php?rest_route=\/wp\/v2\/users\/7"}],"replies":[{"embeddable":true,"href":"https:\/\/diarioavanzada.com.mx\/index.php?rest_route=%2Fwp%2Fv2%2Fcomments&post=67381"}],"version-history":[{"count":2,"href":"https:\/\/diarioavanzada.com.mx\/index.php?rest_route=\/wp\/v2\/posts\/67381\/revisions"}],"predecessor-version":[{"id":67431,"href":"https:\/\/diarioavanzada.com.mx\/index.php?rest_route=\/wp\/v2\/posts\/67381\/revisions\/67431"}],"wp:featuredmedia":[{"embeddable":true,"href":"https:\/\/diarioavanzada.com.mx\/index.php?rest_route=\/wp\/v2\/media\/67380"}],"wp:attachment":[{"href":"https:\/\/diarioavanzada.com.mx\/index.php?rest_route=%2Fwp%2Fv2%2Fmedia&parent=67381"}],"wp:term":[{"taxonomy":"category","embeddable":true,"href":"https:\/\/diarioavanzada.com.mx\/index.php?rest_route=%2Fwp%2Fv2%2Fcategories&post=67381"},{"taxonomy":"post_tag","embeddable":true,"href":"https:\/\/diarioavanzada.com.mx\/index.php?rest_route=%2Fwp%2Fv2%2Ftags&post=67381"}],"curies":[{"name":"wp","href":"https:\/\/api.w.org\/{rel}","templated":true}]}}