{"id":67203,"date":"2024-12-01T19:47:46","date_gmt":"2024-12-02T01:47:46","guid":{"rendered":"https:\/\/diarioavanzada.com.mx\/?p=67203"},"modified":"2024-12-01T19:48:56","modified_gmt":"2024-12-02T01:48:56","slug":"hilvanan-el-bienestar-para-generar-cultura-de-paz","status":"publish","type":"post","link":"https:\/\/diarioavanzada.com.mx\/?p=67203","title":{"rendered":"Hilvanan el bienestar, para generar cultura de paz"},"content":{"rendered":"\n<p class=\"wp-block-paragraph\"><em>El taller es parte del programa \u201cVolando al buentrato\u201d, una estrategia que articula acciones encaminadas a la prevenci\u00f3n y atenci\u00f3n de situaciones de discriminaci\u00f3n y de violencias de g\u00e9nero que se generen en el contexto universitario.<\/em><\/p>\n\n\n\n<p class=\"wp-block-paragraph\">Colima, M\u00e9xico, Comunicado (01\/12\/2024).- Personal de la Direcci\u00f3n para la Atenci\u00f3n Integral a la Discriminaci\u00f3n y la Violencia de G\u00e9nero en la Universidad de Colima, que encabeza M\u00f3nica Gonz\u00e1lez Torres imparti\u00f3 el taller \u201cHilvanando el bienestar\u201d, dirigido a estudiantes de la Universidad como parte de las actividades de la eliminaci\u00f3n de la violencia hacia las mujeres.<\/p>\n\n\n\n<p class=\"wp-block-paragraph\">El taller es parte del programa \u201cVolando al buentrato\u201d, una estrategia que articula acciones encaminadas a la prevenci\u00f3n y atenci\u00f3n de situaciones de discriminaci\u00f3n y de violencias de g\u00e9nero que se generen en el contexto universitario.&nbsp;<\/p>\n\n\n\n<p class=\"wp-block-paragraph\">Esta actividad fue una invitaci\u00f3n a construir, d\u00eda a d\u00eda, un modelo de vida basado en el respeto, la empat\u00eda, la comunicaci\u00f3n asertiva, la escucha activa y la b\u00fasqueda de v\u00edas pac\u00edficas para resolver conflictos.<\/p>\n\n\n\n<p class=\"wp-block-paragraph\">Fue una actividad l\u00fadica acompa\u00f1ada con una lectura en la que se reflexion\u00f3 acerca de lo que es el buen trato y lo que implica la no violencia, que es posible realizar en lo cotidiano de la vida para y desde los espacios universitarios, con el prop\u00f3sito de generar mayor conciencia respecto a una sana convivencia.<\/p>\n\n\n\n<p class=\"wp-block-paragraph\">El taller tuvo el prop\u00f3sito de que las reflexiones acerca de la no violencia puedan ser replicadas en otros espacios, generando una cultura del buen trato desde la parte individual y hacia los dem\u00e1s.<\/p>\n\n\n\n<p class=\"wp-block-paragraph\">M\u00f3nica Gonz\u00e1lez explic\u00f3 que es importante seguir construyendo espacios y buscar condiciones en la que cada uno pueda atender su propio proyecto de vida y contribuir a las ideas de un mensaje de paz.<\/p>\n\n\n\n<figure class=\"wp-block-image size-large\"><img loading=\"lazy\" decoding=\"async\" width=\"1024\" height=\"683\" src=\"https:\/\/diarioavanzada.com.mx\/wp-content\/uploads\/2024\/12\/Hilvanan-el-bienestar-para-erradicar-violencia-hacia-las-mujeres_c-1024x683.jpg\" alt=\"\" class=\"wp-image-67206\" srcset=\"https:\/\/diarioavanzada.com.mx\/wp-content\/uploads\/2024\/12\/Hilvanan-el-bienestar-para-erradicar-violencia-hacia-las-mujeres_c-1024x683.jpg 1024w, https:\/\/diarioavanzada.com.mx\/wp-content\/uploads\/2024\/12\/Hilvanan-el-bienestar-para-erradicar-violencia-hacia-las-mujeres_c-300x200.jpg 300w, https:\/\/diarioavanzada.com.mx\/wp-content\/uploads\/2024\/12\/Hilvanan-el-bienestar-para-erradicar-violencia-hacia-las-mujeres_c-768x512.jpg 768w, https:\/\/diarioavanzada.com.mx\/wp-content\/uploads\/2024\/12\/Hilvanan-el-bienestar-para-erradicar-violencia-hacia-las-mujeres_c-1200x800.jpg 1200w, https:\/\/diarioavanzada.com.mx\/wp-content\/uploads\/2024\/12\/Hilvanan-el-bienestar-para-erradicar-violencia-hacia-las-mujeres_c.jpg 1224w\" sizes=\"auto, (max-width: 1024px) 100vw, 1024px\" \/><\/figure>\n\n\n\n<figure class=\"wp-block-image size-large\"><img loading=\"lazy\" decoding=\"async\" width=\"1024\" height=\"683\" src=\"https:\/\/diarioavanzada.com.mx\/wp-content\/uploads\/2024\/12\/Hilvanan-el-bienestar-para-erradicar-violencia-hacia-las-mujeres_Monica-1024x683.jpg\" alt=\"\" class=\"wp-image-67208\" srcset=\"https:\/\/diarioavanzada.com.mx\/wp-content\/uploads\/2024\/12\/Hilvanan-el-bienestar-para-erradicar-violencia-hacia-las-mujeres_Monica-1024x683.jpg 1024w, https:\/\/diarioavanzada.com.mx\/wp-content\/uploads\/2024\/12\/Hilvanan-el-bienestar-para-erradicar-violencia-hacia-las-mujeres_Monica-300x200.jpg 300w, https:\/\/diarioavanzada.com.mx\/wp-content\/uploads\/2024\/12\/Hilvanan-el-bienestar-para-erradicar-violencia-hacia-las-mujeres_Monica-768x512.jpg 768w, https:\/\/diarioavanzada.com.mx\/wp-content\/uploads\/2024\/12\/Hilvanan-el-bienestar-para-erradicar-violencia-hacia-las-mujeres_Monica-1200x800.jpg 1200w, https:\/\/diarioavanzada.com.mx\/wp-content\/uploads\/2024\/12\/Hilvanan-el-bienestar-para-erradicar-violencia-hacia-las-mujeres_Monica.jpg 1224w\" sizes=\"auto, (max-width: 1024px) 100vw, 1024px\" \/><\/figure>\n\n\n\n<figure class=\"wp-block-image size-large\"><img loading=\"lazy\" decoding=\"async\" width=\"1024\" height=\"683\" src=\"https:\/\/diarioavanzada.com.mx\/wp-content\/uploads\/2024\/12\/Hilvanan-el-bienestar-para-erradicar-violencia-hacia-las-mujeres_b-1024x683.jpg\" alt=\"\" class=\"wp-image-67210\" srcset=\"https:\/\/diarioavanzada.com.mx\/wp-content\/uploads\/2024\/12\/Hilvanan-el-bienestar-para-erradicar-violencia-hacia-las-mujeres_b-1024x683.jpg 1024w, https:\/\/diarioavanzada.com.mx\/wp-content\/uploads\/2024\/12\/Hilvanan-el-bienestar-para-erradicar-violencia-hacia-las-mujeres_b-300x200.jpg 300w, https:\/\/diarioavanzada.com.mx\/wp-content\/uploads\/2024\/12\/Hilvanan-el-bienestar-para-erradicar-violencia-hacia-las-mujeres_b-768x512.jpg 768w, https:\/\/diarioavanzada.com.mx\/wp-content\/uploads\/2024\/12\/Hilvanan-el-bienestar-para-erradicar-violencia-hacia-las-mujeres_b-1200x800.jpg 1200w, https:\/\/diarioavanzada.com.mx\/wp-content\/uploads\/2024\/12\/Hilvanan-el-bienestar-para-erradicar-violencia-hacia-las-mujeres_b.jpg 1224w\" sizes=\"auto, (max-width: 1024px) 100vw, 1024px\" \/><\/figure>\n\n\n\n<figure class=\"wp-block-image size-large\"><img loading=\"lazy\" decoding=\"async\" width=\"1024\" height=\"683\" src=\"https:\/\/diarioavanzada.com.mx\/wp-content\/uploads\/2024\/12\/Hilvanan-el-bienestar-para-erradicar-violencia-hacia-las-mujeres_a-1024x683.jpg\" alt=\"\" class=\"wp-image-67211\" srcset=\"https:\/\/diarioavanzada.com.mx\/wp-content\/uploads\/2024\/12\/Hilvanan-el-bienestar-para-erradicar-violencia-hacia-las-mujeres_a-1024x683.jpg 1024w, https:\/\/diarioavanzada.com.mx\/wp-content\/uploads\/2024\/12\/Hilvanan-el-bienestar-para-erradicar-violencia-hacia-las-mujeres_a-300x200.jpg 300w, https:\/\/diarioavanzada.com.mx\/wp-content\/uploads\/2024\/12\/Hilvanan-el-bienestar-para-erradicar-violencia-hacia-las-mujeres_a-768x512.jpg 768w, https:\/\/diarioavanzada.com.mx\/wp-content\/uploads\/2024\/12\/Hilvanan-el-bienestar-para-erradicar-violencia-hacia-las-mujeres_a-1200x800.jpg 1200w, https:\/\/diarioavanzada.com.mx\/wp-content\/uploads\/2024\/12\/Hilvanan-el-bienestar-para-erradicar-violencia-hacia-las-mujeres_a.jpg 1224w\" sizes=\"auto, (max-width: 1024px) 100vw, 1024px\" \/><\/figure>\n<div class=\"fb-background-color\">\n\t\t\t  <div \n\t\t\t  \tclass = \"fb-comments\" \n\t\t\t  \tdata-href = \"https:\/\/diarioavanzada.com.mx\/?p=67203\"\n\t\t\t  \tdata-numposts = \"10\"\n\t\t\t  \tdata-lazy = \"true\"\n\t\t\t\tdata-colorscheme = \"light\"\n\t\t\t\tdata-order-by = \"social\"\n\t\t\t\tdata-mobile=true>\n\t\t\t  <\/div><\/div>\n\t\t  <style>\n\t\t    .fb-background-color {\n\t\t\t\tbackground:  !important;\n\t\t\t}\n\t\t\t.fb_iframe_widget_fluid_desktop iframe {\n\t\t\t    width: 100% !important;\n\t\t\t}\n\t\t  <\/style>\n\t\t  ","protected":false},"excerpt":{"rendered":"<p>El taller es parte del programa \u201cVolando al buentrato\u201d, una estrategia que articula acciones encaminadas a la prevenci\u00f3n y atenci\u00f3n de situaciones de discriminaci\u00f3n y de violencias de g\u00e9nero que se generen en el contexto universitario. Colima, M\u00e9xico, Comunicado (01\/12\/2024).- Personal de la Direcci\u00f3n para la Atenci\u00f3n Integral a la Discriminaci\u00f3n y la Violencia de [&hellip;]<\/p>\n","protected":false},"author":7,"featured_media":67254,"comment_status":"closed","ping_status":"closed","sticky":false,"template":"","format":"standard","meta":{"_coblocks_attr":"","_coblocks_dimensions":"","_coblocks_responsive_height":"","_coblocks_accordion_ie_support":"","_crdt_document":"","advanced_seo_description":"","jetpack_seo_html_title":"","jetpack_seo_noindex":false,"_jetpack_memberships_contains_paid_content":false,"footnotes":""},"categories":[19,209,7],"tags":[],"class_list":["post-67203","post","type-post","status-publish","format-standard","has-post-thumbnail","hentry","category-colima","category-importantes","category-noticias"],"jetpack_featured_media_url":"https:\/\/diarioavanzada.com.mx\/wp-content\/uploads\/2024\/12\/img_4874-1.jpg","jetpack-related-posts":[],"jetpack_sharing_enabled":true,"amp_enabled":true,"_links":{"self":[{"href":"https:\/\/diarioavanzada.com.mx\/index.php?rest_route=\/wp\/v2\/posts\/67203","targetHints":{"allow":["GET"]}}],"collection":[{"href":"https:\/\/diarioavanzada.com.mx\/index.php?rest_route=\/wp\/v2\/posts"}],"about":[{"href":"https:\/\/diarioavanzada.com.mx\/index.php?rest_route=\/wp\/v2\/types\/post"}],"author":[{"embeddable":true,"href":"https:\/\/diarioavanzada.com.mx\/index.php?rest_route=\/wp\/v2\/users\/7"}],"replies":[{"embeddable":true,"href":"https:\/\/diarioavanzada.com.mx\/index.php?rest_route=%2Fwp%2Fv2%2Fcomments&post=67203"}],"version-history":[{"count":7,"href":"https:\/\/diarioavanzada.com.mx\/index.php?rest_route=\/wp\/v2\/posts\/67203\/revisions"}],"predecessor-version":[{"id":67255,"href":"https:\/\/diarioavanzada.com.mx\/index.php?rest_route=\/wp\/v2\/posts\/67203\/revisions\/67255"}],"wp:featuredmedia":[{"embeddable":true,"href":"https:\/\/diarioavanzada.com.mx\/index.php?rest_route=\/wp\/v2\/media\/67254"}],"wp:attachment":[{"href":"https:\/\/diarioavanzada.com.mx\/index.php?rest_route=%2Fwp%2Fv2%2Fmedia&parent=67203"}],"wp:term":[{"taxonomy":"category","embeddable":true,"href":"https:\/\/diarioavanzada.com.mx\/index.php?rest_route=%2Fwp%2Fv2%2Fcategories&post=67203"},{"taxonomy":"post_tag","embeddable":true,"href":"https:\/\/diarioavanzada.com.mx\/index.php?rest_route=%2Fwp%2Fv2%2Ftags&post=67203"}],"curies":[{"name":"wp","href":"https:\/\/api.w.org\/{rel}","templated":true}]}}