{"id":67109,"date":"2024-11-30T14:22:40","date_gmt":"2024-11-30T20:22:40","guid":{"rendered":"https:\/\/diarioavanzada.com.mx\/?p=67109"},"modified":"2024-11-30T14:22:40","modified_gmt":"2024-11-30T20:22:40","slug":"riult-rivera-fortalece-vinculos-con-comites-de-participacion-ciudadana-en-colima","status":"publish","type":"post","link":"https:\/\/diarioavanzada.com.mx\/?p=67109","title":{"rendered":"Riult Rivera fortalece v\u00ednculos con Comit\u00e9s de Participaci\u00f3n Ciudadana en Colima"},"content":{"rendered":"\n<p class=\"p1 wp-block-paragraph\"><em>El alcalde reafirma su compromiso con la atenci\u00f3n directa y el trabajo colaborativo en beneficio del municipio.<\/em><\/p>\n\n\n\n<p class=\"p1 wp-block-paragraph\">Colima, M\u00e9xico, Avanzada (30\/11\/2024).- \ufffcEl presidente municipal de Colima, Riult Rivera, encabez\u00f3 un encuentro con presidentes de Comit\u00e9s de Participaci\u00f3n Ciudadana y autoridades auxiliares del municipio, donde agradeci\u00f3 su labor como enlace entre las colonias y el Ayuntamiento.<\/p>\n\n\n\n<p class=\"p1 wp-block-paragraph\">Durante un desayuno al que tambi\u00e9n asistieron la s\u00edndico municipal, regidores y funcionarios, Riult Rivera destac\u00f3 la importancia de estos comit\u00e9s para atender problem\u00e1ticas locales y fomentar el trabajo conjunto en beneficio de las comunidades.<\/p>\n\n\n\n<p class=\"p1 wp-block-paragraph\">\u201cEl momento en que nos encontremos ser\u00e1 el momento para platicar y atender sus gestiones\u201d, se\u00f1al\u00f3 el alcalde, quien subray\u00f3 su compromiso de mantener una comunicaci\u00f3n fluida y directa con los ciudadanos.<\/p>\n\n\n\n<p class=\"p1 wp-block-paragraph\">En el evento, Rivera mencion\u00f3 avances en servicios b\u00e1sicos como poda de \u00e1rboles, alumbrado y bacheo, y anunci\u00f3 que cuadrillas de trabajadores estar\u00e1n rehabilitando espacios p\u00fablicos en las colonias.<\/p>\n\n\n\n<p class=\"p1 wp-block-paragraph\">De cara a la temporada decembrina, el alcalde adelant\u00f3 actividades culturales para fortalecer la identidad y el sentido de comunidad en el municipio. \u201cEs importante cuidarnos entre nosotros mismos; estas fechas son una oportunidad para fortalecer la amistad entre las colonias\u201d, afirm\u00f3.<\/p>\n\n\n\n<p class=\"p1 wp-block-paragraph\">Asimismo, anunci\u00f3 la renovaci\u00f3n de los comit\u00e9s de participaci\u00f3n ciudadana en 2025, asegurando que quienes deseen continuar en estos roles contar\u00e1n con el respaldo de su administraci\u00f3n.<\/p>\n\n\n\n<p class=\"p1 wp-block-paragraph\">Finalmente, el alcalde entreg\u00f3 un reconocimiento a Glenda Velasco Montes, presidenta del comit\u00e9 de la colonia El Porvenir, por obtener el primer lugar en el concurso de Altares de Muertos.<\/p>\n\n\n\n<figure class=\"wp-block-image size-large\"><img loading=\"lazy\" decoding=\"async\" width=\"1024\" height=\"684\" src=\"https:\/\/diarioavanzada.com.mx\/wp-content\/uploads\/2024\/11\/1ffacd19-d008-4295-9b57-942c70c965d5-1-1024x684.jpg\" class=\"wp-image-67107\" srcset=\"https:\/\/diarioavanzada.com.mx\/wp-content\/uploads\/2024\/11\/1ffacd19-d008-4295-9b57-942c70c965d5-1-1024x684.jpg 1024w, https:\/\/diarioavanzada.com.mx\/wp-content\/uploads\/2024\/11\/1ffacd19-d008-4295-9b57-942c70c965d5-1-300x200.jpg 300w, https:\/\/diarioavanzada.com.mx\/wp-content\/uploads\/2024\/11\/1ffacd19-d008-4295-9b57-942c70c965d5-1-768x513.jpg 768w, https:\/\/diarioavanzada.com.mx\/wp-content\/uploads\/2024\/11\/1ffacd19-d008-4295-9b57-942c70c965d5-1-1536x1025.jpg 1536w, https:\/\/diarioavanzada.com.mx\/wp-content\/uploads\/2024\/11\/1ffacd19-d008-4295-9b57-942c70c965d5-1.jpg 1600w\" sizes=\"auto, (max-width: 1024px) 100vw, 1024px\" \/><\/figure>\n<div class=\"fb-background-color\">\n\t\t\t  <div \n\t\t\t  \tclass = \"fb-comments\" \n\t\t\t  \tdata-href = \"https:\/\/diarioavanzada.com.mx\/?p=67109\"\n\t\t\t  \tdata-numposts = \"10\"\n\t\t\t  \tdata-lazy = \"true\"\n\t\t\t\tdata-colorscheme = \"light\"\n\t\t\t\tdata-order-by = \"social\"\n\t\t\t\tdata-mobile=true>\n\t\t\t  <\/div><\/div>\n\t\t  <style>\n\t\t    .fb-background-color {\n\t\t\t\tbackground:  !important;\n\t\t\t}\n\t\t\t.fb_iframe_widget_fluid_desktop iframe {\n\t\t\t    width: 100% !important;\n\t\t\t}\n\t\t  <\/style>\n\t\t  ","protected":false},"excerpt":{"rendered":"<p>El alcalde reafirma su compromiso con la atenci\u00f3n directa y el trabajo colaborativo en beneficio del municipio. Colima, M\u00e9xico, Avanzada (30\/11\/2024).- \ufffcEl presidente municipal de Colima, Riult Rivera, encabez\u00f3 un encuentro con presidentes de Comit\u00e9s de Participaci\u00f3n Ciudadana y autoridades auxiliares del municipio, donde agradeci\u00f3 su labor como enlace entre las colonias y el Ayuntamiento. [&hellip;]<\/p>\n","protected":false},"author":7,"featured_media":67108,"comment_status":"closed","ping_status":"closed","sticky":false,"template":"","format":"standard","meta":{"_coblocks_attr":"","_coblocks_dimensions":"","_coblocks_responsive_height":"","_coblocks_accordion_ie_support":"","_crdt_document":"","advanced_seo_description":"","jetpack_seo_html_title":"","jetpack_seo_noindex":false,"_jetpack_memberships_contains_paid_content":false,"footnotes":""},"categories":[19,209,21],"tags":[],"class_list":["post-67109","post","type-post","status-publish","format-standard","has-post-thumbnail","hentry","category-colima","category-importantes","category-municipios"],"jetpack_featured_media_url":"https:\/\/diarioavanzada.com.mx\/wp-content\/uploads\/2024\/11\/img_0724-1.jpg","jetpack-related-posts":[],"jetpack_sharing_enabled":true,"amp_enabled":true,"_links":{"self":[{"href":"https:\/\/diarioavanzada.com.mx\/index.php?rest_route=\/wp\/v2\/posts\/67109","targetHints":{"allow":["GET"]}}],"collection":[{"href":"https:\/\/diarioavanzada.com.mx\/index.php?rest_route=\/wp\/v2\/posts"}],"about":[{"href":"https:\/\/diarioavanzada.com.mx\/index.php?rest_route=\/wp\/v2\/types\/post"}],"author":[{"embeddable":true,"href":"https:\/\/diarioavanzada.com.mx\/index.php?rest_route=\/wp\/v2\/users\/7"}],"replies":[{"embeddable":true,"href":"https:\/\/diarioavanzada.com.mx\/index.php?rest_route=%2Fwp%2Fv2%2Fcomments&post=67109"}],"version-history":[{"count":0,"href":"https:\/\/diarioavanzada.com.mx\/index.php?rest_route=\/wp\/v2\/posts\/67109\/revisions"}],"wp:featuredmedia":[{"embeddable":true,"href":"https:\/\/diarioavanzada.com.mx\/index.php?rest_route=\/wp\/v2\/media\/67108"}],"wp:attachment":[{"href":"https:\/\/diarioavanzada.com.mx\/index.php?rest_route=%2Fwp%2Fv2%2Fmedia&parent=67109"}],"wp:term":[{"taxonomy":"category","embeddable":true,"href":"https:\/\/diarioavanzada.com.mx\/index.php?rest_route=%2Fwp%2Fv2%2Fcategories&post=67109"},{"taxonomy":"post_tag","embeddable":true,"href":"https:\/\/diarioavanzada.com.mx\/index.php?rest_route=%2Fwp%2Fv2%2Ftags&post=67109"}],"curies":[{"name":"wp","href":"https:\/\/api.w.org\/{rel}","templated":true}]}}