{"id":67011,"date":"2024-11-29T20:12:39","date_gmt":"2024-11-30T02:12:39","guid":{"rendered":"https:\/\/diarioavanzada.com.mx\/?p=67011"},"modified":"2024-11-29T20:13:44","modified_gmt":"2024-11-30T02:13:44","slug":"el-conocimiento-reduce-la-incertidumbre-y-el-temor-christian-torres-ortiz","status":"publish","type":"post","link":"https:\/\/diarioavanzada.com.mx\/?p=67011","title":{"rendered":"El conocimiento reduce la incertidumbre&nbsp;y el temor: Christian Torres Ortiz"},"content":{"rendered":"\n<p class=\"wp-block-paragraph\"><em>El rector de la UdeC particip\u00f3 en el Primer Foro de Participaci\u00f3n Juvenil \u201cOtro Colima por las juventudes\u201d, que organiz\u00f3 el Ayuntamiento de Colima a trav\u00e9s del Instituto de la Juventud.<\/em><\/p>\n\n\n\n<p class=\"wp-block-paragraph\">Colima, M\u00e9xico, Comunicado (29\/11\/2024).- Este jueves 28 por la tarde, el rector de la Universidad de Colima, Christian Jorge Torres Ortiz Zerme\u00f1o particip\u00f3 como orador en el Primer Foro de Participaci\u00f3n Juvenil \u201cOtro Colima por las juventudes\u201d, que organiz\u00f3 el Ayuntamiento de Colima a trav\u00e9s del Instituto de la Juventud. El evento, que cont\u00f3 con la participaron de l\u00edderes de diversas \u00e1reas como el emprendimiento, la salud, educaci\u00f3n y sustentabilidad, tuvo como objetivo incluir a los y las j\u00f3venes en la construcci\u00f3n de pol\u00edticas p\u00fablicas a trav\u00e9s de un di\u00e1logo abierto y participativo.<\/p>\n\n\n\n<figure class=\"wp-block-image size-large\"><img loading=\"lazy\" decoding=\"async\" width=\"1024\" height=\"683\" src=\"https:\/\/diarioavanzada.com.mx\/wp-content\/uploads\/2024\/11\/Participa-rector-UdeC-en-foto-Otro-Colima-para-las-juventudes_Rector-1024x683.jpg\" alt=\"\" class=\"wp-image-67014\" srcset=\"https:\/\/diarioavanzada.com.mx\/wp-content\/uploads\/2024\/11\/Participa-rector-UdeC-en-foto-Otro-Colima-para-las-juventudes_Rector-1024x683.jpg 1024w, https:\/\/diarioavanzada.com.mx\/wp-content\/uploads\/2024\/11\/Participa-rector-UdeC-en-foto-Otro-Colima-para-las-juventudes_Rector-300x200.jpg 300w, https:\/\/diarioavanzada.com.mx\/wp-content\/uploads\/2024\/11\/Participa-rector-UdeC-en-foto-Otro-Colima-para-las-juventudes_Rector-768x512.jpg 768w, https:\/\/diarioavanzada.com.mx\/wp-content\/uploads\/2024\/11\/Participa-rector-UdeC-en-foto-Otro-Colima-para-las-juventudes_Rector-1200x800.jpg 1200w, https:\/\/diarioavanzada.com.mx\/wp-content\/uploads\/2024\/11\/Participa-rector-UdeC-en-foto-Otro-Colima-para-las-juventudes_Rector.jpg 1224w\" sizes=\"auto, (max-width: 1024px) 100vw, 1024px\" \/><\/figure>\n\n\n\n<p class=\"wp-block-paragraph\">En su intervenci\u00f3n, el rector habl\u00f3 sobre la \u201cPlaneaci\u00f3n de futuro\u201d. Al dirigirse a los j\u00f3venes presentes, los invit\u00f3 a plantearse en d\u00f3nde les gustar\u00eda estar en cinco a\u00f1os y qu\u00e9 es lo que tienen que hacer para estar en ese lugar. \u201cDebemos tomar en cuenta que no es f\u00e1cil, porque vivimos en un mundo lleno de complejidades e incertidumbres, y una constante en nuestra vida ser\u00e1 enfrentar escenarios desafiantes que nos van a exigir el m\u00e1ximo de nuestras capacidades\u201d.&nbsp;<\/p>\n\n\n\n<p class=\"wp-block-paragraph\">Detall\u00f3 que, ante escenarios complejos, la apuesta debe ser por la adquisici\u00f3n de conocimiento. \u201cEntre m\u00e1s conocimiento tengan de algo que les apasiona, de lo que est\u00e1n estudiando, de su actividad cultural o deporte favorito, la incertidumbre, el temor y la desconfianza disminuyen. En este sentido, el conocimiento da seguridad\u201d.<\/p>\n\n\n\n<p class=\"wp-block-paragraph\">Dijo tambi\u00e9n que el conocimiento no se adquiere \u00fanicamente cursando un nuevo nivel educativo, sino tambi\u00e9n a trav\u00e9s de diversas propuestas de capacitaci\u00f3n, como diplomados, talleres, cursos o a trav\u00e9s de emprendimientos personales.&nbsp;<\/p>\n\n\n\n<p class=\"wp-block-paragraph\">Tambi\u00e9n les propuso trabajar en equipo, \u201cno solamente con sus compa\u00f1eros ante un proyecto escolar, sino tambi\u00e9n en emprendimientos de la vida haciendo equipo con su pareja, amigos, familiares o vecinos. Esa meta que ustedes tienen respecto a d\u00f3nde se visualizan en cinco a\u00f1os, constr\u00fayanla en equipo, traten de ir acompa\u00f1ados todas las veces que les sea posible\u201d.&nbsp;<\/p>\n\n\n\n<figure class=\"wp-block-image size-large\"><img loading=\"lazy\" decoding=\"async\" width=\"1024\" height=\"683\" src=\"https:\/\/diarioavanzada.com.mx\/wp-content\/uploads\/2024\/11\/Participa-rector-UdeC-en-foto-Otro-Colima-para-las-juventudes_Riult-1024x683.jpg\" alt=\"\" class=\"wp-image-67013\" srcset=\"https:\/\/diarioavanzada.com.mx\/wp-content\/uploads\/2024\/11\/Participa-rector-UdeC-en-foto-Otro-Colima-para-las-juventudes_Riult-1024x683.jpg 1024w, https:\/\/diarioavanzada.com.mx\/wp-content\/uploads\/2024\/11\/Participa-rector-UdeC-en-foto-Otro-Colima-para-las-juventudes_Riult-300x200.jpg 300w, https:\/\/diarioavanzada.com.mx\/wp-content\/uploads\/2024\/11\/Participa-rector-UdeC-en-foto-Otro-Colima-para-las-juventudes_Riult-768x512.jpg 768w, https:\/\/diarioavanzada.com.mx\/wp-content\/uploads\/2024\/11\/Participa-rector-UdeC-en-foto-Otro-Colima-para-las-juventudes_Riult-1200x800.jpg 1200w, https:\/\/diarioavanzada.com.mx\/wp-content\/uploads\/2024\/11\/Participa-rector-UdeC-en-foto-Otro-Colima-para-las-juventudes_Riult.jpg 1224w\" sizes=\"auto, (max-width: 1024px) 100vw, 1024px\" \/><\/figure>\n\n\n\n<p class=\"wp-block-paragraph\">En la planeaci\u00f3n de futuro, advirti\u00f3, es importante diferenciar entre motivaci\u00f3n y disciplina. \u201cLa motivaci\u00f3n aparece en episodios, que se detonan sobre todo en los j\u00f3venes por situaciones como una fiesta, un evento importante, el inicio de un ciclo escolar o un nuevo a\u00f1o. Entonces, se llega a picos de motivaci\u00f3n altos, pero al ser un insumo emocional, naturalmente se cae. En este sentido, les dir\u00eda que adem\u00e1s de motivaci\u00f3n, lo que se necesita en mayor medida es disciplina\u201d.&nbsp;<\/p>\n\n\n\n<p class=\"wp-block-paragraph\">Finalmente, dijo que la disciplina \u201ces un comportamiento constante y permanente que te ayuda, a veces sin darte cuenta, a construir h\u00e1bitos; un ejemplo de ello es que todas las noches ponemos un despertador para despertarnos a la ma\u00f1ana siguiente, pero muchos no lo necesitamos porque ya hicimos un h\u00e1bito que el cuerpo asimila e incorpora. Desarrollamos un ciclo de sue\u00f1o para levantarnos a una misma hora todos los d\u00edas. En este sentido, los h\u00e1bitos son igual a disciplina\u201d.<\/p>\n\n\n\n<p class=\"wp-block-paragraph\">En la inauguraci\u00f3n del foro estuvieron: el presidente municipal de Colima, Riult Rivera; la directora del Instituto de la Juventud, Rosa Jaramillo y la directora del Archivo Hist\u00f3rico del Municipio, Patricia S\u00e1nchez.<\/p>\n\n\n\n<figure class=\"wp-block-image size-large\"><img loading=\"lazy\" decoding=\"async\" width=\"1024\" height=\"683\" src=\"https:\/\/diarioavanzada.com.mx\/wp-content\/uploads\/2024\/11\/Participa-rector-UdeC-en-foto-Otro-Colima-para-las-juventudes_a-1024x683.jpg\" alt=\"\" class=\"wp-image-67017\" srcset=\"https:\/\/diarioavanzada.com.mx\/wp-content\/uploads\/2024\/11\/Participa-rector-UdeC-en-foto-Otro-Colima-para-las-juventudes_a-1024x683.jpg 1024w, https:\/\/diarioavanzada.com.mx\/wp-content\/uploads\/2024\/11\/Participa-rector-UdeC-en-foto-Otro-Colima-para-las-juventudes_a-300x200.jpg 300w, https:\/\/diarioavanzada.com.mx\/wp-content\/uploads\/2024\/11\/Participa-rector-UdeC-en-foto-Otro-Colima-para-las-juventudes_a-768x512.jpg 768w, https:\/\/diarioavanzada.com.mx\/wp-content\/uploads\/2024\/11\/Participa-rector-UdeC-en-foto-Otro-Colima-para-las-juventudes_a-1200x800.jpg 1200w, https:\/\/diarioavanzada.com.mx\/wp-content\/uploads\/2024\/11\/Participa-rector-UdeC-en-foto-Otro-Colima-para-las-juventudes_a.jpg 1224w\" sizes=\"auto, (max-width: 1024px) 100vw, 1024px\" \/><\/figure>\n\n\n\n<p class=\"wp-block-paragraph\">En el panel participaron junto al rector, el coordinador estatal de Salud Mental y Adicciones, Guillermo Blanco Govea; la titular de la Unidad de G\u00e9nero de Gobierno del Estado, Mariana Lizette P\u00e9rez Ochoa; la fot\u00f3grafa y empresaria, Alejandra Ch\u00e1vez Herrera y el especialista en administraci\u00f3n y finanzas, Christian Jashua Cort\u00e9s Flores.<\/p>\n\n\n\n<p class=\"wp-block-paragraph\"><\/p>\n<div class=\"fb-background-color\">\n\t\t\t  <div \n\t\t\t  \tclass = \"fb-comments\" \n\t\t\t  \tdata-href = \"https:\/\/diarioavanzada.com.mx\/?p=67011\"\n\t\t\t  \tdata-numposts = \"10\"\n\t\t\t  \tdata-lazy = \"true\"\n\t\t\t\tdata-colorscheme = \"light\"\n\t\t\t\tdata-order-by = \"social\"\n\t\t\t\tdata-mobile=true>\n\t\t\t  <\/div><\/div>\n\t\t  <style>\n\t\t    .fb-background-color {\n\t\t\t\tbackground:  !important;\n\t\t\t}\n\t\t\t.fb_iframe_widget_fluid_desktop iframe {\n\t\t\t    width: 100% !important;\n\t\t\t}\n\t\t  <\/style>\n\t\t  ","protected":false},"excerpt":{"rendered":"<p>El rector de la UdeC particip\u00f3 en el Primer Foro de Participaci\u00f3n Juvenil \u201cOtro Colima por las juventudes\u201d, que organiz\u00f3 el Ayuntamiento de Colima a trav\u00e9s del Instituto de la Juventud. Colima, M\u00e9xico, Comunicado (29\/11\/2024).- Este jueves 28 por la tarde, el rector de la Universidad de Colima, Christian Jorge Torres Ortiz Zerme\u00f1o particip\u00f3 como [&hellip;]<\/p>\n","protected":false},"author":7,"featured_media":67046,"comment_status":"closed","ping_status":"closed","sticky":false,"template":"","format":"standard","meta":{"_coblocks_attr":"","_coblocks_dimensions":"","_coblocks_responsive_height":"","_coblocks_accordion_ie_support":"","_crdt_document":"","advanced_seo_description":"","jetpack_seo_html_title":"","jetpack_seo_noindex":false,"_jetpack_memberships_contains_paid_content":false,"footnotes":""},"categories":[19,209,7],"tags":[],"class_list":["post-67011","post","type-post","status-publish","format-standard","has-post-thumbnail","hentry","category-colima","category-importantes","category-noticias"],"jetpack_featured_media_url":"https:\/\/diarioavanzada.com.mx\/wp-content\/uploads\/2024\/11\/img_0674-1.png","jetpack-related-posts":[],"jetpack_sharing_enabled":true,"amp_enabled":true,"_links":{"self":[{"href":"https:\/\/diarioavanzada.com.mx\/index.php?rest_route=\/wp\/v2\/posts\/67011","targetHints":{"allow":["GET"]}}],"collection":[{"href":"https:\/\/diarioavanzada.com.mx\/index.php?rest_route=\/wp\/v2\/posts"}],"about":[{"href":"https:\/\/diarioavanzada.com.mx\/index.php?rest_route=\/wp\/v2\/types\/post"}],"author":[{"embeddable":true,"href":"https:\/\/diarioavanzada.com.mx\/index.php?rest_route=\/wp\/v2\/users\/7"}],"replies":[{"embeddable":true,"href":"https:\/\/diarioavanzada.com.mx\/index.php?rest_route=%2Fwp%2Fv2%2Fcomments&post=67011"}],"version-history":[{"count":6,"href":"https:\/\/diarioavanzada.com.mx\/index.php?rest_route=\/wp\/v2\/posts\/67011\/revisions"}],"predecessor-version":[{"id":67047,"href":"https:\/\/diarioavanzada.com.mx\/index.php?rest_route=\/wp\/v2\/posts\/67011\/revisions\/67047"}],"wp:featuredmedia":[{"embeddable":true,"href":"https:\/\/diarioavanzada.com.mx\/index.php?rest_route=\/wp\/v2\/media\/67046"}],"wp:attachment":[{"href":"https:\/\/diarioavanzada.com.mx\/index.php?rest_route=%2Fwp%2Fv2%2Fmedia&parent=67011"}],"wp:term":[{"taxonomy":"category","embeddable":true,"href":"https:\/\/diarioavanzada.com.mx\/index.php?rest_route=%2Fwp%2Fv2%2Fcategories&post=67011"},{"taxonomy":"post_tag","embeddable":true,"href":"https:\/\/diarioavanzada.com.mx\/index.php?rest_route=%2Fwp%2Fv2%2Ftags&post=67011"}],"curies":[{"name":"wp","href":"https:\/\/api.w.org\/{rel}","templated":true}]}}