{"id":66950,"date":"2024-11-29T08:11:41","date_gmt":"2024-11-29T14:11:41","guid":{"rendered":"https:\/\/diarioavanzada.com.mx\/?p=66950"},"modified":"2024-11-29T08:14:50","modified_gmt":"2024-11-29T14:14:50","slug":"para-este-dia-colima-tendra-cielo-despejado-y-temperaturas-de-hasta-40-c","status":"publish","type":"post","link":"https:\/\/diarioavanzada.com.mx\/?p=66950","title":{"rendered":"Colima tendr\u00e1 cielo despejado y temperaturas de hasta 40 \u00b0C este d\u00eda"},"content":{"rendered":"\n<p class=\"p1 wp-block-paragraph\">Colima, M\u00e9xico, Avanzada (29\/11\/2024).- Colima experimentar\u00e1 condiciones de tiempo estable, con cielo despejado y temperaturas m\u00e1ximas de 35 a 40 \u00b0C, inform\u00f3 el Servicio Meteorol\u00f3gico Nacional.<\/p>\n\n\n\n<p class=\"p1 wp-block-paragraph\">En el Pac\u00edfico Centro, que incluye a Colima, se pronostica nubosidad dispersa y ausencia de lluvias. Durante la ma\u00f1ana, el ambiente ser\u00e1 fresco, mientras que por la tarde prevalecer\u00e1 un clima c\u00e1lido a caluroso, acompa\u00f1ado de vientos del oeste y noroeste de 15 a 30 km\/h.<\/p>\n\n\n\n<p class=\"p1 wp-block-paragraph\">Estas condiciones son resultado de una circulaci\u00f3n anticicl\u00f3nica que domina en niveles medios de la atm\u00f3sfera y mantiene el tiempo estable en gran parte del pa\u00eds.<\/p>\n<div class=\"fb-background-color\">\n\t\t\t  <div \n\t\t\t  \tclass = \"fb-comments\" \n\t\t\t  \tdata-href = \"https:\/\/diarioavanzada.com.mx\/?p=66950\"\n\t\t\t  \tdata-numposts = \"10\"\n\t\t\t  \tdata-lazy = \"true\"\n\t\t\t\tdata-colorscheme = \"light\"\n\t\t\t\tdata-order-by = \"social\"\n\t\t\t\tdata-mobile=true>\n\t\t\t  <\/div><\/div>\n\t\t  <style>\n\t\t    .fb-background-color {\n\t\t\t\tbackground:  !important;\n\t\t\t}\n\t\t\t.fb_iframe_widget_fluid_desktop iframe {\n\t\t\t    width: 100% !important;\n\t\t\t}\n\t\t  <\/style>\n\t\t  ","protected":false},"excerpt":{"rendered":"<p>Colima, M\u00e9xico, Avanzada (29\/11\/2024).- Colima experimentar\u00e1 condiciones de tiempo estable, con cielo despejado y temperaturas m\u00e1ximas de 35 a 40 \u00b0C, inform\u00f3 el Servicio Meteorol\u00f3gico Nacional. En el Pac\u00edfico Centro, que incluye a Colima, se pronostica nubosidad dispersa y ausencia de lluvias. Durante la ma\u00f1ana, el ambiente ser\u00e1 fresco, mientras que por la tarde prevalecer\u00e1 [&hellip;]<\/p>\n","protected":false},"author":7,"featured_media":66949,"comment_status":"closed","ping_status":"closed","sticky":false,"template":"","format":"standard","meta":{"_coblocks_attr":"","_coblocks_dimensions":"","_coblocks_responsive_height":"","_coblocks_accordion_ie_support":"","_crdt_document":"","advanced_seo_description":"","jetpack_seo_html_title":"","jetpack_seo_noindex":false,"_jetpack_memberships_contains_paid_content":false,"footnotes":""},"categories":[19,22,7],"tags":[],"class_list":["post-66950","post","type-post","status-publish","format-standard","has-post-thumbnail","hentry","category-colima","category-nacion","category-noticias"],"jetpack_featured_media_url":"https:\/\/diarioavanzada.com.mx\/wp-content\/uploads\/2024\/11\/img_9943-1.jpg","jetpack-related-posts":[],"jetpack_sharing_enabled":true,"amp_enabled":true,"_links":{"self":[{"href":"https:\/\/diarioavanzada.com.mx\/index.php?rest_route=\/wp\/v2\/posts\/66950","targetHints":{"allow":["GET"]}}],"collection":[{"href":"https:\/\/diarioavanzada.com.mx\/index.php?rest_route=\/wp\/v2\/posts"}],"about":[{"href":"https:\/\/diarioavanzada.com.mx\/index.php?rest_route=\/wp\/v2\/types\/post"}],"author":[{"embeddable":true,"href":"https:\/\/diarioavanzada.com.mx\/index.php?rest_route=\/wp\/v2\/users\/7"}],"replies":[{"embeddable":true,"href":"https:\/\/diarioavanzada.com.mx\/index.php?rest_route=%2Fwp%2Fv2%2Fcomments&post=66950"}],"version-history":[{"count":1,"href":"https:\/\/diarioavanzada.com.mx\/index.php?rest_route=\/wp\/v2\/posts\/66950\/revisions"}],"predecessor-version":[{"id":66951,"href":"https:\/\/diarioavanzada.com.mx\/index.php?rest_route=\/wp\/v2\/posts\/66950\/revisions\/66951"}],"wp:featuredmedia":[{"embeddable":true,"href":"https:\/\/diarioavanzada.com.mx\/index.php?rest_route=\/wp\/v2\/media\/66949"}],"wp:attachment":[{"href":"https:\/\/diarioavanzada.com.mx\/index.php?rest_route=%2Fwp%2Fv2%2Fmedia&parent=66950"}],"wp:term":[{"taxonomy":"category","embeddable":true,"href":"https:\/\/diarioavanzada.com.mx\/index.php?rest_route=%2Fwp%2Fv2%2Fcategories&post=66950"},{"taxonomy":"post_tag","embeddable":true,"href":"https:\/\/diarioavanzada.com.mx\/index.php?rest_route=%2Fwp%2Fv2%2Ftags&post=66950"}],"curies":[{"name":"wp","href":"https:\/\/api.w.org\/{rel}","templated":true}]}}