{"id":66833,"date":"2024-11-28T13:12:52","date_gmt":"2024-11-28T19:12:52","guid":{"rendered":"https:\/\/diarioavanzada.com.mx\/?p=66833"},"modified":"2024-11-28T13:12:52","modified_gmt":"2024-11-28T19:12:52","slug":"riult-rivera-inaugura-foro-de-consulta-para-elaborar-el-plan-municipal-de-desarrollo","status":"publish","type":"post","link":"https:\/\/diarioavanzada.com.mx\/?p=66833","title":{"rendered":"Riult Rivera inaugura foro de consulta para elaborar el Plan Municipal de Desarrollo"},"content":{"rendered":"\n<p class=\"p1 wp-block-paragraph\">Colima, M\u00e9xico, Avanzada (28\/11\/2024).- Cerca de 200 personas de diversos sectores de la sociedad se dieron cita este jueves en el Foro de Consulta Democr\u00e1tica, convocado para integrar el Plan Municipal de Desarrollo 2024-2027. El evento, encabezado por el alcalde Riult Rivera Guti\u00e9rrez, busca definir las prioridades y estrategias que guiar\u00e1n su administraci\u00f3n.<\/p>\n\n\n\n<p class=\"p1 wp-block-paragraph\">En el foro participaron representantes de sectores empresariales, econ\u00f3micos, acad\u00e9micos, productivos y de la sociedad civil, quienes presentaron propuestas y dialogaron en mesas de trabajo para abordar las necesidades actuales del municipio.<\/p>\n\n\n\n<p class=\"p1 wp-block-paragraph\">\u201cEl Plan Municipal de Desarrollo ser\u00e1 el reflejo de nuestras ideas, inquietudes y necesidades m\u00e1s profundas como comunidad\u201d, se\u00f1al\u00f3 Riult Rivera al inaugurar el evento, acompa\u00f1ado por funcionarios municipales, legisladores y el rector de la Universidad de Colima, Christian Jorge Torres Ortiz Zerme\u00f1o.<\/p>\n\n\n\n<p class=\"p1 wp-block-paragraph\">El alcalde destac\u00f3 la importancia de la participaci\u00f3n ciudadana para construir un documento que no solo oriente las pol\u00edticas p\u00fablicas, sino que mejore la calidad de vida, fomente la inclusi\u00f3n social y fortalezca la infraestructura de Colima.<\/p>\n\n\n\n<p class=\"p1 wp-block-paragraph\">Por su parte, Javier Delgadillo Valdovinos, director del Instituto de Planeaci\u00f3n Municipal, enfatiz\u00f3 que el foro permitir\u00e1 dise\u00f1ar programas efectivos para atender las demandas de la poblaci\u00f3n.<\/p>\n\n\n\n<p class=\"p1 wp-block-paragraph\"><\/p>\n<div class=\"fb-background-color\">\n\t\t\t  <div \n\t\t\t  \tclass = \"fb-comments\" \n\t\t\t  \tdata-href = \"https:\/\/diarioavanzada.com.mx\/?p=66833\"\n\t\t\t  \tdata-numposts = \"10\"\n\t\t\t  \tdata-lazy = \"true\"\n\t\t\t\tdata-colorscheme = \"light\"\n\t\t\t\tdata-order-by = \"social\"\n\t\t\t\tdata-mobile=true>\n\t\t\t  <\/div><\/div>\n\t\t  <style>\n\t\t    .fb-background-color {\n\t\t\t\tbackground:  !important;\n\t\t\t}\n\t\t\t.fb_iframe_widget_fluid_desktop iframe {\n\t\t\t    width: 100% !important;\n\t\t\t}\n\t\t  <\/style>\n\t\t  ","protected":false},"excerpt":{"rendered":"<p>Colima, M\u00e9xico, Avanzada (28\/11\/2024).- Cerca de 200 personas de diversos sectores de la sociedad se dieron cita este jueves en el Foro de Consulta Democr\u00e1tica, convocado para integrar el Plan Municipal de Desarrollo 2024-2027. El evento, encabezado por el alcalde Riult Rivera Guti\u00e9rrez, busca definir las prioridades y estrategias que guiar\u00e1n su administraci\u00f3n. En el [&hellip;]<\/p>\n","protected":false},"author":7,"featured_media":66832,"comment_status":"closed","ping_status":"closed","sticky":false,"template":"","format":"standard","meta":{"_coblocks_attr":"","_coblocks_dimensions":"","_coblocks_responsive_height":"","_coblocks_accordion_ie_support":"","_crdt_document":"","advanced_seo_description":"","jetpack_seo_html_title":"","jetpack_seo_noindex":false,"_jetpack_memberships_contains_paid_content":false,"footnotes":""},"categories":[19,209],"tags":[],"class_list":["post-66833","post","type-post","status-publish","format-standard","has-post-thumbnail","hentry","category-colima","category-importantes"],"jetpack_featured_media_url":"https:\/\/diarioavanzada.com.mx\/wp-content\/uploads\/2024\/11\/img_0574-1.jpg","jetpack-related-posts":[],"jetpack_sharing_enabled":true,"amp_enabled":true,"_links":{"self":[{"href":"https:\/\/diarioavanzada.com.mx\/index.php?rest_route=\/wp\/v2\/posts\/66833","targetHints":{"allow":["GET"]}}],"collection":[{"href":"https:\/\/diarioavanzada.com.mx\/index.php?rest_route=\/wp\/v2\/posts"}],"about":[{"href":"https:\/\/diarioavanzada.com.mx\/index.php?rest_route=\/wp\/v2\/types\/post"}],"author":[{"embeddable":true,"href":"https:\/\/diarioavanzada.com.mx\/index.php?rest_route=\/wp\/v2\/users\/7"}],"replies":[{"embeddable":true,"href":"https:\/\/diarioavanzada.com.mx\/index.php?rest_route=%2Fwp%2Fv2%2Fcomments&post=66833"}],"version-history":[{"count":0,"href":"https:\/\/diarioavanzada.com.mx\/index.php?rest_route=\/wp\/v2\/posts\/66833\/revisions"}],"wp:featuredmedia":[{"embeddable":true,"href":"https:\/\/diarioavanzada.com.mx\/index.php?rest_route=\/wp\/v2\/media\/66832"}],"wp:attachment":[{"href":"https:\/\/diarioavanzada.com.mx\/index.php?rest_route=%2Fwp%2Fv2%2Fmedia&parent=66833"}],"wp:term":[{"taxonomy":"category","embeddable":true,"href":"https:\/\/diarioavanzada.com.mx\/index.php?rest_route=%2Fwp%2Fv2%2Fcategories&post=66833"},{"taxonomy":"post_tag","embeddable":true,"href":"https:\/\/diarioavanzada.com.mx\/index.php?rest_route=%2Fwp%2Fv2%2Ftags&post=66833"}],"curies":[{"name":"wp","href":"https:\/\/api.w.org\/{rel}","templated":true}]}}