{"id":66759,"date":"2024-11-27T21:31:45","date_gmt":"2024-11-28T03:31:45","guid":{"rendered":"https:\/\/diarioavanzada.com.mx\/?p=66759"},"modified":"2024-11-27T21:47:04","modified_gmt":"2024-11-28T03:47:04","slug":"vinculan-a-proceso-a-un-policia-por-torturar-y-asesinar-a-un-joven","status":"publish","type":"post","link":"https:\/\/diarioavanzada.com.mx\/?p=66759","title":{"rendered":"Vinculan a proceso a un polic\u00eda por tortura y muerte de un joven"},"content":{"rendered":"\n<p class=\"MsoNormal wp-block-paragraph\">Ciudad de M\u00e9xico, Comunicado (27\/11\/2024).- La Fiscal\u00eda General de la Rep\u00fablica (FGR), a trav\u00e9s de la Fiscal\u00eda Especializada en materia de Derechos Humanos (FEMDH), obtuvo vinculaci\u00f3n a proceso en contra de Juan \u201cR\u201d, quien se desempe\u00f1aba como elemento de la Polic\u00eda Especializada de Coahuila (PEC), derivado de su probable responsabilidad en la tortura y muerte de un joven en Saltillo, en esa entidad.&nbsp;&nbsp;&nbsp;<\/p>\n\n\n\n<p class=\"MsoNormal wp-block-paragraph\">Un Juez de Control con residencia en Torre\u00f3n, determin\u00f3 que los m\u00e1s de 60 datos de prueba presentados por el Ministerio P\u00fablico Federal (MPF), de la FEMDH, eran id\u00f3neos para establecer que el imputado en su car\u00e1cter de agente de la PEC, presuntamente particip\u00f3 en la detenci\u00f3n ilegal de la v\u00edctima con la finalidad de causarle da\u00f1o y torturarlo, caus\u00e1ndole lesiones en varias partes del cuerpo y agredi\u00e9ndolo sexualmente para despu\u00e9s liberarlo sin haberlo puesto a disposici\u00f3n de una autoridad competente. D\u00edas despu\u00e9s de la agresi\u00f3n y como consecuencia de las lesiones causadas por los elementos de la polic\u00eda, el joven falleci\u00f3.&nbsp;<\/p>\n\n\n\n<p class=\"MsoNormal wp-block-paragraph\">En consecuencia, el secuestro, la tortura, homicidio y violaci\u00f3n sexual equiparada de que fue v\u00edctima el joven, fueron considerados por la Fiscal\u00eda General de la Rep\u00fablica como un supuesto de trascendencia social para ejercer la facultad de atracci\u00f3n, con la finalidad de que los hechos no quedaran impunes.&nbsp;<\/p>\n\n\n\n<p class=\"MsoNormal wp-block-paragraph\">Juan &#8220;R&#8221;, qued\u00f3 vinculado a proceso por el delito de secuestro agravado de conformidad con lo dispuesto por los art\u00edculos 9 y 10, fracciones I y II, de la Ley General para Prevenir y Sancionar los Delitos en Materia de Secuestro, en los supuestos agravados en los que los hechos se cometieran por autoridades de una instituci\u00f3n de seguridad p\u00fablica, que se causaron lesiones graves, se realiz\u00f3 con tortura y con violencia sexual, y como consecuencia de los hechos se haya causado la muerte de la v\u00edctima.&nbsp;<\/p>\n\n\n\n<p class=\"MsoNormal wp-block-paragraph\">El juzgador determin\u00f3 un plazo de investigaci\u00f3n complementaria de dos meses y determin\u00f3 la prisi\u00f3n preventiva justificada para el imputado.<\/p>\n<div class=\"fb-background-color\">\n\t\t\t  <div \n\t\t\t  \tclass = \"fb-comments\" \n\t\t\t  \tdata-href = \"https:\/\/diarioavanzada.com.mx\/?p=66759\"\n\t\t\t  \tdata-numposts = \"10\"\n\t\t\t  \tdata-lazy = \"true\"\n\t\t\t\tdata-colorscheme = \"light\"\n\t\t\t\tdata-order-by = \"social\"\n\t\t\t\tdata-mobile=true>\n\t\t\t  <\/div><\/div>\n\t\t  <style>\n\t\t    .fb-background-color {\n\t\t\t\tbackground:  !important;\n\t\t\t}\n\t\t\t.fb_iframe_widget_fluid_desktop iframe {\n\t\t\t    width: 100% !important;\n\t\t\t}\n\t\t  <\/style>\n\t\t  ","protected":false},"excerpt":{"rendered":"<p>Ciudad de M\u00e9xico, Comunicado (27\/11\/2024).- La Fiscal\u00eda General de la Rep\u00fablica (FGR), a trav\u00e9s de la Fiscal\u00eda Especializada en materia de Derechos Humanos (FEMDH), obtuvo vinculaci\u00f3n a proceso en contra de Juan \u201cR\u201d, quien se desempe\u00f1aba como elemento de la Polic\u00eda Especializada de Coahuila (PEC), derivado de su probable responsabilidad en la tortura y muerte [&hellip;]<\/p>\n","protected":false},"author":7,"featured_media":66760,"comment_status":"closed","ping_status":"closed","sticky":false,"template":"","format":"standard","meta":{"_coblocks_attr":"","_coblocks_dimensions":"","_coblocks_responsive_height":"","_coblocks_accordion_ie_support":"","_crdt_document":"","advanced_seo_description":"","jetpack_seo_html_title":"","jetpack_seo_noindex":false,"_jetpack_memberships_contains_paid_content":false,"footnotes":""},"categories":[7],"tags":[],"class_list":["post-66759","post","type-post","status-publish","format-standard","has-post-thumbnail","hentry","category-noticias"],"jetpack_featured_media_url":"https:\/\/diarioavanzada.com.mx\/wp-content\/uploads\/2024\/11\/img_4728-1.jpg","jetpack-related-posts":[],"jetpack_sharing_enabled":true,"amp_enabled":true,"_links":{"self":[{"href":"https:\/\/diarioavanzada.com.mx\/index.php?rest_route=\/wp\/v2\/posts\/66759","targetHints":{"allow":["GET"]}}],"collection":[{"href":"https:\/\/diarioavanzada.com.mx\/index.php?rest_route=\/wp\/v2\/posts"}],"about":[{"href":"https:\/\/diarioavanzada.com.mx\/index.php?rest_route=\/wp\/v2\/types\/post"}],"author":[{"embeddable":true,"href":"https:\/\/diarioavanzada.com.mx\/index.php?rest_route=\/wp\/v2\/users\/7"}],"replies":[{"embeddable":true,"href":"https:\/\/diarioavanzada.com.mx\/index.php?rest_route=%2Fwp%2Fv2%2Fcomments&post=66759"}],"version-history":[{"count":3,"href":"https:\/\/diarioavanzada.com.mx\/index.php?rest_route=\/wp\/v2\/posts\/66759\/revisions"}],"predecessor-version":[{"id":66763,"href":"https:\/\/diarioavanzada.com.mx\/index.php?rest_route=\/wp\/v2\/posts\/66759\/revisions\/66763"}],"wp:featuredmedia":[{"embeddable":true,"href":"https:\/\/diarioavanzada.com.mx\/index.php?rest_route=\/wp\/v2\/media\/66760"}],"wp:attachment":[{"href":"https:\/\/diarioavanzada.com.mx\/index.php?rest_route=%2Fwp%2Fv2%2Fmedia&parent=66759"}],"wp:term":[{"taxonomy":"category","embeddable":true,"href":"https:\/\/diarioavanzada.com.mx\/index.php?rest_route=%2Fwp%2Fv2%2Fcategories&post=66759"},{"taxonomy":"post_tag","embeddable":true,"href":"https:\/\/diarioavanzada.com.mx\/index.php?rest_route=%2Fwp%2Fv2%2Ftags&post=66759"}],"curies":[{"name":"wp","href":"https:\/\/api.w.org\/{rel}","templated":true}]}}