{"id":66664,"date":"2024-11-27T12:32:45","date_gmt":"2024-11-27T18:32:45","guid":{"rendered":"https:\/\/diarioavanzada.com.mx\/?p=66664"},"modified":"2024-11-27T12:32:45","modified_gmt":"2024-11-27T18:32:45","slug":"se-busca-saira-desaparecio-en-manzanillo","status":"publish","type":"post","link":"https:\/\/diarioavanzada.com.mx\/?p=66664","title":{"rendered":"Se busca: Saira desapareci\u00f3 en Manzanillo"},"content":{"rendered":"\n<p class=\"p1 wp-block-paragraph\">Colima, M\u00e9xico, Avanzada \ufffc(27\/11\/2024).- La Comisi\u00f3n de B\u00fasqueda de Personas del Estado de Colima solicita el apoyo de la ciudadan\u00eda para localizar a Saira Daniela Victoria Victoriano, una joven de 17 a\u00f1os desaparecida en el municipio de Manzanillo.<\/p>\n\n\n\n<p class=\"p1 wp-block-paragraph\">De acuerdo con la informaci\u00f3n oficial, Saira fue vista por \u00faltima vez el pasado 25 de noviembre de 2024 y su desaparici\u00f3n fue reportada el 27 de noviembre.<\/p>\n\n\n\n<p class=\"p1 wp-block-paragraph\">Saira mide 1.62 metros, tiene el rostro redondo, nariz mediana y achatada, cabello corto, lacio y de color caf\u00e9 rojizo. Sus ojos son grandes y de color caf\u00e9, y su tez es blanca. Como se\u00f1as particulares, tiene un tatuaje de mariposas en la mano derecha. Al momento de su desaparici\u00f3n vest\u00eda una camiseta gris, pants negro y una sudadera azul.<\/p>\n\n\n\n<p class=\"p1 wp-block-paragraph\">La Comisi\u00f3n exhorta a quienes tengan informaci\u00f3n sobre su paradero a comunicarse al n\u00famero 312 131 3809.<\/p>\n\n\n\n<p class=\"p1 wp-block-paragraph\">La participaci\u00f3n de la ciudadan\u00eda es clave para su pronta localizaci\u00f3n.<\/p>\n\n\n\n<figure class=\"wp-block-image size-large\"><img loading=\"lazy\" decoding=\"async\" width=\"940\" height=\"788\" src=\"https:\/\/diarioavanzada.com.mx\/wp-content\/uploads\/2024\/11\/img_0486-1.jpg\" class=\"wp-image-66662\" srcset=\"https:\/\/diarioavanzada.com.mx\/wp-content\/uploads\/2024\/11\/img_0486-1.jpg 940w, https:\/\/diarioavanzada.com.mx\/wp-content\/uploads\/2024\/11\/img_0486-1-300x251.jpg 300w, https:\/\/diarioavanzada.com.mx\/wp-content\/uploads\/2024\/11\/img_0486-1-768x644.jpg 768w\" sizes=\"auto, (max-width: 940px) 100vw, 940px\" \/><\/figure>\n<div class=\"fb-background-color\">\n\t\t\t  <div \n\t\t\t  \tclass = \"fb-comments\" \n\t\t\t  \tdata-href = \"https:\/\/diarioavanzada.com.mx\/?p=66664\"\n\t\t\t  \tdata-numposts = \"10\"\n\t\t\t  \tdata-lazy = \"true\"\n\t\t\t\tdata-colorscheme = \"light\"\n\t\t\t\tdata-order-by = \"social\"\n\t\t\t\tdata-mobile=true>\n\t\t\t  <\/div><\/div>\n\t\t  <style>\n\t\t    .fb-background-color {\n\t\t\t\tbackground:  !important;\n\t\t\t}\n\t\t\t.fb_iframe_widget_fluid_desktop iframe {\n\t\t\t    width: 100% !important;\n\t\t\t}\n\t\t  <\/style>\n\t\t  ","protected":false},"excerpt":{"rendered":"<p>Colima, M\u00e9xico, Avanzada \ufffc(27\/11\/2024).- La Comisi\u00f3n de B\u00fasqueda de Personas del Estado de Colima solicita el apoyo de la ciudadan\u00eda para localizar a Saira Daniela Victoria Victoriano, una joven de 17 a\u00f1os desaparecida en el municipio de Manzanillo. De acuerdo con la informaci\u00f3n oficial, Saira fue vista por \u00faltima vez el pasado 25 de noviembre [&hellip;]<\/p>\n","protected":false},"author":7,"featured_media":66663,"comment_status":"closed","ping_status":"closed","sticky":false,"template":"","format":"standard","meta":{"_coblocks_attr":"","_coblocks_dimensions":"","_coblocks_responsive_height":"","_coblocks_accordion_ie_support":"","_crdt_document":"","advanced_seo_description":"","jetpack_seo_html_title":"","jetpack_seo_noindex":false,"_jetpack_memberships_contains_paid_content":false,"footnotes":""},"categories":[19,209,231],"tags":[],"class_list":["post-66664","post","type-post","status-publish","format-standard","has-post-thumbnail","hentry","category-colima","category-importantes","category-seguridad"],"jetpack_featured_media_url":"https:\/\/diarioavanzada.com.mx\/wp-content\/uploads\/2024\/11\/img_0487-1.jpg","jetpack-related-posts":[],"jetpack_sharing_enabled":true,"amp_enabled":true,"_links":{"self":[{"href":"https:\/\/diarioavanzada.com.mx\/index.php?rest_route=\/wp\/v2\/posts\/66664","targetHints":{"allow":["GET"]}}],"collection":[{"href":"https:\/\/diarioavanzada.com.mx\/index.php?rest_route=\/wp\/v2\/posts"}],"about":[{"href":"https:\/\/diarioavanzada.com.mx\/index.php?rest_route=\/wp\/v2\/types\/post"}],"author":[{"embeddable":true,"href":"https:\/\/diarioavanzada.com.mx\/index.php?rest_route=\/wp\/v2\/users\/7"}],"replies":[{"embeddable":true,"href":"https:\/\/diarioavanzada.com.mx\/index.php?rest_route=%2Fwp%2Fv2%2Fcomments&post=66664"}],"version-history":[{"count":0,"href":"https:\/\/diarioavanzada.com.mx\/index.php?rest_route=\/wp\/v2\/posts\/66664\/revisions"}],"wp:featuredmedia":[{"embeddable":true,"href":"https:\/\/diarioavanzada.com.mx\/index.php?rest_route=\/wp\/v2\/media\/66663"}],"wp:attachment":[{"href":"https:\/\/diarioavanzada.com.mx\/index.php?rest_route=%2Fwp%2Fv2%2Fmedia&parent=66664"}],"wp:term":[{"taxonomy":"category","embeddable":true,"href":"https:\/\/diarioavanzada.com.mx\/index.php?rest_route=%2Fwp%2Fv2%2Fcategories&post=66664"},{"taxonomy":"post_tag","embeddable":true,"href":"https:\/\/diarioavanzada.com.mx\/index.php?rest_route=%2Fwp%2Fv2%2Ftags&post=66664"}],"curies":[{"name":"wp","href":"https:\/\/api.w.org\/{rel}","templated":true}]}}