{"id":66635,"date":"2024-11-27T08:19:09","date_gmt":"2024-11-27T14:19:09","guid":{"rendered":"https:\/\/diarioavanzada.com.mx\/?p=66635"},"modified":"2024-11-27T08:19:09","modified_gmt":"2024-11-27T14:19:09","slug":"se-registra-un-incendio-en-una-casa-de-colima","status":"publish","type":"post","link":"https:\/\/diarioavanzada.com.mx\/?p=66635","title":{"rendered":"Se registra un incendio en una casa de Colima"},"content":{"rendered":"\n<p class=\"p1 wp-block-paragraph\">Colima, M\u00e9xico, Avanzada (27\/11\/2024).- Bomberos voluntarios de la estaci\u00f3n oriente, a bordo de la motobomba #46, sofocaron un incendio en una vivienda de la colonia Antorchista, en la ciudad de Colima. Gracias a su r\u00e1pida intervenci\u00f3n, se logr\u00f3 evitar que las llamas se propagaran a otros hogares.<\/p>\n\n\n\n<p class=\"p1 wp-block-paragraph\">Afortunadamente, no se reportaron personas lesionadas.<\/p>\n\n\n\n<figure class=\"wp-block-image size-large\"><img loading=\"lazy\" decoding=\"async\" width=\"1024\" height=\"768\" src=\"https:\/\/diarioavanzada.com.mx\/wp-content\/uploads\/2024\/11\/img_0458-1-1024x768.jpg\" class=\"wp-image-66631\" srcset=\"https:\/\/diarioavanzada.com.mx\/wp-content\/uploads\/2024\/11\/img_0458-1-1024x768.jpg 1024w, https:\/\/diarioavanzada.com.mx\/wp-content\/uploads\/2024\/11\/img_0458-1-300x225.jpg 300w, https:\/\/diarioavanzada.com.mx\/wp-content\/uploads\/2024\/11\/img_0458-1-768x576.jpg 768w, https:\/\/diarioavanzada.com.mx\/wp-content\/uploads\/2024\/11\/img_0458-1-1536x1152.jpg 1536w, https:\/\/diarioavanzada.com.mx\/wp-content\/uploads\/2024\/11\/img_0458-1.jpg 1600w\" sizes=\"auto, (max-width: 1024px) 100vw, 1024px\" \/><\/figure>\n\n\n\n<figure class=\"wp-block-image size-large\"><img loading=\"lazy\" decoding=\"async\" width=\"1024\" height=\"768\" src=\"https:\/\/diarioavanzada.com.mx\/wp-content\/uploads\/2024\/11\/img_0457-1-1024x768.jpg\" class=\"wp-image-66632\" srcset=\"https:\/\/diarioavanzada.com.mx\/wp-content\/uploads\/2024\/11\/img_0457-1-1024x768.jpg 1024w, https:\/\/diarioavanzada.com.mx\/wp-content\/uploads\/2024\/11\/img_0457-1-300x225.jpg 300w, https:\/\/diarioavanzada.com.mx\/wp-content\/uploads\/2024\/11\/img_0457-1-768x576.jpg 768w, https:\/\/diarioavanzada.com.mx\/wp-content\/uploads\/2024\/11\/img_0457-1-1536x1152.jpg 1536w, https:\/\/diarioavanzada.com.mx\/wp-content\/uploads\/2024\/11\/img_0457-1.jpg 1600w\" sizes=\"auto, (max-width: 1024px) 100vw, 1024px\" \/><\/figure>\n\n\n\n<figure class=\"wp-block-image size-large\"><img loading=\"lazy\" decoding=\"async\" width=\"1024\" height=\"768\" src=\"https:\/\/diarioavanzada.com.mx\/wp-content\/uploads\/2024\/11\/img_0456-1-1024x768.jpg\" class=\"wp-image-66633\" srcset=\"https:\/\/diarioavanzada.com.mx\/wp-content\/uploads\/2024\/11\/img_0456-1-1024x768.jpg 1024w, https:\/\/diarioavanzada.com.mx\/wp-content\/uploads\/2024\/11\/img_0456-1-300x225.jpg 300w, https:\/\/diarioavanzada.com.mx\/wp-content\/uploads\/2024\/11\/img_0456-1-768x576.jpg 768w, https:\/\/diarioavanzada.com.mx\/wp-content\/uploads\/2024\/11\/img_0456-1-1536x1152.jpg 1536w, https:\/\/diarioavanzada.com.mx\/wp-content\/uploads\/2024\/11\/img_0456-1.jpg 1600w\" sizes=\"auto, (max-width: 1024px) 100vw, 1024px\" \/><\/figure>\n<div class=\"fb-background-color\">\n\t\t\t  <div \n\t\t\t  \tclass = \"fb-comments\" \n\t\t\t  \tdata-href = \"https:\/\/diarioavanzada.com.mx\/?p=66635\"\n\t\t\t  \tdata-numposts = \"10\"\n\t\t\t  \tdata-lazy = \"true\"\n\t\t\t\tdata-colorscheme = \"light\"\n\t\t\t\tdata-order-by = \"social\"\n\t\t\t\tdata-mobile=true>\n\t\t\t  <\/div><\/div>\n\t\t  <style>\n\t\t    .fb-background-color {\n\t\t\t\tbackground:  !important;\n\t\t\t}\n\t\t\t.fb_iframe_widget_fluid_desktop iframe {\n\t\t\t    width: 100% !important;\n\t\t\t}\n\t\t  <\/style>\n\t\t  ","protected":false},"excerpt":{"rendered":"<p>Colima, M\u00e9xico, Avanzada (27\/11\/2024).- Bomberos voluntarios de la estaci\u00f3n oriente, a bordo de la motobomba #46, sofocaron un incendio en una vivienda de la colonia Antorchista, en la ciudad de Colima. Gracias a su r\u00e1pida intervenci\u00f3n, se logr\u00f3 evitar que las llamas se propagaran a otros hogares. Afortunadamente, no se reportaron personas lesionadas.<\/p>\n","protected":false},"author":7,"featured_media":66634,"comment_status":"closed","ping_status":"closed","sticky":false,"template":"","format":"standard","meta":{"_coblocks_attr":"","_coblocks_dimensions":"","_coblocks_responsive_height":"","_coblocks_accordion_ie_support":"","_crdt_document":"","advanced_seo_description":"","jetpack_seo_html_title":"","jetpack_seo_noindex":false,"_jetpack_memberships_contains_paid_content":false,"footnotes":""},"categories":[19,297,209,231],"tags":[],"class_list":["post-66635","post","type-post","status-publish","format-standard","has-post-thumbnail","hentry","category-colima","category-fotonotas-y-videos","category-importantes","category-seguridad"],"jetpack_featured_media_url":"https:\/\/diarioavanzada.com.mx\/wp-content\/uploads\/2024\/11\/img_0459-2-1.jpg","jetpack-related-posts":[],"jetpack_sharing_enabled":true,"amp_enabled":true,"_links":{"self":[{"href":"https:\/\/diarioavanzada.com.mx\/index.php?rest_route=\/wp\/v2\/posts\/66635","targetHints":{"allow":["GET"]}}],"collection":[{"href":"https:\/\/diarioavanzada.com.mx\/index.php?rest_route=\/wp\/v2\/posts"}],"about":[{"href":"https:\/\/diarioavanzada.com.mx\/index.php?rest_route=\/wp\/v2\/types\/post"}],"author":[{"embeddable":true,"href":"https:\/\/diarioavanzada.com.mx\/index.php?rest_route=\/wp\/v2\/users\/7"}],"replies":[{"embeddable":true,"href":"https:\/\/diarioavanzada.com.mx\/index.php?rest_route=%2Fwp%2Fv2%2Fcomments&post=66635"}],"version-history":[{"count":0,"href":"https:\/\/diarioavanzada.com.mx\/index.php?rest_route=\/wp\/v2\/posts\/66635\/revisions"}],"wp:featuredmedia":[{"embeddable":true,"href":"https:\/\/diarioavanzada.com.mx\/index.php?rest_route=\/wp\/v2\/media\/66634"}],"wp:attachment":[{"href":"https:\/\/diarioavanzada.com.mx\/index.php?rest_route=%2Fwp%2Fv2%2Fmedia&parent=66635"}],"wp:term":[{"taxonomy":"category","embeddable":true,"href":"https:\/\/diarioavanzada.com.mx\/index.php?rest_route=%2Fwp%2Fv2%2Fcategories&post=66635"},{"taxonomy":"post_tag","embeddable":true,"href":"https:\/\/diarioavanzada.com.mx\/index.php?rest_route=%2Fwp%2Fv2%2Ftags&post=66635"}],"curies":[{"name":"wp","href":"https:\/\/api.w.org\/{rel}","templated":true}]}}